{"id":6202,"date":"2019-03-26T19:32:49","date_gmt":"2019-03-26T19:32:49","guid":{"rendered":"http:\/\/psoecanarias.com\/web\/?p=6202"},"modified":"2019-03-26T19:32:49","modified_gmt":"2019-03-26T19:32:49","slug":"el-psoe-ve-como-un-fracaso-mas-de-clavijo-que-canarias-sea-la-ultima-en-atraer-el-talento","status":"publish","type":"post","link":"https:\/\/psoecanarias.com\/web\/el-psoe-ve-como-un-fracaso-mas-de-clavijo-que-canarias-sea-la-ultima-en-atraer-el-talento\/","title":{"rendered":"El PSOE ve como un fracaso m\u00e1s de Clavijo que Canarias sea la \u00faltima en atraer el talento"},"content":{"rendered":"<p>La portavoz del Grupo Parlamentario Socialista, Dolores Corujo, afirm\u00f3 este martes que si Canarias es la \u00faltima de Espa\u00f1a en el mapa del talento es debido a un nuevo fracaso de Fernando Clavijo en su labor de Gobierno y en su gesti\u00f3n del modelo econ\u00f3mico por el que dice que apuesta.<\/p>\n<p>&nbsp;<\/p>\n<p>Como record\u00f3 en el pleno de la C\u00e1mara, recientemente se ha hecho p\u00fablico el Informe Cotec sobre el mapa del talento en Espa\u00f1a, que se\u00f1ala que Canarias tiene \u201ccondiciones favorables para la atracci\u00f3n de talento que no compensan el amplio d\u00e9ficit del resto de pilares\u201d.<\/p>\n<p>&nbsp;<\/p>\n<p>En el documento se destaca que Canarias cae estrepitosamente en apartados clave como la educaci\u00f3n formal o la facilidad para el aprendizaje una vez acabado el proceso formativo. Asimismo, suspende de manera escandalosa en el entorno regulatorio, convirti\u00e9ndose en la comunidad aut\u00f3noma con menor capacidad para generar, atraer y retener talento.<\/p>\n<p>&nbsp;<\/p>\n<p>\u201cTalento es lo que le ha faltado a este Gobierno, lo que ha dejado a Canarias, una vez m\u00e1s, como campeona absoluta en un nuevo apartado del ranking negativo al que CC la ha condenado\u201d, dijo. Se\u00f1al\u00f3 que si el presidente \u201chubiera puesto la pasi\u00f3n que puso en liberalizar el suelo en mirar hacia los problemas cotidianos de nuestras empresas, hoy ser\u00edamos m\u00e1s capaces de formar, atraer y retener talento\u201d.<\/p>\n<p>&nbsp;<\/p>\n<p>Indic\u00f3 que las trabas burocr\u00e1ticas que frenan el desarrollo de Canarias \u201cno tienen nada que ver con las ansias urbanizadoras de los amigos de Clavijo, pero claro, las peque\u00f1as empresas que generan oportunidades para todos y no para un peque\u00f1o clan de privilegiados no se benefician de la mirada atenta del presidente\u201d.<\/p>\n<p>&nbsp;<\/p>\n<p>Dolores Corujo lament\u00f3 que esta legislatura se haya hecho \u201cdemasiado larga, con un presidente ocupado exclusivamente en sobrevivir mientras su Gobierno languidece y Canarias espera\u201d.<\/p>\n<p>&nbsp;<\/p>\n<p>&nbsp;<\/p>\n<p>&nbsp;<\/p>\n<p>&nbsp;<\/p>\n<p>&nbsp;<\/p>\n","protected":false},"excerpt":{"rendered":"<p>La portavoz del Grupo Parlamentario Socialista, Dolores Corujo, afirm\u00f3 este martes que si Canarias es la \u00faltima de Espa\u00f1a en el mapa del talento es debido a un nuevo fracaso de Fernando Clavijo en su labor de Gobierno y en su gesti\u00f3n del modelo econ\u00f3mico por el que dice que apuesta. &nbsp; Como record\u00f3 en [&hellip;]<\/p>\n","protected":false},"author":1,"featured_media":8406,"comment_status":"open","ping_status":"open","sticky":false,"template":"","format":"standard","meta":{"footnotes":""},"categories":[7],"tags":[],"class_list":["post-6202","post","type-post","status-publish","format-standard","has-post-thumbnail","hentry","category-politica"],"featured_image_src":"https:\/\/psoecanarias.com\/web\/wp-content\/uploads\/2020\/03\/thumb_noimages.jpg","author_info":{"display_name":"PSOE Canarias","author_link":"https:\/\/psoecanarias.com\/web\/author\/admin\/"},"yoast_head":"<!-- This site is optimized with the Yoast SEO plugin v27.2 - https:\/\/yoast.com\/product\/yoast-seo-wordpress\/ -->\n<title>El PSOE ve como un fracaso m\u00e1s de Clavijo que Canarias sea la \u00faltima en atraer el talento | PSOE Canarias<\/title>\n<meta name=\"robots\" content=\"index, follow, max-snippet:-1, max-image-preview:large, max-video-preview:-1\" \/>\n<link rel=\"canonical\" href=\"https:\/\/psoecanarias.com\/web\/el-psoe-ve-como-un-fracaso-mas-de-clavijo-que-canarias-sea-la-ultima-en-atraer-el-talento\/\" \/>\n<meta property=\"og:locale\" content=\"es_ES\" \/>\n<meta property=\"og:type\" content=\"article\" \/>\n<meta property=\"og:title\" content=\"El PSOE ve como un fracaso m\u00e1s de Clavijo que Canarias sea la \u00faltima en atraer el talento | PSOE Canarias\" \/>\n<meta property=\"og:description\" content=\"La portavoz del Grupo Parlamentario Socialista, Dolores Corujo, afirm\u00f3 este martes que si Canarias es la \u00faltima de Espa\u00f1a en el mapa del talento es debido a un nuevo fracaso de Fernando Clavijo en su labor de Gobierno y en su gesti\u00f3n del modelo econ\u00f3mico por el que dice que apuesta. &nbsp; Como record\u00f3 en [&hellip;]\" \/>\n<meta property=\"og:url\" content=\"https:\/\/psoecanarias.com\/web\/el-psoe-ve-como-un-fracaso-mas-de-clavijo-que-canarias-sea-la-ultima-en-atraer-el-talento\/\" \/>\n<meta property=\"og:site_name\" content=\"PSOE Canarias\" \/>\n<meta property=\"article:published_time\" content=\"2019-03-26T19:32:49+00:00\" \/>\n<meta property=\"og:image\" content=\"https:\/\/psoecanarias.com\/web\/wp-content\/uploads\/2020\/03\/thumb_noimages.jpg\" \/>\n\t<meta property=\"og:image:width\" content=\"303\" \/>\n\t<meta property=\"og:image:height\" content=\"200\" \/>\n\t<meta property=\"og:image:type\" content=\"image\/jpeg\" \/>\n<meta name=\"author\" content=\"PSOE Canarias\" \/>\n<meta name=\"twitter:card\" content=\"summary_large_image\" \/>\n<script type=\"application\/ld+json\" class=\"yoast-schema-graph\">{\"@context\":\"https:\/\/schema.org\",\"@graph\":[{\"@type\":\"Article\",\"@id\":\"https:\/\/psoecanarias.com\/web\/el-psoe-ve-como-un-fracaso-mas-de-clavijo-que-canarias-sea-la-ultima-en-atraer-el-talento\/#article\",\"isPartOf\":{\"@id\":\"https:\/\/psoecanarias.com\/web\/el-psoe-ve-como-un-fracaso-mas-de-clavijo-que-canarias-sea-la-ultima-en-atraer-el-talento\/\"},\"author\":{\"name\":\"PSOE Canarias\",\"@id\":\"https:\/\/psoecanarias.com\/web\/#\/schema\/person\/1ae43f9659d2fc599ca69c11e1dbf26f\"},\"headline\":\"El PSOE ve como un fracaso m\u00e1s de Clavijo que Canarias sea la \u00faltima en atraer el talento\",\"datePublished\":\"2019-03-26T19:32:49+00:00\",\"mainEntityOfPage\":{\"@id\":\"https:\/\/psoecanarias.com\/web\/el-psoe-ve-como-un-fracaso-mas-de-clavijo-que-canarias-sea-la-ultima-en-atraer-el-talento\/\"},\"wordCount\":343,\"commentCount\":0,\"image\":{\"@id\":\"https:\/\/psoecanarias.com\/web\/el-psoe-ve-como-un-fracaso-mas-de-clavijo-que-canarias-sea-la-ultima-en-atraer-el-talento\/#primaryimage\"},\"thumbnailUrl\":\"https:\/\/psoecanarias.com\/web\/wp-content\/uploads\/2020\/03\/thumb_noimages.jpg\",\"articleSection\":[\"Pol\u00edtica\"],\"inLanguage\":\"es\",\"potentialAction\":[{\"@type\":\"CommentAction\",\"name\":\"Comment\",\"target\":[\"https:\/\/psoecanarias.com\/web\/el-psoe-ve-como-un-fracaso-mas-de-clavijo-que-canarias-sea-la-ultima-en-atraer-el-talento\/#respond\"]}]},{\"@type\":\"WebPage\",\"@id\":\"https:\/\/psoecanarias.com\/web\/el-psoe-ve-como-un-fracaso-mas-de-clavijo-que-canarias-sea-la-ultima-en-atraer-el-talento\/\",\"url\":\"https:\/\/psoecanarias.com\/web\/el-psoe-ve-como-un-fracaso-mas-de-clavijo-que-canarias-sea-la-ultima-en-atraer-el-talento\/\",\"name\":\"El PSOE ve como un fracaso m\u00e1s de Clavijo que Canarias sea la \u00faltima en atraer el talento | PSOE Canarias\",\"isPartOf\":{\"@id\":\"https:\/\/psoecanarias.com\/web\/#website\"},\"primaryImageOfPage\":{\"@id\":\"https:\/\/psoecanarias.com\/web\/el-psoe-ve-como-un-fracaso-mas-de-clavijo-que-canarias-sea-la-ultima-en-atraer-el-talento\/#primaryimage\"},\"image\":{\"@id\":\"https:\/\/psoecanarias.com\/web\/el-psoe-ve-como-un-fracaso-mas-de-clavijo-que-canarias-sea-la-ultima-en-atraer-el-talento\/#primaryimage\"},\"thumbnailUrl\":\"https:\/\/psoecanarias.com\/web\/wp-content\/uploads\/2020\/03\/thumb_noimages.jpg\",\"datePublished\":\"2019-03-26T19:32:49+00:00\",\"author\":{\"@id\":\"https:\/\/psoecanarias.com\/web\/#\/schema\/person\/1ae43f9659d2fc599ca69c11e1dbf26f\"},\"breadcrumb\":{\"@id\":\"https:\/\/psoecanarias.com\/web\/el-psoe-ve-como-un-fracaso-mas-de-clavijo-que-canarias-sea-la-ultima-en-atraer-el-talento\/#breadcrumb\"},\"inLanguage\":\"es\",\"potentialAction\":[{\"@type\":\"ReadAction\",\"target\":[\"https:\/\/psoecanarias.com\/web\/el-psoe-ve-como-un-fracaso-mas-de-clavijo-que-canarias-sea-la-ultima-en-atraer-el-talento\/\"]}]},{\"@type\":\"ImageObject\",\"inLanguage\":\"es\",\"@id\":\"https:\/\/psoecanarias.com\/web\/el-psoe-ve-como-un-fracaso-mas-de-clavijo-que-canarias-sea-la-ultima-en-atraer-el-talento\/#primaryimage\",\"url\":\"https:\/\/psoecanarias.com\/web\/wp-content\/uploads\/2020\/03\/thumb_noimages.jpg\",\"contentUrl\":\"https:\/\/psoecanarias.com\/web\/wp-content\/uploads\/2020\/03\/thumb_noimages.jpg\",\"width\":303,\"height\":200},{\"@type\":\"BreadcrumbList\",\"@id\":\"https:\/\/psoecanarias.com\/web\/el-psoe-ve-como-un-fracaso-mas-de-clavijo-que-canarias-sea-la-ultima-en-atraer-el-talento\/#breadcrumb\",\"itemListElement\":[{\"@type\":\"ListItem\",\"position\":1,\"name\":\"Portada\",\"item\":\"https:\/\/psoecanarias.com\/web\/\"},{\"@type\":\"ListItem\",\"position\":2,\"name\":\"El PSOE ve como un fracaso m\u00e1s de Clavijo que Canarias sea la \u00faltima en atraer el talento\"}]},{\"@type\":\"WebSite\",\"@id\":\"https:\/\/psoecanarias.com\/web\/#website\",\"url\":\"https:\/\/psoecanarias.com\/web\/\",\"name\":\"PSOE Canarias\",\"description\":\"Partido Socialista Obrero Espa\u00f1ol Canarias\",\"potentialAction\":[{\"@type\":\"SearchAction\",\"target\":{\"@type\":\"EntryPoint\",\"urlTemplate\":\"https:\/\/psoecanarias.com\/web\/?s={search_term_string}\"},\"query-input\":{\"@type\":\"PropertyValueSpecification\",\"valueRequired\":true,\"valueName\":\"search_term_string\"}}],\"inLanguage\":\"es\"},{\"@type\":\"Person\",\"@id\":\"https:\/\/psoecanarias.com\/web\/#\/schema\/person\/1ae43f9659d2fc599ca69c11e1dbf26f\",\"name\":\"PSOE Canarias\",\"image\":{\"@type\":\"ImageObject\",\"inLanguage\":\"es\",\"@id\":\"https:\/\/secure.gravatar.com\/avatar\/4364d37f6f6f9cdb7af199b46151565f37d8a8c3c0e04c1d78c04e857a15e3a8?s=96&d=mm&r=g\",\"url\":\"https:\/\/secure.gravatar.com\/avatar\/4364d37f6f6f9cdb7af199b46151565f37d8a8c3c0e04c1d78c04e857a15e3a8?s=96&d=mm&r=g\",\"contentUrl\":\"https:\/\/secure.gravatar.com\/avatar\/4364d37f6f6f9cdb7af199b46151565f37d8a8c3c0e04c1d78c04e857a15e3a8?s=96&d=mm&r=g\",\"caption\":\"PSOE Canarias\"},\"url\":\"https:\/\/psoecanarias.com\/web\/author\/admin\/\"}]}<\/script>\n<!-- \/ Yoast SEO plugin. -->","yoast_head_json":{"title":"El PSOE ve como un fracaso m\u00e1s de Clavijo que Canarias sea la \u00faltima en atraer el talento | PSOE Canarias","robots":{"index":"index","follow":"follow","max-snippet":"max-snippet:-1","max-image-preview":"max-image-preview:large","max-video-preview":"max-video-preview:-1"},"canonical":"https:\/\/psoecanarias.com\/web\/el-psoe-ve-como-un-fracaso-mas-de-clavijo-que-canarias-sea-la-ultima-en-atraer-el-talento\/","og_locale":"es_ES","og_type":"article","og_title":"El PSOE ve como un fracaso m\u00e1s de Clavijo que Canarias sea la \u00faltima en atraer el talento | PSOE Canarias","og_description":"La portavoz del Grupo Parlamentario Socialista, Dolores Corujo, afirm\u00f3 este martes que si Canarias es la \u00faltima de Espa\u00f1a en el mapa del talento es debido a un nuevo fracaso de Fernando Clavijo en su labor de Gobierno y en su gesti\u00f3n del modelo econ\u00f3mico por el que dice que apuesta. &nbsp; Como record\u00f3 en [&hellip;]","og_url":"https:\/\/psoecanarias.com\/web\/el-psoe-ve-como-un-fracaso-mas-de-clavijo-que-canarias-sea-la-ultima-en-atraer-el-talento\/","og_site_name":"PSOE Canarias","article_published_time":"2019-03-26T19:32:49+00:00","og_image":[{"width":303,"height":200,"url":"https:\/\/psoecanarias.com\/web\/wp-content\/uploads\/2020\/03\/thumb_noimages.jpg","type":"image\/jpeg"}],"author":"PSOE Canarias","twitter_card":"summary_large_image","schema":{"@context":"https:\/\/schema.org","@graph":[{"@type":"Article","@id":"https:\/\/psoecanarias.com\/web\/el-psoe-ve-como-un-fracaso-mas-de-clavijo-que-canarias-sea-la-ultima-en-atraer-el-talento\/#article","isPartOf":{"@id":"https:\/\/psoecanarias.com\/web\/el-psoe-ve-como-un-fracaso-mas-de-clavijo-que-canarias-sea-la-ultima-en-atraer-el-talento\/"},"author":{"name":"PSOE Canarias","@id":"https:\/\/psoecanarias.com\/web\/#\/schema\/person\/1ae43f9659d2fc599ca69c11e1dbf26f"},"headline":"El PSOE ve como un fracaso m\u00e1s de Clavijo que Canarias sea la \u00faltima en atraer el talento","datePublished":"2019-03-26T19:32:49+00:00","mainEntityOfPage":{"@id":"https:\/\/psoecanarias.com\/web\/el-psoe-ve-como-un-fracaso-mas-de-clavijo-que-canarias-sea-la-ultima-en-atraer-el-talento\/"},"wordCount":343,"commentCount":0,"image":{"@id":"https:\/\/psoecanarias.com\/web\/el-psoe-ve-como-un-fracaso-mas-de-clavijo-que-canarias-sea-la-ultima-en-atraer-el-talento\/#primaryimage"},"thumbnailUrl":"https:\/\/psoecanarias.com\/web\/wp-content\/uploads\/2020\/03\/thumb_noimages.jpg","articleSection":["Pol\u00edtica"],"inLanguage":"es","potentialAction":[{"@type":"CommentAction","name":"Comment","target":["https:\/\/psoecanarias.com\/web\/el-psoe-ve-como-un-fracaso-mas-de-clavijo-que-canarias-sea-la-ultima-en-atraer-el-talento\/#respond"]}]},{"@type":"WebPage","@id":"https:\/\/psoecanarias.com\/web\/el-psoe-ve-como-un-fracaso-mas-de-clavijo-que-canarias-sea-la-ultima-en-atraer-el-talento\/","url":"https:\/\/psoecanarias.com\/web\/el-psoe-ve-como-un-fracaso-mas-de-clavijo-que-canarias-sea-la-ultima-en-atraer-el-talento\/","name":"El PSOE ve como un fracaso m\u00e1s de Clavijo que Canarias sea la \u00faltima en atraer el talento | PSOE Canarias","isPartOf":{"@id":"https:\/\/psoecanarias.com\/web\/#website"},"primaryImageOfPage":{"@id":"https:\/\/psoecanarias.com\/web\/el-psoe-ve-como-un-fracaso-mas-de-clavijo-que-canarias-sea-la-ultima-en-atraer-el-talento\/#primaryimage"},"image":{"@id":"https:\/\/psoecanarias.com\/web\/el-psoe-ve-como-un-fracaso-mas-de-clavijo-que-canarias-sea-la-ultima-en-atraer-el-talento\/#primaryimage"},"thumbnailUrl":"https:\/\/psoecanarias.com\/web\/wp-content\/uploads\/2020\/03\/thumb_noimages.jpg","datePublished":"2019-03-26T19:32:49+00:00","author":{"@id":"https:\/\/psoecanarias.com\/web\/#\/schema\/person\/1ae43f9659d2fc599ca69c11e1dbf26f"},"breadcrumb":{"@id":"https:\/\/psoecanarias.com\/web\/el-psoe-ve-como-un-fracaso-mas-de-clavijo-que-canarias-sea-la-ultima-en-atraer-el-talento\/#breadcrumb"},"inLanguage":"es","potentialAction":[{"@type":"ReadAction","target":["https:\/\/psoecanarias.com\/web\/el-psoe-ve-como-un-fracaso-mas-de-clavijo-que-canarias-sea-la-ultima-en-atraer-el-talento\/"]}]},{"@type":"ImageObject","inLanguage":"es","@id":"https:\/\/psoecanarias.com\/web\/el-psoe-ve-como-un-fracaso-mas-de-clavijo-que-canarias-sea-la-ultima-en-atraer-el-talento\/#primaryimage","url":"https:\/\/psoecanarias.com\/web\/wp-content\/uploads\/2020\/03\/thumb_noimages.jpg","contentUrl":"https:\/\/psoecanarias.com\/web\/wp-content\/uploads\/2020\/03\/thumb_noimages.jpg","width":303,"height":200},{"@type":"BreadcrumbList","@id":"https:\/\/psoecanarias.com\/web\/el-psoe-ve-como-un-fracaso-mas-de-clavijo-que-canarias-sea-la-ultima-en-atraer-el-talento\/#breadcrumb","itemListElement":[{"@type":"ListItem","position":1,"name":"Portada","item":"https:\/\/psoecanarias.com\/web\/"},{"@type":"ListItem","position":2,"name":"El PSOE ve como un fracaso m\u00e1s de Clavijo que Canarias sea la \u00faltima en atraer el talento"}]},{"@type":"WebSite","@id":"https:\/\/psoecanarias.com\/web\/#website","url":"https:\/\/psoecanarias.com\/web\/","name":"PSOE Canarias","description":"Partido Socialista Obrero Espa\u00f1ol Canarias","potentialAction":[{"@type":"SearchAction","target":{"@type":"EntryPoint","urlTemplate":"https:\/\/psoecanarias.com\/web\/?s={search_term_string}"},"query-input":{"@type":"PropertyValueSpecification","valueRequired":true,"valueName":"search_term_string"}}],"inLanguage":"es"},{"@type":"Person","@id":"https:\/\/psoecanarias.com\/web\/#\/schema\/person\/1ae43f9659d2fc599ca69c11e1dbf26f","name":"PSOE Canarias","image":{"@type":"ImageObject","inLanguage":"es","@id":"https:\/\/secure.gravatar.com\/avatar\/4364d37f6f6f9cdb7af199b46151565f37d8a8c3c0e04c1d78c04e857a15e3a8?s=96&d=mm&r=g","url":"https:\/\/secure.gravatar.com\/avatar\/4364d37f6f6f9cdb7af199b46151565f37d8a8c3c0e04c1d78c04e857a15e3a8?s=96&d=mm&r=g","contentUrl":"https:\/\/secure.gravatar.com\/avatar\/4364d37f6f6f9cdb7af199b46151565f37d8a8c3c0e04c1d78c04e857a15e3a8?s=96&d=mm&r=g","caption":"PSOE Canarias"},"url":"https:\/\/psoecanarias.com\/web\/author\/admin\/"}]}},"_links":{"self":[{"href":"https:\/\/psoecanarias.com\/web\/wp-json\/wp\/v2\/posts\/6202","targetHints":{"allow":["GET"]}}],"collection":[{"href":"https:\/\/psoecanarias.com\/web\/wp-json\/wp\/v2\/posts"}],"about":[{"href":"https:\/\/psoecanarias.com\/web\/wp-json\/wp\/v2\/types\/post"}],"author":[{"embeddable":true,"href":"https:\/\/psoecanarias.com\/web\/wp-json\/wp\/v2\/users\/1"}],"replies":[{"embeddable":true,"href":"https:\/\/psoecanarias.com\/web\/wp-json\/wp\/v2\/comments?post=6202"}],"version-history":[{"count":1,"href":"https:\/\/psoecanarias.com\/web\/wp-json\/wp\/v2\/posts\/6202\/revisions"}],"predecessor-version":[{"id":6204,"href":"https:\/\/psoecanarias.com\/web\/wp-json\/wp\/v2\/posts\/6202\/revisions\/6204"}],"wp:featuredmedia":[{"embeddable":true,"href":"https:\/\/psoecanarias.com\/web\/wp-json\/wp\/v2\/media\/8406"}],"wp:attachment":[{"href":"https:\/\/psoecanarias.com\/web\/wp-json\/wp\/v2\/media?parent=6202"}],"wp:term":[{"taxonomy":"category","embeddable":true,"href":"https:\/\/psoecanarias.com\/web\/wp-json\/wp\/v2\/categories?post=6202"},{"taxonomy":"post_tag","embeddable":true,"href":"https:\/\/psoecanarias.com\/web\/wp-json\/wp\/v2\/tags?post=6202"}],"curies":[{"name":"wp","href":"https:\/\/api.w.org\/{rel}","templated":true}]}}