{"id":6205,"date":"2019-03-26T19:38:05","date_gmt":"2019-03-26T19:38:05","guid":{"rendered":"http:\/\/psoecanarias.com\/web\/?p=6205"},"modified":"2019-03-26T19:38:05","modified_gmt":"2019-03-26T19:38:05","slug":"el-psoe-exige-a-valido-que-resuelva-urgentemente-la-concesion-de-subvenciones-a-entidades-del-tercer-sector","status":"publish","type":"post","link":"https:\/\/psoecanarias.com\/web\/el-psoe-exige-a-valido-que-resuelva-urgentemente-la-concesion-de-subvenciones-a-entidades-del-tercer-sector\/","title":{"rendered":"El PSOE exige a Valido que resuelva urgentemente la concesi\u00f3n de subvenciones a entidades del tercer sector"},"content":{"rendered":"<p>La diputada del PSOE Ventura del Carmen Rodr\u00edguez exigi\u00f3 hoy a la consejera de Pol\u00edtica Social del Gobierno de Canarias, Cristina Valido, que agilice urgentemente los tr\u00e1mites para la concesi\u00f3n de subvenciones a entidades del tercer sector con cargo a la asignaci\u00f3n tributaria del 0,7 del IRPF que est\u00e1 en fase de subsanaci\u00f3n.<\/p>\n<p>&nbsp;<\/p>\n<p>En sesi\u00f3n plenaria, acus\u00f3 al Gobierno de CC de \u201cdesatender a miles de personas que est\u00e1n en situaci\u00f3n de exclusi\u00f3n social en Canarias\u201d por no resolver estas subvenciones que se otorgan a los colectivos que desarrollan programas de inserci\u00f3n. \u201cHablamos de decenas de asociaciones que se est\u00e1n viendo afectadas, como por ejemplo la Asociaci\u00f3n de Mujeres Gara de La Gomera, que ha tenido que cerrar sus puertas\u201d, explic\u00f3.<\/p>\n<p>&nbsp;<\/p>\n<p>La parlamentaria del PSOE habl\u00f3 del problema que representa que estas entidades no tengan capacidad para cofinanciar. Se\u00f1al\u00f3 que Canarias es la \u00fanica comunidad aut\u00f3noma que obliga a una cofinanciaci\u00f3n del 20 por ciento y critic\u00f3 que haya eliminado de la convocatoria la v\u00eda de financiaci\u00f3n a proyectos de trabajo con mujeres. \u201cLa pobreza tiene rostro de mujer y es urgente actuar a trav\u00e9s de las entidades que llevan a\u00f1os atendiendo a estas mujeres y familias. No pueden quedarse tiradas\u201d.<\/p>\n<p>&nbsp;<\/p>\n<p><strong>TRABAJO PARALIZADO<\/strong><\/p>\n<p>&nbsp;<\/p>\n<p>Como record\u00f3, se trata de unos fondos cuya convocatoria sale en diciembre y que son percibidos por las entidades en enero o febrero para poder desarrollar programas de inserci\u00f3n laboral, para personas en exclusi\u00f3n social, drogodependencia, empleo, etc\u00e9tera. \u201cEste trabajo est\u00e1 paralizado, pese a un presupuesto de 6,9 millones de euros para esta convocatoria\u201d. Ventura del Carmen Rodr\u00edguez hizo hincapi\u00e9 en que hay \u201cmuch\u00edsimas personas en riesgo de exclusi\u00f3n que lo est\u00e1n pasando muy mal y que est\u00e1n siendo desatendidas\u201d.<\/p>\n<p>&nbsp;<\/p>\n<p>En su intervenci\u00f3n, insisti\u00f3 en el problema de la cofinanciaci\u00f3n. \u201c\u00bfDe d\u00f3nde pretenden que la saquen?\u201d, pregunt\u00f3 a la consejera en el pleno de la C\u00e1mara, donde volvi\u00f3 a subrayar la gravedad de que el Gobierno canario haya eliminado de esta convocatoria la v\u00eda de financiaci\u00f3n a los proyectos que plantean trabajo con mujeres en riesgo exclusi\u00f3n social. \u201cEsto forzar\u00e1 a que los ayuntamientos, a trav\u00e9s de los fondos del pacto contra la violencia de g\u00e9nero, intenten ayudar a estas entidades que trabajan en toda Canarias, en todos los municipios\u201d, advirti\u00f3.<\/p>\n<p>&nbsp;<\/p>\n<p>&nbsp;<\/p>\n<p>&nbsp;<\/p>\n<p>&nbsp;<\/p>\n","protected":false},"excerpt":{"rendered":"<p>La diputada del PSOE Ventura del Carmen Rodr\u00edguez exigi\u00f3 hoy a la consejera de Pol\u00edtica Social del Gobierno de Canarias, Cristina Valido, que agilice urgentemente los tr\u00e1mites para la concesi\u00f3n de subvenciones a entidades del tercer sector con cargo a la asignaci\u00f3n tributaria del 0,7 del IRPF que est\u00e1 en fase de subsanaci\u00f3n. &nbsp; En [&hellip;]<\/p>\n","protected":false},"author":1,"featured_media":8406,"comment_status":"open","ping_status":"open","sticky":false,"template":"","format":"standard","meta":{"footnotes":""},"categories":[7],"tags":[],"class_list":["post-6205","post","type-post","status-publish","format-standard","has-post-thumbnail","hentry","category-politica"],"featured_image_src":"https:\/\/psoecanarias.com\/web\/wp-content\/uploads\/2020\/03\/thumb_noimages.jpg","author_info":{"display_name":"PSOE Canarias","author_link":"https:\/\/psoecanarias.com\/web\/author\/admin\/"},"yoast_head":"<!-- This site is optimized with the Yoast SEO plugin v27.2 - https:\/\/yoast.com\/product\/yoast-seo-wordpress\/ -->\n<title>El PSOE exige a Valido que resuelva urgentemente la concesi\u00f3n de subvenciones a entidades del tercer sector | PSOE Canarias<\/title>\n<meta name=\"robots\" content=\"index, follow, max-snippet:-1, max-image-preview:large, max-video-preview:-1\" \/>\n<link rel=\"canonical\" href=\"https:\/\/psoecanarias.com\/web\/el-psoe-exige-a-valido-que-resuelva-urgentemente-la-concesion-de-subvenciones-a-entidades-del-tercer-sector\/\" \/>\n<meta property=\"og:locale\" content=\"es_ES\" \/>\n<meta property=\"og:type\" content=\"article\" \/>\n<meta property=\"og:title\" content=\"El PSOE exige a Valido que resuelva urgentemente la concesi\u00f3n de subvenciones a entidades del tercer sector | PSOE Canarias\" \/>\n<meta property=\"og:description\" content=\"La diputada del PSOE Ventura del Carmen Rodr\u00edguez exigi\u00f3 hoy a la consejera de Pol\u00edtica Social del Gobierno de Canarias, Cristina Valido, que agilice urgentemente los tr\u00e1mites para la concesi\u00f3n de subvenciones a entidades del tercer sector con cargo a la asignaci\u00f3n tributaria del 0,7 del IRPF que est\u00e1 en fase de subsanaci\u00f3n. &nbsp; En [&hellip;]\" \/>\n<meta property=\"og:url\" content=\"https:\/\/psoecanarias.com\/web\/el-psoe-exige-a-valido-que-resuelva-urgentemente-la-concesion-de-subvenciones-a-entidades-del-tercer-sector\/\" \/>\n<meta property=\"og:site_name\" content=\"PSOE Canarias\" \/>\n<meta property=\"article:published_time\" content=\"2019-03-26T19:38:05+00:00\" \/>\n<meta property=\"og:image\" content=\"https:\/\/psoecanarias.com\/web\/wp-content\/uploads\/2020\/03\/thumb_noimages.jpg\" \/>\n\t<meta property=\"og:image:width\" content=\"303\" \/>\n\t<meta property=\"og:image:height\" content=\"200\" \/>\n\t<meta property=\"og:image:type\" content=\"image\/jpeg\" \/>\n<meta name=\"author\" content=\"PSOE Canarias\" \/>\n<meta name=\"twitter:card\" content=\"summary_large_image\" \/>\n<script type=\"application\/ld+json\" class=\"yoast-schema-graph\">{\"@context\":\"https:\/\/schema.org\",\"@graph\":[{\"@type\":\"Article\",\"@id\":\"https:\/\/psoecanarias.com\/web\/el-psoe-exige-a-valido-que-resuelva-urgentemente-la-concesion-de-subvenciones-a-entidades-del-tercer-sector\/#article\",\"isPartOf\":{\"@id\":\"https:\/\/psoecanarias.com\/web\/el-psoe-exige-a-valido-que-resuelva-urgentemente-la-concesion-de-subvenciones-a-entidades-del-tercer-sector\/\"},\"author\":{\"name\":\"PSOE Canarias\",\"@id\":\"https:\/\/psoecanarias.com\/web\/#\/schema\/person\/1ae43f9659d2fc599ca69c11e1dbf26f\"},\"headline\":\"El PSOE exige a Valido que resuelva urgentemente la concesi\u00f3n de subvenciones a entidades del tercer sector\",\"datePublished\":\"2019-03-26T19:38:05+00:00\",\"mainEntityOfPage\":{\"@id\":\"https:\/\/psoecanarias.com\/web\/el-psoe-exige-a-valido-que-resuelva-urgentemente-la-concesion-de-subvenciones-a-entidades-del-tercer-sector\/\"},\"wordCount\":435,\"commentCount\":0,\"image\":{\"@id\":\"https:\/\/psoecanarias.com\/web\/el-psoe-exige-a-valido-que-resuelva-urgentemente-la-concesion-de-subvenciones-a-entidades-del-tercer-sector\/#primaryimage\"},\"thumbnailUrl\":\"https:\/\/psoecanarias.com\/web\/wp-content\/uploads\/2020\/03\/thumb_noimages.jpg\",\"articleSection\":[\"Pol\u00edtica\"],\"inLanguage\":\"es\",\"potentialAction\":[{\"@type\":\"CommentAction\",\"name\":\"Comment\",\"target\":[\"https:\/\/psoecanarias.com\/web\/el-psoe-exige-a-valido-que-resuelva-urgentemente-la-concesion-de-subvenciones-a-entidades-del-tercer-sector\/#respond\"]}]},{\"@type\":\"WebPage\",\"@id\":\"https:\/\/psoecanarias.com\/web\/el-psoe-exige-a-valido-que-resuelva-urgentemente-la-concesion-de-subvenciones-a-entidades-del-tercer-sector\/\",\"url\":\"https:\/\/psoecanarias.com\/web\/el-psoe-exige-a-valido-que-resuelva-urgentemente-la-concesion-de-subvenciones-a-entidades-del-tercer-sector\/\",\"name\":\"El PSOE exige a Valido que resuelva urgentemente la concesi\u00f3n de subvenciones a entidades del tercer sector | PSOE Canarias\",\"isPartOf\":{\"@id\":\"https:\/\/psoecanarias.com\/web\/#website\"},\"primaryImageOfPage\":{\"@id\":\"https:\/\/psoecanarias.com\/web\/el-psoe-exige-a-valido-que-resuelva-urgentemente-la-concesion-de-subvenciones-a-entidades-del-tercer-sector\/#primaryimage\"},\"image\":{\"@id\":\"https:\/\/psoecanarias.com\/web\/el-psoe-exige-a-valido-que-resuelva-urgentemente-la-concesion-de-subvenciones-a-entidades-del-tercer-sector\/#primaryimage\"},\"thumbnailUrl\":\"https:\/\/psoecanarias.com\/web\/wp-content\/uploads\/2020\/03\/thumb_noimages.jpg\",\"datePublished\":\"2019-03-26T19:38:05+00:00\",\"author\":{\"@id\":\"https:\/\/psoecanarias.com\/web\/#\/schema\/person\/1ae43f9659d2fc599ca69c11e1dbf26f\"},\"breadcrumb\":{\"@id\":\"https:\/\/psoecanarias.com\/web\/el-psoe-exige-a-valido-que-resuelva-urgentemente-la-concesion-de-subvenciones-a-entidades-del-tercer-sector\/#breadcrumb\"},\"inLanguage\":\"es\",\"potentialAction\":[{\"@type\":\"ReadAction\",\"target\":[\"https:\/\/psoecanarias.com\/web\/el-psoe-exige-a-valido-que-resuelva-urgentemente-la-concesion-de-subvenciones-a-entidades-del-tercer-sector\/\"]}]},{\"@type\":\"ImageObject\",\"inLanguage\":\"es\",\"@id\":\"https:\/\/psoecanarias.com\/web\/el-psoe-exige-a-valido-que-resuelva-urgentemente-la-concesion-de-subvenciones-a-entidades-del-tercer-sector\/#primaryimage\",\"url\":\"https:\/\/psoecanarias.com\/web\/wp-content\/uploads\/2020\/03\/thumb_noimages.jpg\",\"contentUrl\":\"https:\/\/psoecanarias.com\/web\/wp-content\/uploads\/2020\/03\/thumb_noimages.jpg\",\"width\":303,\"height\":200},{\"@type\":\"BreadcrumbList\",\"@id\":\"https:\/\/psoecanarias.com\/web\/el-psoe-exige-a-valido-que-resuelva-urgentemente-la-concesion-de-subvenciones-a-entidades-del-tercer-sector\/#breadcrumb\",\"itemListElement\":[{\"@type\":\"ListItem\",\"position\":1,\"name\":\"Portada\",\"item\":\"https:\/\/psoecanarias.com\/web\/\"},{\"@type\":\"ListItem\",\"position\":2,\"name\":\"El PSOE exige a Valido que resuelva urgentemente la concesi\u00f3n de subvenciones a entidades del tercer sector\"}]},{\"@type\":\"WebSite\",\"@id\":\"https:\/\/psoecanarias.com\/web\/#website\",\"url\":\"https:\/\/psoecanarias.com\/web\/\",\"name\":\"PSOE Canarias\",\"description\":\"Partido Socialista Obrero Espa\u00f1ol Canarias\",\"potentialAction\":[{\"@type\":\"SearchAction\",\"target\":{\"@type\":\"EntryPoint\",\"urlTemplate\":\"https:\/\/psoecanarias.com\/web\/?s={search_term_string}\"},\"query-input\":{\"@type\":\"PropertyValueSpecification\",\"valueRequired\":true,\"valueName\":\"search_term_string\"}}],\"inLanguage\":\"es\"},{\"@type\":\"Person\",\"@id\":\"https:\/\/psoecanarias.com\/web\/#\/schema\/person\/1ae43f9659d2fc599ca69c11e1dbf26f\",\"name\":\"PSOE Canarias\",\"image\":{\"@type\":\"ImageObject\",\"inLanguage\":\"es\",\"@id\":\"https:\/\/secure.gravatar.com\/avatar\/4364d37f6f6f9cdb7af199b46151565f37d8a8c3c0e04c1d78c04e857a15e3a8?s=96&d=mm&r=g\",\"url\":\"https:\/\/secure.gravatar.com\/avatar\/4364d37f6f6f9cdb7af199b46151565f37d8a8c3c0e04c1d78c04e857a15e3a8?s=96&d=mm&r=g\",\"contentUrl\":\"https:\/\/secure.gravatar.com\/avatar\/4364d37f6f6f9cdb7af199b46151565f37d8a8c3c0e04c1d78c04e857a15e3a8?s=96&d=mm&r=g\",\"caption\":\"PSOE Canarias\"},\"url\":\"https:\/\/psoecanarias.com\/web\/author\/admin\/\"}]}<\/script>\n<!-- \/ Yoast SEO plugin. -->","yoast_head_json":{"title":"El PSOE exige a Valido que resuelva urgentemente la concesi\u00f3n de subvenciones a entidades del tercer sector | PSOE Canarias","robots":{"index":"index","follow":"follow","max-snippet":"max-snippet:-1","max-image-preview":"max-image-preview:large","max-video-preview":"max-video-preview:-1"},"canonical":"https:\/\/psoecanarias.com\/web\/el-psoe-exige-a-valido-que-resuelva-urgentemente-la-concesion-de-subvenciones-a-entidades-del-tercer-sector\/","og_locale":"es_ES","og_type":"article","og_title":"El PSOE exige a Valido que resuelva urgentemente la concesi\u00f3n de subvenciones a entidades del tercer sector | PSOE Canarias","og_description":"La diputada del PSOE Ventura del Carmen Rodr\u00edguez exigi\u00f3 hoy a la consejera de Pol\u00edtica Social del Gobierno de Canarias, Cristina Valido, que agilice urgentemente los tr\u00e1mites para la concesi\u00f3n de subvenciones a entidades del tercer sector con cargo a la asignaci\u00f3n tributaria del 0,7 del IRPF que est\u00e1 en fase de subsanaci\u00f3n. &nbsp; En [&hellip;]","og_url":"https:\/\/psoecanarias.com\/web\/el-psoe-exige-a-valido-que-resuelva-urgentemente-la-concesion-de-subvenciones-a-entidades-del-tercer-sector\/","og_site_name":"PSOE Canarias","article_published_time":"2019-03-26T19:38:05+00:00","og_image":[{"width":303,"height":200,"url":"https:\/\/psoecanarias.com\/web\/wp-content\/uploads\/2020\/03\/thumb_noimages.jpg","type":"image\/jpeg"}],"author":"PSOE Canarias","twitter_card":"summary_large_image","schema":{"@context":"https:\/\/schema.org","@graph":[{"@type":"Article","@id":"https:\/\/psoecanarias.com\/web\/el-psoe-exige-a-valido-que-resuelva-urgentemente-la-concesion-de-subvenciones-a-entidades-del-tercer-sector\/#article","isPartOf":{"@id":"https:\/\/psoecanarias.com\/web\/el-psoe-exige-a-valido-que-resuelva-urgentemente-la-concesion-de-subvenciones-a-entidades-del-tercer-sector\/"},"author":{"name":"PSOE Canarias","@id":"https:\/\/psoecanarias.com\/web\/#\/schema\/person\/1ae43f9659d2fc599ca69c11e1dbf26f"},"headline":"El PSOE exige a Valido que resuelva urgentemente la concesi\u00f3n de subvenciones a entidades del tercer sector","datePublished":"2019-03-26T19:38:05+00:00","mainEntityOfPage":{"@id":"https:\/\/psoecanarias.com\/web\/el-psoe-exige-a-valido-que-resuelva-urgentemente-la-concesion-de-subvenciones-a-entidades-del-tercer-sector\/"},"wordCount":435,"commentCount":0,"image":{"@id":"https:\/\/psoecanarias.com\/web\/el-psoe-exige-a-valido-que-resuelva-urgentemente-la-concesion-de-subvenciones-a-entidades-del-tercer-sector\/#primaryimage"},"thumbnailUrl":"https:\/\/psoecanarias.com\/web\/wp-content\/uploads\/2020\/03\/thumb_noimages.jpg","articleSection":["Pol\u00edtica"],"inLanguage":"es","potentialAction":[{"@type":"CommentAction","name":"Comment","target":["https:\/\/psoecanarias.com\/web\/el-psoe-exige-a-valido-que-resuelva-urgentemente-la-concesion-de-subvenciones-a-entidades-del-tercer-sector\/#respond"]}]},{"@type":"WebPage","@id":"https:\/\/psoecanarias.com\/web\/el-psoe-exige-a-valido-que-resuelva-urgentemente-la-concesion-de-subvenciones-a-entidades-del-tercer-sector\/","url":"https:\/\/psoecanarias.com\/web\/el-psoe-exige-a-valido-que-resuelva-urgentemente-la-concesion-de-subvenciones-a-entidades-del-tercer-sector\/","name":"El PSOE exige a Valido que resuelva urgentemente la concesi\u00f3n de subvenciones a entidades del tercer sector | PSOE Canarias","isPartOf":{"@id":"https:\/\/psoecanarias.com\/web\/#website"},"primaryImageOfPage":{"@id":"https:\/\/psoecanarias.com\/web\/el-psoe-exige-a-valido-que-resuelva-urgentemente-la-concesion-de-subvenciones-a-entidades-del-tercer-sector\/#primaryimage"},"image":{"@id":"https:\/\/psoecanarias.com\/web\/el-psoe-exige-a-valido-que-resuelva-urgentemente-la-concesion-de-subvenciones-a-entidades-del-tercer-sector\/#primaryimage"},"thumbnailUrl":"https:\/\/psoecanarias.com\/web\/wp-content\/uploads\/2020\/03\/thumb_noimages.jpg","datePublished":"2019-03-26T19:38:05+00:00","author":{"@id":"https:\/\/psoecanarias.com\/web\/#\/schema\/person\/1ae43f9659d2fc599ca69c11e1dbf26f"},"breadcrumb":{"@id":"https:\/\/psoecanarias.com\/web\/el-psoe-exige-a-valido-que-resuelva-urgentemente-la-concesion-de-subvenciones-a-entidades-del-tercer-sector\/#breadcrumb"},"inLanguage":"es","potentialAction":[{"@type":"ReadAction","target":["https:\/\/psoecanarias.com\/web\/el-psoe-exige-a-valido-que-resuelva-urgentemente-la-concesion-de-subvenciones-a-entidades-del-tercer-sector\/"]}]},{"@type":"ImageObject","inLanguage":"es","@id":"https:\/\/psoecanarias.com\/web\/el-psoe-exige-a-valido-que-resuelva-urgentemente-la-concesion-de-subvenciones-a-entidades-del-tercer-sector\/#primaryimage","url":"https:\/\/psoecanarias.com\/web\/wp-content\/uploads\/2020\/03\/thumb_noimages.jpg","contentUrl":"https:\/\/psoecanarias.com\/web\/wp-content\/uploads\/2020\/03\/thumb_noimages.jpg","width":303,"height":200},{"@type":"BreadcrumbList","@id":"https:\/\/psoecanarias.com\/web\/el-psoe-exige-a-valido-que-resuelva-urgentemente-la-concesion-de-subvenciones-a-entidades-del-tercer-sector\/#breadcrumb","itemListElement":[{"@type":"ListItem","position":1,"name":"Portada","item":"https:\/\/psoecanarias.com\/web\/"},{"@type":"ListItem","position":2,"name":"El PSOE exige a Valido que resuelva urgentemente la concesi\u00f3n de subvenciones a entidades del tercer sector"}]},{"@type":"WebSite","@id":"https:\/\/psoecanarias.com\/web\/#website","url":"https:\/\/psoecanarias.com\/web\/","name":"PSOE Canarias","description":"Partido Socialista Obrero Espa\u00f1ol Canarias","potentialAction":[{"@type":"SearchAction","target":{"@type":"EntryPoint","urlTemplate":"https:\/\/psoecanarias.com\/web\/?s={search_term_string}"},"query-input":{"@type":"PropertyValueSpecification","valueRequired":true,"valueName":"search_term_string"}}],"inLanguage":"es"},{"@type":"Person","@id":"https:\/\/psoecanarias.com\/web\/#\/schema\/person\/1ae43f9659d2fc599ca69c11e1dbf26f","name":"PSOE Canarias","image":{"@type":"ImageObject","inLanguage":"es","@id":"https:\/\/secure.gravatar.com\/avatar\/4364d37f6f6f9cdb7af199b46151565f37d8a8c3c0e04c1d78c04e857a15e3a8?s=96&d=mm&r=g","url":"https:\/\/secure.gravatar.com\/avatar\/4364d37f6f6f9cdb7af199b46151565f37d8a8c3c0e04c1d78c04e857a15e3a8?s=96&d=mm&r=g","contentUrl":"https:\/\/secure.gravatar.com\/avatar\/4364d37f6f6f9cdb7af199b46151565f37d8a8c3c0e04c1d78c04e857a15e3a8?s=96&d=mm&r=g","caption":"PSOE Canarias"},"url":"https:\/\/psoecanarias.com\/web\/author\/admin\/"}]}},"_links":{"self":[{"href":"https:\/\/psoecanarias.com\/web\/wp-json\/wp\/v2\/posts\/6205","targetHints":{"allow":["GET"]}}],"collection":[{"href":"https:\/\/psoecanarias.com\/web\/wp-json\/wp\/v2\/posts"}],"about":[{"href":"https:\/\/psoecanarias.com\/web\/wp-json\/wp\/v2\/types\/post"}],"author":[{"embeddable":true,"href":"https:\/\/psoecanarias.com\/web\/wp-json\/wp\/v2\/users\/1"}],"replies":[{"embeddable":true,"href":"https:\/\/psoecanarias.com\/web\/wp-json\/wp\/v2\/comments?post=6205"}],"version-history":[{"count":1,"href":"https:\/\/psoecanarias.com\/web\/wp-json\/wp\/v2\/posts\/6205\/revisions"}],"predecessor-version":[{"id":6206,"href":"https:\/\/psoecanarias.com\/web\/wp-json\/wp\/v2\/posts\/6205\/revisions\/6206"}],"wp:featuredmedia":[{"embeddable":true,"href":"https:\/\/psoecanarias.com\/web\/wp-json\/wp\/v2\/media\/8406"}],"wp:attachment":[{"href":"https:\/\/psoecanarias.com\/web\/wp-json\/wp\/v2\/media?parent=6205"}],"wp:term":[{"taxonomy":"category","embeddable":true,"href":"https:\/\/psoecanarias.com\/web\/wp-json\/wp\/v2\/categories?post=6205"},{"taxonomy":"post_tag","embeddable":true,"href":"https:\/\/psoecanarias.com\/web\/wp-json\/wp\/v2\/tags?post=6205"}],"curies":[{"name":"wp","href":"https:\/\/api.w.org\/{rel}","templated":true}]}}