{"id":6211,"date":"2019-03-27T13:58:03","date_gmt":"2019-03-27T13:58:03","guid":{"rendered":"http:\/\/psoecanarias.com\/web\/?p=6211"},"modified":"2019-03-27T13:58:03","modified_gmt":"2019-03-27T13:58:03","slug":"clavijo-es-un-depredador-del-territorio-de-fuerteventura-con-la-complicidad-necesaria-de-cc","status":"publish","type":"post","link":"https:\/\/psoecanarias.com\/web\/clavijo-es-un-depredador-del-territorio-de-fuerteventura-con-la-complicidad-necesaria-de-cc\/","title":{"rendered":"\u201cClavijo es un depredador del territorio de Fuerteventura con la complicidad necesaria de CC\u201d"},"content":{"rendered":"<p>El diputado del PSOE por Fuerteventura, I\u00f1aki Lavandera, afirm\u00f3 ayer que el presidente del Gobierno de Canarias, Fernando Clavijo, es \u201cun depredador del territorio de Fuerteventura con la complicidad necesaria de Coalici\u00f3n Canaria en la isla, pues qu\u00e9 calladita ha estado ante las continuas agresiones al paisaje\u201d.<\/p>\n<p>&nbsp;<\/p>\n<p>En el pleno del Parlamento, Lavandera dijo que el Gobierno de Canarias pretende autorizar la instalaci\u00f3n de un aerogenerador e\u00f3lico de 120 metros de altura junto al faro de El Cotillo, \u201cuna barbaridad\u201d, adem\u00e1s de las necesarias infraestructuras para poder verter la energ\u00eda en la red el\u00e9ctrica, despu\u00e9s de haber autorizado en el entorno Corralejo, Villaverde y Lajares dos parques e\u00f3licos bajo la premisa del \u201cinter\u00e9s general\u201d.<\/p>\n<p>&nbsp;<\/p>\n<p>\u201cEstos proyectos no dejan de ser inversiones de car\u00e1cter industrial declarados de inter\u00e9s general bajo la discutible premisa de \u201crazones justificadas de urgencia y excepcional inter\u00e9s\u201d, tal y como se expone en los sucesivos decretos firmados por Fernando Clavijo en contra de lo establecido en el planeamiento de la isla de Fuerteventura, ya que los tipos de suelo escogidos no admiten este tipo de instalaciones\u201d, explic\u00f3.<\/p>\n<p>&nbsp;<\/p>\n<p>El diputado del PSOE sostuvo que CC, \u201cmanoseando la lucha contra el cambio clim\u00e1tico, destroza el paisaje de Fuerteventura, va contra el planeamiento insular y de los municipios, aun conociendo que se est\u00e1 tramitando un reglamento insular de energ\u00edas renovables que tiene como objetivo establecer criterios de localizaci\u00f3n que respondan al inter\u00e9s general y no al de unos inversores privados\u201d.<\/p>\n<p>&nbsp;<\/p>\n<p>El parlamentario majorero record\u00f3 que el paisaje \u201ces un bien p\u00fablico que Coalici\u00f3n Canaria pone al servicio del inter\u00e9s privado, no del inter\u00e9s general, al servicio del beneficio econ\u00f3mico privado\u201d. Insisti\u00f3 en que el paisaje majorero es \u201cpatrimonio de toda la sociedad, el que nos da calidad de vida, nos regala nuestra singular identidad, un paisaje que se destruye poniendo en riesgo nuestro futuro\u201d.<\/p>\n<p>&nbsp;<\/p>\n<p>Subray\u00f3 que en Fuerteventura \u201cvivimos del turismo, aspiramos a la diversificaci\u00f3n econ\u00f3mica, pero no podemos obviar cu\u00e1l es nuestra principal fuente de riqueza\u201d. Recalc\u00f3 que los majoreros no aspiran a ser una sociedad subvencionada. \u201cQueremos ser un pueblo libre, que progrese, que respete nuestro medio ambiente y claro que queremos erradicar las energ\u00edas f\u00f3siles, pero con orden, porque no todo vale\u201d.<\/p>\n<p>&nbsp;<\/p>\n<p>Lavandera reproch\u00f3 al Gobierno de Coalici\u00f3n Canaria que no ponga el mismo inter\u00e9s en el traslado de la central de las salinas en Puerto del Rosario que en la declaraci\u00f3n de inter\u00e9s general \u201cpara saltarse el planeamiento de aerogeneradores que salpican el paisaje de Fuerteventura sin orden ni concierto\u201d.<\/p>\n<p>&nbsp;<\/p>\n","protected":false},"excerpt":{"rendered":"<p>El diputado del PSOE por Fuerteventura, I\u00f1aki Lavandera, afirm\u00f3 ayer que el presidente del Gobierno de Canarias, Fernando Clavijo, es \u201cun depredador del territorio de Fuerteventura con la complicidad necesaria de Coalici\u00f3n Canaria en la isla, pues qu\u00e9 calladita ha estado ante las continuas agresiones al paisaje\u201d. &nbsp; En el pleno del Parlamento, Lavandera dijo [&hellip;]<\/p>\n","protected":false},"author":1,"featured_media":8406,"comment_status":"open","ping_status":"open","sticky":false,"template":"","format":"standard","meta":{"footnotes":""},"categories":[7],"tags":[],"class_list":["post-6211","post","type-post","status-publish","format-standard","has-post-thumbnail","hentry","category-politica"],"featured_image_src":"https:\/\/psoecanarias.com\/web\/wp-content\/uploads\/2020\/03\/thumb_noimages.jpg","author_info":{"display_name":"PSOE Canarias","author_link":"https:\/\/psoecanarias.com\/web\/author\/admin\/"},"yoast_head":"<!-- This site is optimized with the Yoast SEO plugin v27.2 - https:\/\/yoast.com\/product\/yoast-seo-wordpress\/ -->\n<title>\u201cClavijo es un depredador del territorio de Fuerteventura con la complicidad necesaria de CC\u201d | PSOE Canarias<\/title>\n<meta name=\"robots\" content=\"index, follow, max-snippet:-1, max-image-preview:large, max-video-preview:-1\" \/>\n<link rel=\"canonical\" href=\"https:\/\/psoecanarias.com\/web\/clavijo-es-un-depredador-del-territorio-de-fuerteventura-con-la-complicidad-necesaria-de-cc\/\" \/>\n<meta property=\"og:locale\" content=\"es_ES\" \/>\n<meta property=\"og:type\" content=\"article\" \/>\n<meta property=\"og:title\" content=\"\u201cClavijo es un depredador del territorio de Fuerteventura con la complicidad necesaria de CC\u201d | PSOE Canarias\" \/>\n<meta property=\"og:description\" content=\"El diputado del PSOE por Fuerteventura, I\u00f1aki Lavandera, afirm\u00f3 ayer que el presidente del Gobierno de Canarias, Fernando Clavijo, es \u201cun depredador del territorio de Fuerteventura con la complicidad necesaria de Coalici\u00f3n Canaria en la isla, pues qu\u00e9 calladita ha estado ante las continuas agresiones al paisaje\u201d. &nbsp; En el pleno del Parlamento, Lavandera dijo [&hellip;]\" \/>\n<meta property=\"og:url\" content=\"https:\/\/psoecanarias.com\/web\/clavijo-es-un-depredador-del-territorio-de-fuerteventura-con-la-complicidad-necesaria-de-cc\/\" \/>\n<meta property=\"og:site_name\" content=\"PSOE Canarias\" \/>\n<meta property=\"article:published_time\" content=\"2019-03-27T13:58:03+00:00\" \/>\n<meta property=\"og:image\" content=\"https:\/\/psoecanarias.com\/web\/wp-content\/uploads\/2020\/03\/thumb_noimages.jpg\" \/>\n\t<meta property=\"og:image:width\" content=\"303\" \/>\n\t<meta property=\"og:image:height\" content=\"200\" \/>\n\t<meta property=\"og:image:type\" content=\"image\/jpeg\" \/>\n<meta name=\"author\" content=\"PSOE Canarias\" \/>\n<meta name=\"twitter:card\" content=\"summary_large_image\" \/>\n<script type=\"application\/ld+json\" class=\"yoast-schema-graph\">{\"@context\":\"https:\/\/schema.org\",\"@graph\":[{\"@type\":\"Article\",\"@id\":\"https:\/\/psoecanarias.com\/web\/clavijo-es-un-depredador-del-territorio-de-fuerteventura-con-la-complicidad-necesaria-de-cc\/#article\",\"isPartOf\":{\"@id\":\"https:\/\/psoecanarias.com\/web\/clavijo-es-un-depredador-del-territorio-de-fuerteventura-con-la-complicidad-necesaria-de-cc\/\"},\"author\":{\"name\":\"PSOE Canarias\",\"@id\":\"https:\/\/psoecanarias.com\/web\/#\/schema\/person\/1ae43f9659d2fc599ca69c11e1dbf26f\"},\"headline\":\"\u201cClavijo es un depredador del territorio de Fuerteventura con la complicidad necesaria de CC\u201d\",\"datePublished\":\"2019-03-27T13:58:03+00:00\",\"mainEntityOfPage\":{\"@id\":\"https:\/\/psoecanarias.com\/web\/clavijo-es-un-depredador-del-territorio-de-fuerteventura-con-la-complicidad-necesaria-de-cc\/\"},\"wordCount\":465,\"commentCount\":0,\"image\":{\"@id\":\"https:\/\/psoecanarias.com\/web\/clavijo-es-un-depredador-del-territorio-de-fuerteventura-con-la-complicidad-necesaria-de-cc\/#primaryimage\"},\"thumbnailUrl\":\"https:\/\/psoecanarias.com\/web\/wp-content\/uploads\/2020\/03\/thumb_noimages.jpg\",\"articleSection\":[\"Pol\u00edtica\"],\"inLanguage\":\"es\",\"potentialAction\":[{\"@type\":\"CommentAction\",\"name\":\"Comment\",\"target\":[\"https:\/\/psoecanarias.com\/web\/clavijo-es-un-depredador-del-territorio-de-fuerteventura-con-la-complicidad-necesaria-de-cc\/#respond\"]}]},{\"@type\":\"WebPage\",\"@id\":\"https:\/\/psoecanarias.com\/web\/clavijo-es-un-depredador-del-territorio-de-fuerteventura-con-la-complicidad-necesaria-de-cc\/\",\"url\":\"https:\/\/psoecanarias.com\/web\/clavijo-es-un-depredador-del-territorio-de-fuerteventura-con-la-complicidad-necesaria-de-cc\/\",\"name\":\"\u201cClavijo es un depredador del territorio de Fuerteventura con la complicidad necesaria de CC\u201d | PSOE Canarias\",\"isPartOf\":{\"@id\":\"https:\/\/psoecanarias.com\/web\/#website\"},\"primaryImageOfPage\":{\"@id\":\"https:\/\/psoecanarias.com\/web\/clavijo-es-un-depredador-del-territorio-de-fuerteventura-con-la-complicidad-necesaria-de-cc\/#primaryimage\"},\"image\":{\"@id\":\"https:\/\/psoecanarias.com\/web\/clavijo-es-un-depredador-del-territorio-de-fuerteventura-con-la-complicidad-necesaria-de-cc\/#primaryimage\"},\"thumbnailUrl\":\"https:\/\/psoecanarias.com\/web\/wp-content\/uploads\/2020\/03\/thumb_noimages.jpg\",\"datePublished\":\"2019-03-27T13:58:03+00:00\",\"author\":{\"@id\":\"https:\/\/psoecanarias.com\/web\/#\/schema\/person\/1ae43f9659d2fc599ca69c11e1dbf26f\"},\"breadcrumb\":{\"@id\":\"https:\/\/psoecanarias.com\/web\/clavijo-es-un-depredador-del-territorio-de-fuerteventura-con-la-complicidad-necesaria-de-cc\/#breadcrumb\"},\"inLanguage\":\"es\",\"potentialAction\":[{\"@type\":\"ReadAction\",\"target\":[\"https:\/\/psoecanarias.com\/web\/clavijo-es-un-depredador-del-territorio-de-fuerteventura-con-la-complicidad-necesaria-de-cc\/\"]}]},{\"@type\":\"ImageObject\",\"inLanguage\":\"es\",\"@id\":\"https:\/\/psoecanarias.com\/web\/clavijo-es-un-depredador-del-territorio-de-fuerteventura-con-la-complicidad-necesaria-de-cc\/#primaryimage\",\"url\":\"https:\/\/psoecanarias.com\/web\/wp-content\/uploads\/2020\/03\/thumb_noimages.jpg\",\"contentUrl\":\"https:\/\/psoecanarias.com\/web\/wp-content\/uploads\/2020\/03\/thumb_noimages.jpg\",\"width\":303,\"height\":200},{\"@type\":\"BreadcrumbList\",\"@id\":\"https:\/\/psoecanarias.com\/web\/clavijo-es-un-depredador-del-territorio-de-fuerteventura-con-la-complicidad-necesaria-de-cc\/#breadcrumb\",\"itemListElement\":[{\"@type\":\"ListItem\",\"position\":1,\"name\":\"Portada\",\"item\":\"https:\/\/psoecanarias.com\/web\/\"},{\"@type\":\"ListItem\",\"position\":2,\"name\":\"\u201cClavijo es un depredador del territorio de Fuerteventura con la complicidad necesaria de CC\u201d\"}]},{\"@type\":\"WebSite\",\"@id\":\"https:\/\/psoecanarias.com\/web\/#website\",\"url\":\"https:\/\/psoecanarias.com\/web\/\",\"name\":\"PSOE Canarias\",\"description\":\"Partido Socialista Obrero Espa\u00f1ol Canarias\",\"potentialAction\":[{\"@type\":\"SearchAction\",\"target\":{\"@type\":\"EntryPoint\",\"urlTemplate\":\"https:\/\/psoecanarias.com\/web\/?s={search_term_string}\"},\"query-input\":{\"@type\":\"PropertyValueSpecification\",\"valueRequired\":true,\"valueName\":\"search_term_string\"}}],\"inLanguage\":\"es\"},{\"@type\":\"Person\",\"@id\":\"https:\/\/psoecanarias.com\/web\/#\/schema\/person\/1ae43f9659d2fc599ca69c11e1dbf26f\",\"name\":\"PSOE Canarias\",\"image\":{\"@type\":\"ImageObject\",\"inLanguage\":\"es\",\"@id\":\"https:\/\/secure.gravatar.com\/avatar\/4364d37f6f6f9cdb7af199b46151565f37d8a8c3c0e04c1d78c04e857a15e3a8?s=96&d=mm&r=g\",\"url\":\"https:\/\/secure.gravatar.com\/avatar\/4364d37f6f6f9cdb7af199b46151565f37d8a8c3c0e04c1d78c04e857a15e3a8?s=96&d=mm&r=g\",\"contentUrl\":\"https:\/\/secure.gravatar.com\/avatar\/4364d37f6f6f9cdb7af199b46151565f37d8a8c3c0e04c1d78c04e857a15e3a8?s=96&d=mm&r=g\",\"caption\":\"PSOE Canarias\"},\"url\":\"https:\/\/psoecanarias.com\/web\/author\/admin\/\"}]}<\/script>\n<!-- \/ Yoast SEO plugin. -->","yoast_head_json":{"title":"\u201cClavijo es un depredador del territorio de Fuerteventura con la complicidad necesaria de CC\u201d | PSOE Canarias","robots":{"index":"index","follow":"follow","max-snippet":"max-snippet:-1","max-image-preview":"max-image-preview:large","max-video-preview":"max-video-preview:-1"},"canonical":"https:\/\/psoecanarias.com\/web\/clavijo-es-un-depredador-del-territorio-de-fuerteventura-con-la-complicidad-necesaria-de-cc\/","og_locale":"es_ES","og_type":"article","og_title":"\u201cClavijo es un depredador del territorio de Fuerteventura con la complicidad necesaria de CC\u201d | PSOE Canarias","og_description":"El diputado del PSOE por Fuerteventura, I\u00f1aki Lavandera, afirm\u00f3 ayer que el presidente del Gobierno de Canarias, Fernando Clavijo, es \u201cun depredador del territorio de Fuerteventura con la complicidad necesaria de Coalici\u00f3n Canaria en la isla, pues qu\u00e9 calladita ha estado ante las continuas agresiones al paisaje\u201d. &nbsp; En el pleno del Parlamento, Lavandera dijo [&hellip;]","og_url":"https:\/\/psoecanarias.com\/web\/clavijo-es-un-depredador-del-territorio-de-fuerteventura-con-la-complicidad-necesaria-de-cc\/","og_site_name":"PSOE Canarias","article_published_time":"2019-03-27T13:58:03+00:00","og_image":[{"width":303,"height":200,"url":"https:\/\/psoecanarias.com\/web\/wp-content\/uploads\/2020\/03\/thumb_noimages.jpg","type":"image\/jpeg"}],"author":"PSOE Canarias","twitter_card":"summary_large_image","schema":{"@context":"https:\/\/schema.org","@graph":[{"@type":"Article","@id":"https:\/\/psoecanarias.com\/web\/clavijo-es-un-depredador-del-territorio-de-fuerteventura-con-la-complicidad-necesaria-de-cc\/#article","isPartOf":{"@id":"https:\/\/psoecanarias.com\/web\/clavijo-es-un-depredador-del-territorio-de-fuerteventura-con-la-complicidad-necesaria-de-cc\/"},"author":{"name":"PSOE Canarias","@id":"https:\/\/psoecanarias.com\/web\/#\/schema\/person\/1ae43f9659d2fc599ca69c11e1dbf26f"},"headline":"\u201cClavijo es un depredador del territorio de Fuerteventura con la complicidad necesaria de CC\u201d","datePublished":"2019-03-27T13:58:03+00:00","mainEntityOfPage":{"@id":"https:\/\/psoecanarias.com\/web\/clavijo-es-un-depredador-del-territorio-de-fuerteventura-con-la-complicidad-necesaria-de-cc\/"},"wordCount":465,"commentCount":0,"image":{"@id":"https:\/\/psoecanarias.com\/web\/clavijo-es-un-depredador-del-territorio-de-fuerteventura-con-la-complicidad-necesaria-de-cc\/#primaryimage"},"thumbnailUrl":"https:\/\/psoecanarias.com\/web\/wp-content\/uploads\/2020\/03\/thumb_noimages.jpg","articleSection":["Pol\u00edtica"],"inLanguage":"es","potentialAction":[{"@type":"CommentAction","name":"Comment","target":["https:\/\/psoecanarias.com\/web\/clavijo-es-un-depredador-del-territorio-de-fuerteventura-con-la-complicidad-necesaria-de-cc\/#respond"]}]},{"@type":"WebPage","@id":"https:\/\/psoecanarias.com\/web\/clavijo-es-un-depredador-del-territorio-de-fuerteventura-con-la-complicidad-necesaria-de-cc\/","url":"https:\/\/psoecanarias.com\/web\/clavijo-es-un-depredador-del-territorio-de-fuerteventura-con-la-complicidad-necesaria-de-cc\/","name":"\u201cClavijo es un depredador del territorio de Fuerteventura con la complicidad necesaria de CC\u201d | PSOE Canarias","isPartOf":{"@id":"https:\/\/psoecanarias.com\/web\/#website"},"primaryImageOfPage":{"@id":"https:\/\/psoecanarias.com\/web\/clavijo-es-un-depredador-del-territorio-de-fuerteventura-con-la-complicidad-necesaria-de-cc\/#primaryimage"},"image":{"@id":"https:\/\/psoecanarias.com\/web\/clavijo-es-un-depredador-del-territorio-de-fuerteventura-con-la-complicidad-necesaria-de-cc\/#primaryimage"},"thumbnailUrl":"https:\/\/psoecanarias.com\/web\/wp-content\/uploads\/2020\/03\/thumb_noimages.jpg","datePublished":"2019-03-27T13:58:03+00:00","author":{"@id":"https:\/\/psoecanarias.com\/web\/#\/schema\/person\/1ae43f9659d2fc599ca69c11e1dbf26f"},"breadcrumb":{"@id":"https:\/\/psoecanarias.com\/web\/clavijo-es-un-depredador-del-territorio-de-fuerteventura-con-la-complicidad-necesaria-de-cc\/#breadcrumb"},"inLanguage":"es","potentialAction":[{"@type":"ReadAction","target":["https:\/\/psoecanarias.com\/web\/clavijo-es-un-depredador-del-territorio-de-fuerteventura-con-la-complicidad-necesaria-de-cc\/"]}]},{"@type":"ImageObject","inLanguage":"es","@id":"https:\/\/psoecanarias.com\/web\/clavijo-es-un-depredador-del-territorio-de-fuerteventura-con-la-complicidad-necesaria-de-cc\/#primaryimage","url":"https:\/\/psoecanarias.com\/web\/wp-content\/uploads\/2020\/03\/thumb_noimages.jpg","contentUrl":"https:\/\/psoecanarias.com\/web\/wp-content\/uploads\/2020\/03\/thumb_noimages.jpg","width":303,"height":200},{"@type":"BreadcrumbList","@id":"https:\/\/psoecanarias.com\/web\/clavijo-es-un-depredador-del-territorio-de-fuerteventura-con-la-complicidad-necesaria-de-cc\/#breadcrumb","itemListElement":[{"@type":"ListItem","position":1,"name":"Portada","item":"https:\/\/psoecanarias.com\/web\/"},{"@type":"ListItem","position":2,"name":"\u201cClavijo es un depredador del territorio de Fuerteventura con la complicidad necesaria de CC\u201d"}]},{"@type":"WebSite","@id":"https:\/\/psoecanarias.com\/web\/#website","url":"https:\/\/psoecanarias.com\/web\/","name":"PSOE Canarias","description":"Partido Socialista Obrero Espa\u00f1ol Canarias","potentialAction":[{"@type":"SearchAction","target":{"@type":"EntryPoint","urlTemplate":"https:\/\/psoecanarias.com\/web\/?s={search_term_string}"},"query-input":{"@type":"PropertyValueSpecification","valueRequired":true,"valueName":"search_term_string"}}],"inLanguage":"es"},{"@type":"Person","@id":"https:\/\/psoecanarias.com\/web\/#\/schema\/person\/1ae43f9659d2fc599ca69c11e1dbf26f","name":"PSOE Canarias","image":{"@type":"ImageObject","inLanguage":"es","@id":"https:\/\/secure.gravatar.com\/avatar\/4364d37f6f6f9cdb7af199b46151565f37d8a8c3c0e04c1d78c04e857a15e3a8?s=96&d=mm&r=g","url":"https:\/\/secure.gravatar.com\/avatar\/4364d37f6f6f9cdb7af199b46151565f37d8a8c3c0e04c1d78c04e857a15e3a8?s=96&d=mm&r=g","contentUrl":"https:\/\/secure.gravatar.com\/avatar\/4364d37f6f6f9cdb7af199b46151565f37d8a8c3c0e04c1d78c04e857a15e3a8?s=96&d=mm&r=g","caption":"PSOE Canarias"},"url":"https:\/\/psoecanarias.com\/web\/author\/admin\/"}]}},"_links":{"self":[{"href":"https:\/\/psoecanarias.com\/web\/wp-json\/wp\/v2\/posts\/6211","targetHints":{"allow":["GET"]}}],"collection":[{"href":"https:\/\/psoecanarias.com\/web\/wp-json\/wp\/v2\/posts"}],"about":[{"href":"https:\/\/psoecanarias.com\/web\/wp-json\/wp\/v2\/types\/post"}],"author":[{"embeddable":true,"href":"https:\/\/psoecanarias.com\/web\/wp-json\/wp\/v2\/users\/1"}],"replies":[{"embeddable":true,"href":"https:\/\/psoecanarias.com\/web\/wp-json\/wp\/v2\/comments?post=6211"}],"version-history":[{"count":1,"href":"https:\/\/psoecanarias.com\/web\/wp-json\/wp\/v2\/posts\/6211\/revisions"}],"predecessor-version":[{"id":6213,"href":"https:\/\/psoecanarias.com\/web\/wp-json\/wp\/v2\/posts\/6211\/revisions\/6213"}],"wp:featuredmedia":[{"embeddable":true,"href":"https:\/\/psoecanarias.com\/web\/wp-json\/wp\/v2\/media\/8406"}],"wp:attachment":[{"href":"https:\/\/psoecanarias.com\/web\/wp-json\/wp\/v2\/media?parent=6211"}],"wp:term":[{"taxonomy":"category","embeddable":true,"href":"https:\/\/psoecanarias.com\/web\/wp-json\/wp\/v2\/categories?post=6211"},{"taxonomy":"post_tag","embeddable":true,"href":"https:\/\/psoecanarias.com\/web\/wp-json\/wp\/v2\/tags?post=6211"}],"curies":[{"name":"wp","href":"https:\/\/api.w.org\/{rel}","templated":true}]}}