{"id":6214,"date":"2019-03-27T14:00:01","date_gmt":"2019-03-27T14:00:01","guid":{"rendered":"http:\/\/psoecanarias.com\/web\/?p=6214"},"modified":"2019-03-27T14:00:01","modified_gmt":"2019-03-27T14:00:01","slug":"el-psoe-valora-el-consenso-con-que-sale-adelante-la-regulacion-especifica-de-la-atencion-temprana","status":"publish","type":"post","link":"https:\/\/psoecanarias.com\/web\/el-psoe-valora-el-consenso-con-que-sale-adelante-la-regulacion-especifica-de-la-atencion-temprana\/","title":{"rendered":"El PSOE valora el consenso con que sale adelante la regulaci\u00f3n espec\u00edfica de la atenci\u00f3n temprana"},"content":{"rendered":"<p>El pleno del Parlamento de Canarias aprob\u00f3 hoy por unanimidad la ley por la que se regula la atenci\u00f3n temprana en Canarias. El diputado del PSOE Marcos Hern\u00e1ndez Guill\u00e9n valor\u00f3 el consenso con que esta iniciativa ha salido adelante y subray\u00f3 la importancia de su aprobaci\u00f3n en nuestra comunidad aut\u00f3noma, una de las pocas que a\u00fan no contaba con regulaci\u00f3n en esta materia.<\/p>\n<p>&nbsp;<\/p>\n<p>Hern\u00e1ndez Guill\u00e9n hizo hincapi\u00e9 en que este texto viene a dar respuesta a una demanda m\u00e1s que justificada. \u201cLas asociaciones profesionales y entidades sociales del tercer sector cuantifican en unos 8.000 menores los susceptibles de requerir atenci\u00f3n temprana\u201d, dijo.<\/p>\n<p>&nbsp;<\/p>\n<p>Record\u00f3 que hace un a\u00f1o, el PSOE trasladaba a la C\u00e1mara esta petici\u00f3n y su propuesta sali\u00f3 adelante en comisi\u00f3n con el apoyo de todos los partidos representados en el Parlamento. En concreto, se solicitaba al Gobierno de Canarias que promoviese la regulaci\u00f3n espec\u00edfica de la atenci\u00f3n temprana en el archipi\u00e9lago, la elaboraci\u00f3n de un plan de promoci\u00f3n de la autonom\u00eda personal para los ni\u00f1os y ni\u00f1as de hasta seis a\u00f1os y el impulso de la creaci\u00f3n de un equipo de valoraci\u00f3n espec\u00edfico adscrito a los equipos de de dependencia.<\/p>\n<p>&nbsp;<\/p>\n<p>El diputado del PSOE dijo que con el documento aprobado hoy, se establece una regulaci\u00f3n que delimita las competencias y las responsabilidades en materia de atenci\u00f3n temprana, encaminada hacia una atenci\u00f3n integral a los menores de hasta seis a\u00f1os. Tambi\u00e9n se regulan las actuaciones como una red integral de responsabilidad p\u00fablica y de car\u00e1cter universal y gratuito y se fija un marco referencial que permite la necesaria coordinaci\u00f3n entre los sectores sanitarios, sociales y educativos implicados.<\/p>\n<p>&nbsp;<\/p>\n<p>Valor\u00f3, por otra parte, que el texto precise que se prestar\u00e1 atenci\u00f3n directa, atenci\u00f3n sociofamiliar y atenci\u00f3n en el proceso de escolarizaci\u00f3n con la necesaria coordinaci\u00f3n entre profesionales.<\/p>\n<p>&nbsp;<\/p>\n<p>\u201cEsta ley surge del reconocimiento de las dificultades de la atenci\u00f3n temprana en Canarias y de la conciencia compartida de la necesidad de solucionarlas\u201d, recalc\u00f3 Marcos Hern\u00e1ndez, quien quiso dedicar parte de su intervenci\u00f3n a los colectivos implicados en la lucha por este reconocimiento y, tambi\u00e9n, a todas las personas que han trabajado desde la comisi\u00f3n parlamentaria de discapacidad por sacar adelante el documento.<\/p>\n<p>&nbsp;<\/p>\n","protected":false},"excerpt":{"rendered":"<p>El pleno del Parlamento de Canarias aprob\u00f3 hoy por unanimidad la ley por la que se regula la atenci\u00f3n temprana en Canarias. El diputado del PSOE Marcos Hern\u00e1ndez Guill\u00e9n valor\u00f3 el consenso con que esta iniciativa ha salido adelante y subray\u00f3 la importancia de su aprobaci\u00f3n en nuestra comunidad aut\u00f3noma, una de las pocas que [&hellip;]<\/p>\n","protected":false},"author":1,"featured_media":6215,"comment_status":"open","ping_status":"open","sticky":false,"template":"","format":"standard","meta":{"footnotes":""},"categories":[7],"tags":[],"class_list":["post-6214","post","type-post","status-publish","format-standard","has-post-thumbnail","hentry","category-politica"],"featured_image_src":"https:\/\/psoecanarias.com\/web\/wp-content\/uploads\/2019\/03\/28327217952_0f9148e01b_k.jpg","author_info":{"display_name":"PSOE Canarias","author_link":"https:\/\/psoecanarias.com\/web\/author\/admin\/"},"yoast_head":"<!-- This site is optimized with the Yoast SEO plugin v27.2 - https:\/\/yoast.com\/product\/yoast-seo-wordpress\/ -->\n<title>El PSOE valora el consenso con que sale adelante la regulaci\u00f3n espec\u00edfica de la atenci\u00f3n temprana | PSOE Canarias<\/title>\n<meta name=\"robots\" content=\"index, follow, max-snippet:-1, max-image-preview:large, max-video-preview:-1\" \/>\n<link rel=\"canonical\" href=\"https:\/\/psoecanarias.com\/web\/el-psoe-valora-el-consenso-con-que-sale-adelante-la-regulacion-especifica-de-la-atencion-temprana\/\" \/>\n<meta property=\"og:locale\" content=\"es_ES\" \/>\n<meta property=\"og:type\" content=\"article\" \/>\n<meta property=\"og:title\" content=\"El PSOE valora el consenso con que sale adelante la regulaci\u00f3n espec\u00edfica de la atenci\u00f3n temprana | PSOE Canarias\" \/>\n<meta property=\"og:description\" content=\"El pleno del Parlamento de Canarias aprob\u00f3 hoy por unanimidad la ley por la que se regula la atenci\u00f3n temprana en Canarias. El diputado del PSOE Marcos Hern\u00e1ndez Guill\u00e9n valor\u00f3 el consenso con que esta iniciativa ha salido adelante y subray\u00f3 la importancia de su aprobaci\u00f3n en nuestra comunidad aut\u00f3noma, una de las pocas que [&hellip;]\" \/>\n<meta property=\"og:url\" content=\"https:\/\/psoecanarias.com\/web\/el-psoe-valora-el-consenso-con-que-sale-adelante-la-regulacion-especifica-de-la-atencion-temprana\/\" \/>\n<meta property=\"og:site_name\" content=\"PSOE Canarias\" \/>\n<meta property=\"article:published_time\" content=\"2019-03-27T14:00:01+00:00\" \/>\n<meta property=\"og:image\" content=\"https:\/\/psoecanarias.com\/web\/wp-content\/uploads\/2019\/03\/28327217952_0f9148e01b_k.jpg\" \/>\n\t<meta property=\"og:image:width\" content=\"2048\" \/>\n\t<meta property=\"og:image:height\" content=\"1541\" \/>\n\t<meta property=\"og:image:type\" content=\"image\/jpeg\" \/>\n<meta name=\"author\" content=\"PSOE Canarias\" \/>\n<meta name=\"twitter:card\" content=\"summary_large_image\" \/>\n<script type=\"application\/ld+json\" class=\"yoast-schema-graph\">{\"@context\":\"https:\/\/schema.org\",\"@graph\":[{\"@type\":\"Article\",\"@id\":\"https:\/\/psoecanarias.com\/web\/el-psoe-valora-el-consenso-con-que-sale-adelante-la-regulacion-especifica-de-la-atencion-temprana\/#article\",\"isPartOf\":{\"@id\":\"https:\/\/psoecanarias.com\/web\/el-psoe-valora-el-consenso-con-que-sale-adelante-la-regulacion-especifica-de-la-atencion-temprana\/\"},\"author\":{\"name\":\"PSOE Canarias\",\"@id\":\"https:\/\/psoecanarias.com\/web\/#\/schema\/person\/1ae43f9659d2fc599ca69c11e1dbf26f\"},\"headline\":\"El PSOE valora el consenso con que sale adelante la regulaci\u00f3n espec\u00edfica de la atenci\u00f3n temprana\",\"datePublished\":\"2019-03-27T14:00:01+00:00\",\"mainEntityOfPage\":{\"@id\":\"https:\/\/psoecanarias.com\/web\/el-psoe-valora-el-consenso-con-que-sale-adelante-la-regulacion-especifica-de-la-atencion-temprana\/\"},\"wordCount\":430,\"commentCount\":0,\"image\":{\"@id\":\"https:\/\/psoecanarias.com\/web\/el-psoe-valora-el-consenso-con-que-sale-adelante-la-regulacion-especifica-de-la-atencion-temprana\/#primaryimage\"},\"thumbnailUrl\":\"https:\/\/psoecanarias.com\/web\/wp-content\/uploads\/2019\/03\/28327217952_0f9148e01b_k.jpg\",\"articleSection\":[\"Pol\u00edtica\"],\"inLanguage\":\"es\",\"potentialAction\":[{\"@type\":\"CommentAction\",\"name\":\"Comment\",\"target\":[\"https:\/\/psoecanarias.com\/web\/el-psoe-valora-el-consenso-con-que-sale-adelante-la-regulacion-especifica-de-la-atencion-temprana\/#respond\"]}]},{\"@type\":\"WebPage\",\"@id\":\"https:\/\/psoecanarias.com\/web\/el-psoe-valora-el-consenso-con-que-sale-adelante-la-regulacion-especifica-de-la-atencion-temprana\/\",\"url\":\"https:\/\/psoecanarias.com\/web\/el-psoe-valora-el-consenso-con-que-sale-adelante-la-regulacion-especifica-de-la-atencion-temprana\/\",\"name\":\"El PSOE valora el consenso con que sale adelante la regulaci\u00f3n espec\u00edfica de la atenci\u00f3n temprana | PSOE Canarias\",\"isPartOf\":{\"@id\":\"https:\/\/psoecanarias.com\/web\/#website\"},\"primaryImageOfPage\":{\"@id\":\"https:\/\/psoecanarias.com\/web\/el-psoe-valora-el-consenso-con-que-sale-adelante-la-regulacion-especifica-de-la-atencion-temprana\/#primaryimage\"},\"image\":{\"@id\":\"https:\/\/psoecanarias.com\/web\/el-psoe-valora-el-consenso-con-que-sale-adelante-la-regulacion-especifica-de-la-atencion-temprana\/#primaryimage\"},\"thumbnailUrl\":\"https:\/\/psoecanarias.com\/web\/wp-content\/uploads\/2019\/03\/28327217952_0f9148e01b_k.jpg\",\"datePublished\":\"2019-03-27T14:00:01+00:00\",\"author\":{\"@id\":\"https:\/\/psoecanarias.com\/web\/#\/schema\/person\/1ae43f9659d2fc599ca69c11e1dbf26f\"},\"breadcrumb\":{\"@id\":\"https:\/\/psoecanarias.com\/web\/el-psoe-valora-el-consenso-con-que-sale-adelante-la-regulacion-especifica-de-la-atencion-temprana\/#breadcrumb\"},\"inLanguage\":\"es\",\"potentialAction\":[{\"@type\":\"ReadAction\",\"target\":[\"https:\/\/psoecanarias.com\/web\/el-psoe-valora-el-consenso-con-que-sale-adelante-la-regulacion-especifica-de-la-atencion-temprana\/\"]}]},{\"@type\":\"ImageObject\",\"inLanguage\":\"es\",\"@id\":\"https:\/\/psoecanarias.com\/web\/el-psoe-valora-el-consenso-con-que-sale-adelante-la-regulacion-especifica-de-la-atencion-temprana\/#primaryimage\",\"url\":\"https:\/\/psoecanarias.com\/web\/wp-content\/uploads\/2019\/03\/28327217952_0f9148e01b_k.jpg\",\"contentUrl\":\"https:\/\/psoecanarias.com\/web\/wp-content\/uploads\/2019\/03\/28327217952_0f9148e01b_k.jpg\",\"width\":2048,\"height\":1541},{\"@type\":\"BreadcrumbList\",\"@id\":\"https:\/\/psoecanarias.com\/web\/el-psoe-valora-el-consenso-con-que-sale-adelante-la-regulacion-especifica-de-la-atencion-temprana\/#breadcrumb\",\"itemListElement\":[{\"@type\":\"ListItem\",\"position\":1,\"name\":\"Portada\",\"item\":\"https:\/\/psoecanarias.com\/web\/\"},{\"@type\":\"ListItem\",\"position\":2,\"name\":\"El PSOE valora el consenso con que sale adelante la regulaci\u00f3n espec\u00edfica de la atenci\u00f3n temprana\"}]},{\"@type\":\"WebSite\",\"@id\":\"https:\/\/psoecanarias.com\/web\/#website\",\"url\":\"https:\/\/psoecanarias.com\/web\/\",\"name\":\"PSOE Canarias\",\"description\":\"Partido Socialista Obrero Espa\u00f1ol Canarias\",\"potentialAction\":[{\"@type\":\"SearchAction\",\"target\":{\"@type\":\"EntryPoint\",\"urlTemplate\":\"https:\/\/psoecanarias.com\/web\/?s={search_term_string}\"},\"query-input\":{\"@type\":\"PropertyValueSpecification\",\"valueRequired\":true,\"valueName\":\"search_term_string\"}}],\"inLanguage\":\"es\"},{\"@type\":\"Person\",\"@id\":\"https:\/\/psoecanarias.com\/web\/#\/schema\/person\/1ae43f9659d2fc599ca69c11e1dbf26f\",\"name\":\"PSOE Canarias\",\"image\":{\"@type\":\"ImageObject\",\"inLanguage\":\"es\",\"@id\":\"https:\/\/secure.gravatar.com\/avatar\/4364d37f6f6f9cdb7af199b46151565f37d8a8c3c0e04c1d78c04e857a15e3a8?s=96&d=mm&r=g\",\"url\":\"https:\/\/secure.gravatar.com\/avatar\/4364d37f6f6f9cdb7af199b46151565f37d8a8c3c0e04c1d78c04e857a15e3a8?s=96&d=mm&r=g\",\"contentUrl\":\"https:\/\/secure.gravatar.com\/avatar\/4364d37f6f6f9cdb7af199b46151565f37d8a8c3c0e04c1d78c04e857a15e3a8?s=96&d=mm&r=g\",\"caption\":\"PSOE Canarias\"},\"url\":\"https:\/\/psoecanarias.com\/web\/author\/admin\/\"}]}<\/script>\n<!-- \/ Yoast SEO plugin. -->","yoast_head_json":{"title":"El PSOE valora el consenso con que sale adelante la regulaci\u00f3n espec\u00edfica de la atenci\u00f3n temprana | PSOE Canarias","robots":{"index":"index","follow":"follow","max-snippet":"max-snippet:-1","max-image-preview":"max-image-preview:large","max-video-preview":"max-video-preview:-1"},"canonical":"https:\/\/psoecanarias.com\/web\/el-psoe-valora-el-consenso-con-que-sale-adelante-la-regulacion-especifica-de-la-atencion-temprana\/","og_locale":"es_ES","og_type":"article","og_title":"El PSOE valora el consenso con que sale adelante la regulaci\u00f3n espec\u00edfica de la atenci\u00f3n temprana | PSOE Canarias","og_description":"El pleno del Parlamento de Canarias aprob\u00f3 hoy por unanimidad la ley por la que se regula la atenci\u00f3n temprana en Canarias. El diputado del PSOE Marcos Hern\u00e1ndez Guill\u00e9n valor\u00f3 el consenso con que esta iniciativa ha salido adelante y subray\u00f3 la importancia de su aprobaci\u00f3n en nuestra comunidad aut\u00f3noma, una de las pocas que [&hellip;]","og_url":"https:\/\/psoecanarias.com\/web\/el-psoe-valora-el-consenso-con-que-sale-adelante-la-regulacion-especifica-de-la-atencion-temprana\/","og_site_name":"PSOE Canarias","article_published_time":"2019-03-27T14:00:01+00:00","og_image":[{"width":2048,"height":1541,"url":"https:\/\/psoecanarias.com\/web\/wp-content\/uploads\/2019\/03\/28327217952_0f9148e01b_k.jpg","type":"image\/jpeg"}],"author":"PSOE Canarias","twitter_card":"summary_large_image","schema":{"@context":"https:\/\/schema.org","@graph":[{"@type":"Article","@id":"https:\/\/psoecanarias.com\/web\/el-psoe-valora-el-consenso-con-que-sale-adelante-la-regulacion-especifica-de-la-atencion-temprana\/#article","isPartOf":{"@id":"https:\/\/psoecanarias.com\/web\/el-psoe-valora-el-consenso-con-que-sale-adelante-la-regulacion-especifica-de-la-atencion-temprana\/"},"author":{"name":"PSOE Canarias","@id":"https:\/\/psoecanarias.com\/web\/#\/schema\/person\/1ae43f9659d2fc599ca69c11e1dbf26f"},"headline":"El PSOE valora el consenso con que sale adelante la regulaci\u00f3n espec\u00edfica de la atenci\u00f3n temprana","datePublished":"2019-03-27T14:00:01+00:00","mainEntityOfPage":{"@id":"https:\/\/psoecanarias.com\/web\/el-psoe-valora-el-consenso-con-que-sale-adelante-la-regulacion-especifica-de-la-atencion-temprana\/"},"wordCount":430,"commentCount":0,"image":{"@id":"https:\/\/psoecanarias.com\/web\/el-psoe-valora-el-consenso-con-que-sale-adelante-la-regulacion-especifica-de-la-atencion-temprana\/#primaryimage"},"thumbnailUrl":"https:\/\/psoecanarias.com\/web\/wp-content\/uploads\/2019\/03\/28327217952_0f9148e01b_k.jpg","articleSection":["Pol\u00edtica"],"inLanguage":"es","potentialAction":[{"@type":"CommentAction","name":"Comment","target":["https:\/\/psoecanarias.com\/web\/el-psoe-valora-el-consenso-con-que-sale-adelante-la-regulacion-especifica-de-la-atencion-temprana\/#respond"]}]},{"@type":"WebPage","@id":"https:\/\/psoecanarias.com\/web\/el-psoe-valora-el-consenso-con-que-sale-adelante-la-regulacion-especifica-de-la-atencion-temprana\/","url":"https:\/\/psoecanarias.com\/web\/el-psoe-valora-el-consenso-con-que-sale-adelante-la-regulacion-especifica-de-la-atencion-temprana\/","name":"El PSOE valora el consenso con que sale adelante la regulaci\u00f3n espec\u00edfica de la atenci\u00f3n temprana | PSOE Canarias","isPartOf":{"@id":"https:\/\/psoecanarias.com\/web\/#website"},"primaryImageOfPage":{"@id":"https:\/\/psoecanarias.com\/web\/el-psoe-valora-el-consenso-con-que-sale-adelante-la-regulacion-especifica-de-la-atencion-temprana\/#primaryimage"},"image":{"@id":"https:\/\/psoecanarias.com\/web\/el-psoe-valora-el-consenso-con-que-sale-adelante-la-regulacion-especifica-de-la-atencion-temprana\/#primaryimage"},"thumbnailUrl":"https:\/\/psoecanarias.com\/web\/wp-content\/uploads\/2019\/03\/28327217952_0f9148e01b_k.jpg","datePublished":"2019-03-27T14:00:01+00:00","author":{"@id":"https:\/\/psoecanarias.com\/web\/#\/schema\/person\/1ae43f9659d2fc599ca69c11e1dbf26f"},"breadcrumb":{"@id":"https:\/\/psoecanarias.com\/web\/el-psoe-valora-el-consenso-con-que-sale-adelante-la-regulacion-especifica-de-la-atencion-temprana\/#breadcrumb"},"inLanguage":"es","potentialAction":[{"@type":"ReadAction","target":["https:\/\/psoecanarias.com\/web\/el-psoe-valora-el-consenso-con-que-sale-adelante-la-regulacion-especifica-de-la-atencion-temprana\/"]}]},{"@type":"ImageObject","inLanguage":"es","@id":"https:\/\/psoecanarias.com\/web\/el-psoe-valora-el-consenso-con-que-sale-adelante-la-regulacion-especifica-de-la-atencion-temprana\/#primaryimage","url":"https:\/\/psoecanarias.com\/web\/wp-content\/uploads\/2019\/03\/28327217952_0f9148e01b_k.jpg","contentUrl":"https:\/\/psoecanarias.com\/web\/wp-content\/uploads\/2019\/03\/28327217952_0f9148e01b_k.jpg","width":2048,"height":1541},{"@type":"BreadcrumbList","@id":"https:\/\/psoecanarias.com\/web\/el-psoe-valora-el-consenso-con-que-sale-adelante-la-regulacion-especifica-de-la-atencion-temprana\/#breadcrumb","itemListElement":[{"@type":"ListItem","position":1,"name":"Portada","item":"https:\/\/psoecanarias.com\/web\/"},{"@type":"ListItem","position":2,"name":"El PSOE valora el consenso con que sale adelante la regulaci\u00f3n espec\u00edfica de la atenci\u00f3n temprana"}]},{"@type":"WebSite","@id":"https:\/\/psoecanarias.com\/web\/#website","url":"https:\/\/psoecanarias.com\/web\/","name":"PSOE Canarias","description":"Partido Socialista Obrero Espa\u00f1ol Canarias","potentialAction":[{"@type":"SearchAction","target":{"@type":"EntryPoint","urlTemplate":"https:\/\/psoecanarias.com\/web\/?s={search_term_string}"},"query-input":{"@type":"PropertyValueSpecification","valueRequired":true,"valueName":"search_term_string"}}],"inLanguage":"es"},{"@type":"Person","@id":"https:\/\/psoecanarias.com\/web\/#\/schema\/person\/1ae43f9659d2fc599ca69c11e1dbf26f","name":"PSOE Canarias","image":{"@type":"ImageObject","inLanguage":"es","@id":"https:\/\/secure.gravatar.com\/avatar\/4364d37f6f6f9cdb7af199b46151565f37d8a8c3c0e04c1d78c04e857a15e3a8?s=96&d=mm&r=g","url":"https:\/\/secure.gravatar.com\/avatar\/4364d37f6f6f9cdb7af199b46151565f37d8a8c3c0e04c1d78c04e857a15e3a8?s=96&d=mm&r=g","contentUrl":"https:\/\/secure.gravatar.com\/avatar\/4364d37f6f6f9cdb7af199b46151565f37d8a8c3c0e04c1d78c04e857a15e3a8?s=96&d=mm&r=g","caption":"PSOE Canarias"},"url":"https:\/\/psoecanarias.com\/web\/author\/admin\/"}]}},"_links":{"self":[{"href":"https:\/\/psoecanarias.com\/web\/wp-json\/wp\/v2\/posts\/6214","targetHints":{"allow":["GET"]}}],"collection":[{"href":"https:\/\/psoecanarias.com\/web\/wp-json\/wp\/v2\/posts"}],"about":[{"href":"https:\/\/psoecanarias.com\/web\/wp-json\/wp\/v2\/types\/post"}],"author":[{"embeddable":true,"href":"https:\/\/psoecanarias.com\/web\/wp-json\/wp\/v2\/users\/1"}],"replies":[{"embeddable":true,"href":"https:\/\/psoecanarias.com\/web\/wp-json\/wp\/v2\/comments?post=6214"}],"version-history":[{"count":1,"href":"https:\/\/psoecanarias.com\/web\/wp-json\/wp\/v2\/posts\/6214\/revisions"}],"predecessor-version":[{"id":6216,"href":"https:\/\/psoecanarias.com\/web\/wp-json\/wp\/v2\/posts\/6214\/revisions\/6216"}],"wp:featuredmedia":[{"embeddable":true,"href":"https:\/\/psoecanarias.com\/web\/wp-json\/wp\/v2\/media\/6215"}],"wp:attachment":[{"href":"https:\/\/psoecanarias.com\/web\/wp-json\/wp\/v2\/media?parent=6214"}],"wp:term":[{"taxonomy":"category","embeddable":true,"href":"https:\/\/psoecanarias.com\/web\/wp-json\/wp\/v2\/categories?post=6214"},{"taxonomy":"post_tag","embeddable":true,"href":"https:\/\/psoecanarias.com\/web\/wp-json\/wp\/v2\/tags?post=6214"}],"curies":[{"name":"wp","href":"https:\/\/api.w.org\/{rel}","templated":true}]}}