{"id":6312,"date":"2019-04-07T22:11:59","date_gmt":"2019-04-07T21:11:59","guid":{"rendered":"http:\/\/psoecanarias.com\/web\/?p=6312"},"modified":"2019-04-07T22:11:59","modified_gmt":"2019-04-07T21:11:59","slug":"hoy-hace-diez-meses-de-la-toma-de-posesion-del-gobierno-de-sanchez-y-desde-ese-dia-en-madrid-hubo-agenda-canaria","status":"publish","type":"post","link":"https:\/\/psoecanarias.com\/web\/hoy-hace-diez-meses-de-la-toma-de-posesion-del-gobierno-de-sanchez-y-desde-ese-dia-en-madrid-hubo-agenda-canaria\/","title":{"rendered":"\u201cHoy hace diez meses de la toma de posesi\u00f3n del Gobierno de S\u00e1nchez y desde ese d\u00eda, en Madrid hubo agenda canaria\u201d"},"content":{"rendered":"<p>La vicepresidenta del Gobierno de Espa\u00f1a y secretaria federal de Igualdad del PSOE, Carmen Calvo, record\u00f3 este domingo que hoy se cumplen diez meses de la toma de posesi\u00f3n del Gobierno de Pedro S\u00e1nchez. \u201cDesde ese d\u00eda, en Madrid hubo agenda canaria, no frases ni encontronazos, sino responsabilidad por Canarias\u201d, dijo en Las Palmas de Gran Canaria.<\/p>\n<p>Calvo particip\u00f3 en un acto p\u00fablico celebrado en la sala Jer\u00f3nimo Saavedra del auditorio Alfredo Kraus, donde tambi\u00e9n intervinieron el secretario general del PSOE Canarias y candidato a la Presidencia del Gobierno auton\u00f3mico, \u00c1ngel V\u00edctor Torres, la candidata al Congreso por Las Palmas, Elena M\u00e1\u00f1ez, el cabeza de lista al Parlamento por Gran Canaria, Sebasti\u00e1n Franquis, y el alcalde capitalino y candidato a la reelecci\u00f3n, Augusto Hidalgo.<\/p>\n<p>En su intervenci\u00f3n, Carmen Calvo critic\u00f3 el \u201cgobierno bronco\u201d de Coalici\u00f3n Canaria, \u201cque no representa a Canarias, pero queda poco\u201d. Asegur\u00f3 que \u00c1ngel V\u00edctor Torres \u201cva a ser el presidente de todos los canarios, de todas las islas, sin discriminar a quienes no est\u00e9n es las mismas siglas\u201d para afrontar as\u00ed los \u201cimportantes problemas\u201d que existen en el archipi\u00e9lago en materia de empleo, becas, pobreza infantil o medio ambiente, entre otros.<\/p>\n<p>Destac\u00f3, asimismo, el \u201corgullo de todos los socialistas espa\u00f1oles\u201d por la Alcald\u00eda de Augusto Hidalgo, \u201cporque sabemos lo dif\u00edcil que ha sido durante a\u00f1os la situaci\u00f3n pol\u00edtica en Canarias por quienes han pensando que Canarias era suya\u201d. Como ejemplo de ello, habl\u00f3 del \u201cpresupuesto sin ejecutar, dinero sin gastar y los problemas pendientes\u201d y remarc\u00f3 que la pol\u00edtica \u201cconsiste en arriesgarte con prudencia y realismo\u201d.<\/p>\n<p>La vicepresidenta dijo que las pr\u00f3ximas citas con las urnas representan \u201cdos grandes retos, pues nos jugamos, en un panorama que cada d\u00eda se va poniendo m\u00e1s duro, elegir entre el poder o la pol\u00edtica\u201d. Subray\u00f3 que el PSOE es \u201cel \u00fanico partido que, teniendo historia, garantiza el futuro desde el honor y la experiencia\u201d y, por todo ello, dijo \u201chasta aqu\u00ed que la derecha, llena de casos de corrupci\u00f3n, siga diciendo que no hay nada que hacer y que la crisis lo justifica todo, como el que tres millones de espa\u00f1oles se hayan marchado fuera en pocos a\u00f1os por un Gobierno que no respond\u00eda\u201d.<\/p>\n<p>Lament\u00f3 que \u201cel \u00fanico proyecto de los dem\u00e1s\u201d sea \u201cir contra el PSOE\u201d, advirti\u00f3 de que en esta campa\u00f1a electoral \u201cpasar\u00e1 de todo\u201d pero indic\u00f3 que el PSOE solo tiene que \u201cmantenerse en su programa electoral de reequilibrios de todos los desajustes que Espa\u00f1a ha acumulado con la crisis\u201d.<\/p>\n<p>Apost\u00f3 por \u201cseguir priorizando el crecimiento en cohesi\u00f3n territorial y en econom\u00eda\u201d, defendi\u00f3 la necesidad \u201cde que nuestros j\u00f3venes trabajen y que nuestros mayores puedan vivir tranquilos\u201d y a la pregunta de por qu\u00e9 el Gobierno de S\u00e1nchez hace reales decretos, respondi\u00f3 que para dar respuesta a los problemas que hay. \u201cVamos a seguir haci\u00e9ndolo para que haya justicia e igualdad\u201d.<\/p>\n<p>La ministra destac\u00f3 el \u201crigor y experiencia\u201d del PSOE y record\u00f3 que es el \u00fanico partido que ha \u201cpuesto la fraternidad y la solidaridad sobre la mesa de la pol\u00edtica espa\u00f1ola, algo que es un sentimiento, pero tambi\u00e9n una obligaci\u00f3n jur\u00eddica\u201d. Afirm\u00f3 que hoy \u201cya nadie reconoce a este PP, que se ha dejado arrastrar por la ultraderecha\u201d pero asegur\u00f3 que las mujeres progresistas de este pa\u00eds \u201clos parar\u00e1n\u201d.<\/p>\n<p>\u201cNo damos cr\u00e9dito: nunca pensamos que pudiesen aparecer estas propuestas trogloditas a decirnos que de lo nuestro nada. En este pa\u00eds hay que decirles a las mujeres que pueden ser madres, que pueden trabajar y que el sistema les va a responder con pol\u00edticas a problemas que son pol\u00edticos, en un pa\u00eds donde quepamos todas y todos y donde nadie tenga el monopolio de interpretar lo que es Espa\u00f1a\u201d.<\/p>\n<p>CONVERTIR LOS LUNES DE CRISPACI\u00d3N EN LUNES SOCIALES<\/p>\n<p>Por su parte, \u00c1ngel V\u00edctor Torres afirm\u00f3 que en mayo se producir\u00e1 el cambio el cambio pol\u00edtico en Canarias y en abril se asentar\u00e1 el proyecto de Pedro S\u00e1nchez, para lo que apel\u00f3 a la \u201cresponsabilidad socialista de llenar las urnas de votos, porque est\u00e1 en riesgo la consolidaci\u00f3n social de Espa\u00f1a.<\/p>\n<p>Se\u00f1al\u00f3 que en las elecciones generales, Espa\u00f1a se juega \u201cratificar, con un voto mayoritario y tras el magn\u00edfico trabajo de nuestros 84 diputados, seguir caminando por un salario m\u00ednimo interprofesional digno, por la mejora en las pol\u00edticas de dependencia, por el empleo, caminar en el dialogo, la cohesi\u00f3n social, la tolerancia, y hemos de hacerlo llenando las urnas de votos\u201d.<\/p>\n<p>Explic\u00f3 que luego vendr\u00e1 el \u201ccambio pol\u00edtico\u201d en Canarias. \u201cAl d\u00eda siguiente de tomar posesi\u00f3n como presidente y con mis consejeros y consejeras, modificar\u00e9 el presupuesto de 2019 para que haya partidas para pensiones no contributivas, para vivienda digna, educaci\u00f3n y sanidad con recursos humanos y materiales suficientes, para bajar las ratios, para un desarrollo de la sostenibilidad mucho mayor\u201d. Torres dijo que en Canarias \u201ccambiaremos los lunes de la crispaci\u00f3n por los lunes sociales\u201d.<\/p>\n<p>Por \u00faltimo, aprovech\u00f3 la presencia de Pino Sosa y Balbina Sosa en este acto para poner en valor el importante trabajo que han desarrollado en los llamados pozos del olvido para la recuperaci\u00f3n de la memoria hist\u00f3rica. \u201cSon dos mujeres valientes que han conseguido que se abran los pozos del olvido en Arucas\u201d. Record\u00f3 que gracias al PSOE se sac\u00f3 la ley de memoria hist\u00f3rica \u201csiendo conscientes de la importancia de defender la memoria de quienes perdieron la vida por las libertades\u201d.<\/p>\n<p>\u201cPor ellos, por quienes perdieron la vida para que nosotros podamos votar el 28 de abril y el 26 de mayo, hagamos que Pedro S\u00e1nchez sea nuestro presidente y que el PSOE gobierne en Canarias\u201d.<\/p>\n<p>ORGULLO SOCIALISTA<\/p>\n<p>Elena M\u00e1\u00f1ez, en su intervenci\u00f3n, se defini\u00f3 como \u201cfeminista y socialista\u201d e hizo hincapi\u00e9 en que el feminismo \u201cno es patrimonio de ning\u00fan partido, pero las grandes transformaciones en igualdad se han hecho con gobiernos socialistas, caminando de la mano con el movimiento feminista\u201d. Explic\u00f3 que el 28 de abril \u201cest\u00e1 en juego ese avance: si avanzan las mujeres, avanza el conjunto de la sociedad, pero la extrema derecha prefiere los toros que los derechos mujeres y demuestra su indecencia al negar la violencia machista en este pa\u00eds\u201d.<\/p>\n<p>M\u00e1\u00f1ez habl\u00f3 de \u201corgullo socialista, orgullo de pa\u00eds y orgullo de Gobierno el de Pedro S\u00e1nchez\u201d, tras lo que tom\u00f3 la palabra Sebasti\u00e1n Franquis para afirmar que en la sociedad espa\u00f1ola \u201ccabemos todos\u201d. Se\u00f1al\u00f3 que el 28 de abril ser\u00e1n las elecciones generales y el 2 de mayo, el PSOE cumplir\u00e1 140 a\u00f1os de historia \u201cdesde las mismas siglas, defendiendo los mismos valores y trabajando por quienes peor lo pasan en la sociedad\u201d.<\/p>\n<p>Franquis asegur\u00f3 que siente \u201crabia contenida\u201d cuando escucha a Clavijo y D\u00e1vila hablar de super\u00e1vit. \u201c\u00bfC\u00f3mo pueden presumir de super\u00e1vit cuando estamos a la cola en todos los indicadores sociales? Esto se cambia votando, con un gobierno que piense en la gente para devolverle la justicia social\u201d.<\/p>\n<p>Por \u00faltimo, Augusto Hidalgo hizo un breve balance de su gesti\u00f3n al frente del Ayuntamiento y recalc\u00f3 que el PSOE \u201cha venido aqu\u00ed a cambiar las cosas mejorando las condiciones de vida de la ciudadan\u00eda\u201d. Destac\u00f3 que estos cuatro a\u00f1os, se ha realizado el mayor gasto social, cultural y en materia deportiva de la ciudad, las mayores inversiones, generando 10.000 puestos de trabajo en este mandato. \u201cHemos hecho que la gente vuelva a sentirse orgullosa de vivir en Las Palmas de Gran Canaria\u201d, afirm\u00f3 Hidalgo.<\/p>\n","protected":false},"excerpt":{"rendered":"<p>La vicepresidenta del Gobierno de Espa\u00f1a y secretaria federal de Igualdad del PSOE, Carmen Calvo, record\u00f3 este domingo que hoy se cumplen diez meses de la toma de posesi\u00f3n del Gobierno de Pedro S\u00e1nchez. \u201cDesde ese d\u00eda, en Madrid hubo agenda canaria, no frases ni encontronazos, sino responsabilidad por Canarias\u201d, dijo en Las Palmas de [&hellip;]<\/p>\n","protected":false},"author":1,"featured_media":8406,"comment_status":"open","ping_status":"open","sticky":false,"template":"","format":"standard","meta":{"footnotes":""},"categories":[7],"tags":[],"class_list":["post-6312","post","type-post","status-publish","format-standard","has-post-thumbnail","hentry","category-politica"],"featured_image_src":"https:\/\/psoecanarias.com\/web\/wp-content\/uploads\/2020\/03\/thumb_noimages.jpg","author_info":{"display_name":"PSOE Canarias","author_link":"https:\/\/psoecanarias.com\/web\/author\/admin\/"},"yoast_head":"<!-- This site is optimized with the Yoast SEO plugin v27.2 - https:\/\/yoast.com\/product\/yoast-seo-wordpress\/ -->\n<title>\u201cHoy hace diez meses de la toma de posesi\u00f3n del Gobierno de S\u00e1nchez y desde ese d\u00eda, en Madrid hubo agenda canaria\u201d | PSOE Canarias<\/title>\n<meta name=\"robots\" content=\"index, follow, max-snippet:-1, max-image-preview:large, max-video-preview:-1\" \/>\n<link rel=\"canonical\" href=\"https:\/\/psoecanarias.com\/web\/hoy-hace-diez-meses-de-la-toma-de-posesion-del-gobierno-de-sanchez-y-desde-ese-dia-en-madrid-hubo-agenda-canaria\/\" \/>\n<meta property=\"og:locale\" content=\"es_ES\" \/>\n<meta property=\"og:type\" content=\"article\" \/>\n<meta property=\"og:title\" content=\"\u201cHoy hace diez meses de la toma de posesi\u00f3n del Gobierno de S\u00e1nchez y desde ese d\u00eda, en Madrid hubo agenda canaria\u201d | PSOE Canarias\" \/>\n<meta property=\"og:description\" content=\"La vicepresidenta del Gobierno de Espa\u00f1a y secretaria federal de Igualdad del PSOE, Carmen Calvo, record\u00f3 este domingo que hoy se cumplen diez meses de la toma de posesi\u00f3n del Gobierno de Pedro S\u00e1nchez. \u201cDesde ese d\u00eda, en Madrid hubo agenda canaria, no frases ni encontronazos, sino responsabilidad por Canarias\u201d, dijo en Las Palmas de [&hellip;]\" \/>\n<meta property=\"og:url\" content=\"https:\/\/psoecanarias.com\/web\/hoy-hace-diez-meses-de-la-toma-de-posesion-del-gobierno-de-sanchez-y-desde-ese-dia-en-madrid-hubo-agenda-canaria\/\" \/>\n<meta property=\"og:site_name\" content=\"PSOE Canarias\" \/>\n<meta property=\"article:published_time\" content=\"2019-04-07T21:11:59+00:00\" \/>\n<meta property=\"og:image\" content=\"https:\/\/psoecanarias.com\/web\/wp-content\/uploads\/2020\/03\/thumb_noimages.jpg\" \/>\n\t<meta property=\"og:image:width\" content=\"303\" \/>\n\t<meta property=\"og:image:height\" content=\"200\" \/>\n\t<meta property=\"og:image:type\" content=\"image\/jpeg\" \/>\n<meta name=\"author\" content=\"PSOE Canarias\" \/>\n<meta name=\"twitter:card\" content=\"summary_large_image\" \/>\n<script type=\"application\/ld+json\" class=\"yoast-schema-graph\">{\"@context\":\"https:\/\/schema.org\",\"@graph\":[{\"@type\":\"Article\",\"@id\":\"https:\/\/psoecanarias.com\/web\/hoy-hace-diez-meses-de-la-toma-de-posesion-del-gobierno-de-sanchez-y-desde-ese-dia-en-madrid-hubo-agenda-canaria\/#article\",\"isPartOf\":{\"@id\":\"https:\/\/psoecanarias.com\/web\/hoy-hace-diez-meses-de-la-toma-de-posesion-del-gobierno-de-sanchez-y-desde-ese-dia-en-madrid-hubo-agenda-canaria\/\"},\"author\":{\"name\":\"PSOE Canarias\",\"@id\":\"https:\/\/psoecanarias.com\/web\/#\/schema\/person\/1ae43f9659d2fc599ca69c11e1dbf26f\"},\"headline\":\"\u201cHoy hace diez meses de la toma de posesi\u00f3n del Gobierno de S\u00e1nchez y desde ese d\u00eda, en Madrid hubo agenda canaria\u201d\",\"datePublished\":\"2019-04-07T21:11:59+00:00\",\"mainEntityOfPage\":{\"@id\":\"https:\/\/psoecanarias.com\/web\/hoy-hace-diez-meses-de-la-toma-de-posesion-del-gobierno-de-sanchez-y-desde-ese-dia-en-madrid-hubo-agenda-canaria\/\"},\"wordCount\":1329,\"commentCount\":0,\"image\":{\"@id\":\"https:\/\/psoecanarias.com\/web\/hoy-hace-diez-meses-de-la-toma-de-posesion-del-gobierno-de-sanchez-y-desde-ese-dia-en-madrid-hubo-agenda-canaria\/#primaryimage\"},\"thumbnailUrl\":\"https:\/\/psoecanarias.com\/web\/wp-content\/uploads\/2020\/03\/thumb_noimages.jpg\",\"articleSection\":[\"Pol\u00edtica\"],\"inLanguage\":\"es\",\"potentialAction\":[{\"@type\":\"CommentAction\",\"name\":\"Comment\",\"target\":[\"https:\/\/psoecanarias.com\/web\/hoy-hace-diez-meses-de-la-toma-de-posesion-del-gobierno-de-sanchez-y-desde-ese-dia-en-madrid-hubo-agenda-canaria\/#respond\"]}]},{\"@type\":\"WebPage\",\"@id\":\"https:\/\/psoecanarias.com\/web\/hoy-hace-diez-meses-de-la-toma-de-posesion-del-gobierno-de-sanchez-y-desde-ese-dia-en-madrid-hubo-agenda-canaria\/\",\"url\":\"https:\/\/psoecanarias.com\/web\/hoy-hace-diez-meses-de-la-toma-de-posesion-del-gobierno-de-sanchez-y-desde-ese-dia-en-madrid-hubo-agenda-canaria\/\",\"name\":\"\u201cHoy hace diez meses de la toma de posesi\u00f3n del Gobierno de S\u00e1nchez y desde ese d\u00eda, en Madrid hubo agenda canaria\u201d | PSOE Canarias\",\"isPartOf\":{\"@id\":\"https:\/\/psoecanarias.com\/web\/#website\"},\"primaryImageOfPage\":{\"@id\":\"https:\/\/psoecanarias.com\/web\/hoy-hace-diez-meses-de-la-toma-de-posesion-del-gobierno-de-sanchez-y-desde-ese-dia-en-madrid-hubo-agenda-canaria\/#primaryimage\"},\"image\":{\"@id\":\"https:\/\/psoecanarias.com\/web\/hoy-hace-diez-meses-de-la-toma-de-posesion-del-gobierno-de-sanchez-y-desde-ese-dia-en-madrid-hubo-agenda-canaria\/#primaryimage\"},\"thumbnailUrl\":\"https:\/\/psoecanarias.com\/web\/wp-content\/uploads\/2020\/03\/thumb_noimages.jpg\",\"datePublished\":\"2019-04-07T21:11:59+00:00\",\"author\":{\"@id\":\"https:\/\/psoecanarias.com\/web\/#\/schema\/person\/1ae43f9659d2fc599ca69c11e1dbf26f\"},\"breadcrumb\":{\"@id\":\"https:\/\/psoecanarias.com\/web\/hoy-hace-diez-meses-de-la-toma-de-posesion-del-gobierno-de-sanchez-y-desde-ese-dia-en-madrid-hubo-agenda-canaria\/#breadcrumb\"},\"inLanguage\":\"es\",\"potentialAction\":[{\"@type\":\"ReadAction\",\"target\":[\"https:\/\/psoecanarias.com\/web\/hoy-hace-diez-meses-de-la-toma-de-posesion-del-gobierno-de-sanchez-y-desde-ese-dia-en-madrid-hubo-agenda-canaria\/\"]}]},{\"@type\":\"ImageObject\",\"inLanguage\":\"es\",\"@id\":\"https:\/\/psoecanarias.com\/web\/hoy-hace-diez-meses-de-la-toma-de-posesion-del-gobierno-de-sanchez-y-desde-ese-dia-en-madrid-hubo-agenda-canaria\/#primaryimage\",\"url\":\"https:\/\/psoecanarias.com\/web\/wp-content\/uploads\/2020\/03\/thumb_noimages.jpg\",\"contentUrl\":\"https:\/\/psoecanarias.com\/web\/wp-content\/uploads\/2020\/03\/thumb_noimages.jpg\",\"width\":303,\"height\":200},{\"@type\":\"BreadcrumbList\",\"@id\":\"https:\/\/psoecanarias.com\/web\/hoy-hace-diez-meses-de-la-toma-de-posesion-del-gobierno-de-sanchez-y-desde-ese-dia-en-madrid-hubo-agenda-canaria\/#breadcrumb\",\"itemListElement\":[{\"@type\":\"ListItem\",\"position\":1,\"name\":\"Portada\",\"item\":\"https:\/\/psoecanarias.com\/web\/\"},{\"@type\":\"ListItem\",\"position\":2,\"name\":\"\u201cHoy hace diez meses de la toma de posesi\u00f3n del Gobierno de S\u00e1nchez y desde ese d\u00eda, en Madrid hubo agenda canaria\u201d\"}]},{\"@type\":\"WebSite\",\"@id\":\"https:\/\/psoecanarias.com\/web\/#website\",\"url\":\"https:\/\/psoecanarias.com\/web\/\",\"name\":\"PSOE Canarias\",\"description\":\"Partido Socialista Obrero Espa\u00f1ol Canarias\",\"potentialAction\":[{\"@type\":\"SearchAction\",\"target\":{\"@type\":\"EntryPoint\",\"urlTemplate\":\"https:\/\/psoecanarias.com\/web\/?s={search_term_string}\"},\"query-input\":{\"@type\":\"PropertyValueSpecification\",\"valueRequired\":true,\"valueName\":\"search_term_string\"}}],\"inLanguage\":\"es\"},{\"@type\":\"Person\",\"@id\":\"https:\/\/psoecanarias.com\/web\/#\/schema\/person\/1ae43f9659d2fc599ca69c11e1dbf26f\",\"name\":\"PSOE Canarias\",\"image\":{\"@type\":\"ImageObject\",\"inLanguage\":\"es\",\"@id\":\"https:\/\/secure.gravatar.com\/avatar\/4364d37f6f6f9cdb7af199b46151565f37d8a8c3c0e04c1d78c04e857a15e3a8?s=96&d=mm&r=g\",\"url\":\"https:\/\/secure.gravatar.com\/avatar\/4364d37f6f6f9cdb7af199b46151565f37d8a8c3c0e04c1d78c04e857a15e3a8?s=96&d=mm&r=g\",\"contentUrl\":\"https:\/\/secure.gravatar.com\/avatar\/4364d37f6f6f9cdb7af199b46151565f37d8a8c3c0e04c1d78c04e857a15e3a8?s=96&d=mm&r=g\",\"caption\":\"PSOE Canarias\"},\"url\":\"https:\/\/psoecanarias.com\/web\/author\/admin\/\"}]}<\/script>\n<!-- \/ Yoast SEO plugin. -->","yoast_head_json":{"title":"\u201cHoy hace diez meses de la toma de posesi\u00f3n del Gobierno de S\u00e1nchez y desde ese d\u00eda, en Madrid hubo agenda canaria\u201d | PSOE Canarias","robots":{"index":"index","follow":"follow","max-snippet":"max-snippet:-1","max-image-preview":"max-image-preview:large","max-video-preview":"max-video-preview:-1"},"canonical":"https:\/\/psoecanarias.com\/web\/hoy-hace-diez-meses-de-la-toma-de-posesion-del-gobierno-de-sanchez-y-desde-ese-dia-en-madrid-hubo-agenda-canaria\/","og_locale":"es_ES","og_type":"article","og_title":"\u201cHoy hace diez meses de la toma de posesi\u00f3n del Gobierno de S\u00e1nchez y desde ese d\u00eda, en Madrid hubo agenda canaria\u201d | PSOE Canarias","og_description":"La vicepresidenta del Gobierno de Espa\u00f1a y secretaria federal de Igualdad del PSOE, Carmen Calvo, record\u00f3 este domingo que hoy se cumplen diez meses de la toma de posesi\u00f3n del Gobierno de Pedro S\u00e1nchez. \u201cDesde ese d\u00eda, en Madrid hubo agenda canaria, no frases ni encontronazos, sino responsabilidad por Canarias\u201d, dijo en Las Palmas de [&hellip;]","og_url":"https:\/\/psoecanarias.com\/web\/hoy-hace-diez-meses-de-la-toma-de-posesion-del-gobierno-de-sanchez-y-desde-ese-dia-en-madrid-hubo-agenda-canaria\/","og_site_name":"PSOE Canarias","article_published_time":"2019-04-07T21:11:59+00:00","og_image":[{"width":303,"height":200,"url":"https:\/\/psoecanarias.com\/web\/wp-content\/uploads\/2020\/03\/thumb_noimages.jpg","type":"image\/jpeg"}],"author":"PSOE Canarias","twitter_card":"summary_large_image","schema":{"@context":"https:\/\/schema.org","@graph":[{"@type":"Article","@id":"https:\/\/psoecanarias.com\/web\/hoy-hace-diez-meses-de-la-toma-de-posesion-del-gobierno-de-sanchez-y-desde-ese-dia-en-madrid-hubo-agenda-canaria\/#article","isPartOf":{"@id":"https:\/\/psoecanarias.com\/web\/hoy-hace-diez-meses-de-la-toma-de-posesion-del-gobierno-de-sanchez-y-desde-ese-dia-en-madrid-hubo-agenda-canaria\/"},"author":{"name":"PSOE Canarias","@id":"https:\/\/psoecanarias.com\/web\/#\/schema\/person\/1ae43f9659d2fc599ca69c11e1dbf26f"},"headline":"\u201cHoy hace diez meses de la toma de posesi\u00f3n del Gobierno de S\u00e1nchez y desde ese d\u00eda, en Madrid hubo agenda canaria\u201d","datePublished":"2019-04-07T21:11:59+00:00","mainEntityOfPage":{"@id":"https:\/\/psoecanarias.com\/web\/hoy-hace-diez-meses-de-la-toma-de-posesion-del-gobierno-de-sanchez-y-desde-ese-dia-en-madrid-hubo-agenda-canaria\/"},"wordCount":1329,"commentCount":0,"image":{"@id":"https:\/\/psoecanarias.com\/web\/hoy-hace-diez-meses-de-la-toma-de-posesion-del-gobierno-de-sanchez-y-desde-ese-dia-en-madrid-hubo-agenda-canaria\/#primaryimage"},"thumbnailUrl":"https:\/\/psoecanarias.com\/web\/wp-content\/uploads\/2020\/03\/thumb_noimages.jpg","articleSection":["Pol\u00edtica"],"inLanguage":"es","potentialAction":[{"@type":"CommentAction","name":"Comment","target":["https:\/\/psoecanarias.com\/web\/hoy-hace-diez-meses-de-la-toma-de-posesion-del-gobierno-de-sanchez-y-desde-ese-dia-en-madrid-hubo-agenda-canaria\/#respond"]}]},{"@type":"WebPage","@id":"https:\/\/psoecanarias.com\/web\/hoy-hace-diez-meses-de-la-toma-de-posesion-del-gobierno-de-sanchez-y-desde-ese-dia-en-madrid-hubo-agenda-canaria\/","url":"https:\/\/psoecanarias.com\/web\/hoy-hace-diez-meses-de-la-toma-de-posesion-del-gobierno-de-sanchez-y-desde-ese-dia-en-madrid-hubo-agenda-canaria\/","name":"\u201cHoy hace diez meses de la toma de posesi\u00f3n del Gobierno de S\u00e1nchez y desde ese d\u00eda, en Madrid hubo agenda canaria\u201d | PSOE Canarias","isPartOf":{"@id":"https:\/\/psoecanarias.com\/web\/#website"},"primaryImageOfPage":{"@id":"https:\/\/psoecanarias.com\/web\/hoy-hace-diez-meses-de-la-toma-de-posesion-del-gobierno-de-sanchez-y-desde-ese-dia-en-madrid-hubo-agenda-canaria\/#primaryimage"},"image":{"@id":"https:\/\/psoecanarias.com\/web\/hoy-hace-diez-meses-de-la-toma-de-posesion-del-gobierno-de-sanchez-y-desde-ese-dia-en-madrid-hubo-agenda-canaria\/#primaryimage"},"thumbnailUrl":"https:\/\/psoecanarias.com\/web\/wp-content\/uploads\/2020\/03\/thumb_noimages.jpg","datePublished":"2019-04-07T21:11:59+00:00","author":{"@id":"https:\/\/psoecanarias.com\/web\/#\/schema\/person\/1ae43f9659d2fc599ca69c11e1dbf26f"},"breadcrumb":{"@id":"https:\/\/psoecanarias.com\/web\/hoy-hace-diez-meses-de-la-toma-de-posesion-del-gobierno-de-sanchez-y-desde-ese-dia-en-madrid-hubo-agenda-canaria\/#breadcrumb"},"inLanguage":"es","potentialAction":[{"@type":"ReadAction","target":["https:\/\/psoecanarias.com\/web\/hoy-hace-diez-meses-de-la-toma-de-posesion-del-gobierno-de-sanchez-y-desde-ese-dia-en-madrid-hubo-agenda-canaria\/"]}]},{"@type":"ImageObject","inLanguage":"es","@id":"https:\/\/psoecanarias.com\/web\/hoy-hace-diez-meses-de-la-toma-de-posesion-del-gobierno-de-sanchez-y-desde-ese-dia-en-madrid-hubo-agenda-canaria\/#primaryimage","url":"https:\/\/psoecanarias.com\/web\/wp-content\/uploads\/2020\/03\/thumb_noimages.jpg","contentUrl":"https:\/\/psoecanarias.com\/web\/wp-content\/uploads\/2020\/03\/thumb_noimages.jpg","width":303,"height":200},{"@type":"BreadcrumbList","@id":"https:\/\/psoecanarias.com\/web\/hoy-hace-diez-meses-de-la-toma-de-posesion-del-gobierno-de-sanchez-y-desde-ese-dia-en-madrid-hubo-agenda-canaria\/#breadcrumb","itemListElement":[{"@type":"ListItem","position":1,"name":"Portada","item":"https:\/\/psoecanarias.com\/web\/"},{"@type":"ListItem","position":2,"name":"\u201cHoy hace diez meses de la toma de posesi\u00f3n del Gobierno de S\u00e1nchez y desde ese d\u00eda, en Madrid hubo agenda canaria\u201d"}]},{"@type":"WebSite","@id":"https:\/\/psoecanarias.com\/web\/#website","url":"https:\/\/psoecanarias.com\/web\/","name":"PSOE Canarias","description":"Partido Socialista Obrero Espa\u00f1ol Canarias","potentialAction":[{"@type":"SearchAction","target":{"@type":"EntryPoint","urlTemplate":"https:\/\/psoecanarias.com\/web\/?s={search_term_string}"},"query-input":{"@type":"PropertyValueSpecification","valueRequired":true,"valueName":"search_term_string"}}],"inLanguage":"es"},{"@type":"Person","@id":"https:\/\/psoecanarias.com\/web\/#\/schema\/person\/1ae43f9659d2fc599ca69c11e1dbf26f","name":"PSOE Canarias","image":{"@type":"ImageObject","inLanguage":"es","@id":"https:\/\/secure.gravatar.com\/avatar\/4364d37f6f6f9cdb7af199b46151565f37d8a8c3c0e04c1d78c04e857a15e3a8?s=96&d=mm&r=g","url":"https:\/\/secure.gravatar.com\/avatar\/4364d37f6f6f9cdb7af199b46151565f37d8a8c3c0e04c1d78c04e857a15e3a8?s=96&d=mm&r=g","contentUrl":"https:\/\/secure.gravatar.com\/avatar\/4364d37f6f6f9cdb7af199b46151565f37d8a8c3c0e04c1d78c04e857a15e3a8?s=96&d=mm&r=g","caption":"PSOE Canarias"},"url":"https:\/\/psoecanarias.com\/web\/author\/admin\/"}]}},"_links":{"self":[{"href":"https:\/\/psoecanarias.com\/web\/wp-json\/wp\/v2\/posts\/6312","targetHints":{"allow":["GET"]}}],"collection":[{"href":"https:\/\/psoecanarias.com\/web\/wp-json\/wp\/v2\/posts"}],"about":[{"href":"https:\/\/psoecanarias.com\/web\/wp-json\/wp\/v2\/types\/post"}],"author":[{"embeddable":true,"href":"https:\/\/psoecanarias.com\/web\/wp-json\/wp\/v2\/users\/1"}],"replies":[{"embeddable":true,"href":"https:\/\/psoecanarias.com\/web\/wp-json\/wp\/v2\/comments?post=6312"}],"version-history":[{"count":1,"href":"https:\/\/psoecanarias.com\/web\/wp-json\/wp\/v2\/posts\/6312\/revisions"}],"predecessor-version":[{"id":6314,"href":"https:\/\/psoecanarias.com\/web\/wp-json\/wp\/v2\/posts\/6312\/revisions\/6314"}],"wp:featuredmedia":[{"embeddable":true,"href":"https:\/\/psoecanarias.com\/web\/wp-json\/wp\/v2\/media\/8406"}],"wp:attachment":[{"href":"https:\/\/psoecanarias.com\/web\/wp-json\/wp\/v2\/media?parent=6312"}],"wp:term":[{"taxonomy":"category","embeddable":true,"href":"https:\/\/psoecanarias.com\/web\/wp-json\/wp\/v2\/categories?post=6312"},{"taxonomy":"post_tag","embeddable":true,"href":"https:\/\/psoecanarias.com\/web\/wp-json\/wp\/v2\/tags?post=6312"}],"curies":[{"name":"wp","href":"https:\/\/api.w.org\/{rel}","templated":true}]}}