{"id":6315,"date":"2019-04-08T21:50:18","date_gmt":"2019-04-08T20:50:18","guid":{"rendered":"http:\/\/psoecanarias.com\/web\/?p=6315"},"modified":"2019-04-08T21:50:18","modified_gmt":"2019-04-08T20:50:18","slug":"superavit-es-asombroso-el-cinismo-con-que-clavijo-culpa-al-estado-de-las-consecuencias-de-su-propia-incapacidad","status":"publish","type":"post","link":"https:\/\/psoecanarias.com\/web\/superavit-es-asombroso-el-cinismo-con-que-clavijo-culpa-al-estado-de-las-consecuencias-de-su-propia-incapacidad\/","title":{"rendered":"SUPER\u00c1VIT.- \u201cEs asombroso el cinismo con que Clavijo culpa al Estado de las consecuencias de su propia incapacidad\u201d"},"content":{"rendered":"<p>La portavoz del PSOE en la C\u00e1mara auton\u00f3mica, Dolores Corujo, adelanta que su Grupo Parlamentario no asistir\u00e1 a la reuni\u00f3n de este martes entre el Consejo Asesor del presidente con los grupos parlamentarios. \u201cLas y los socialistas no participaremos en este nuevo circo montado por Clavijo, quien vuelve a sorprendernos por el cinismo con que culpa al Gobierno de Espa\u00f1a de las consecuencias de su propia incapacidad\u201d.<\/p>\n<p>Corujo se\u00f1ala que el presidente del Gobierno en minor\u00eda de CC recurre otra vez hoy al enfrentamiento con el Estado al decir que su c\u00e1lculo sobre el super\u00e1vit pone en peligro la ejecuci\u00f3n de las carreteras en las islas. Para la diputada, resulta especialmente escandaloso que el presidente venga a realizar estas afirmaciones precisamente el mismo d\u00eda en que la opini\u00f3n p\u00fablica ha podido conocer que el Gobierno de CC solo certific\u00f3 50.000 m\u00edseros euros para carreteras en 2018.<\/p>\n<p>Por otra parte, recuerda que el propio Clavijo renunci\u00f3 a 140 millones del Estado para carreteras al firmar, en documento oficial, por solo 60 millones de euros, consciente de que no podr\u00eda certificar m\u00e1s. \u201cClavijo recurre de nuevo al espect\u00e1culo y la ocurrencia en lugar de dar la cara y explicar, con la responsabilidad que se le supone a cualquier presidente, por qu\u00e9 no gasta sus partidas\u201d, dice Dolores Corujo, quien lamenta el af\u00e1n del tambi\u00e9n candidato de CC por \u201chacerse notar desesperadamente ante la invisibilidad en que se ha sumido su partido y las malas expectativas con que \u00e9l y CC acuden a la doble cita con las urnas\u201d.<\/p>\n<p>GOBIERNO DE LA BRONCA<\/p>\n<p>Por su parte, el secretario general del PSOE Canarias, \u00c1ngel V\u00edctor Torres, considera que esta convocatoria \u201ctiene un claro tufillo electoralista al producirse la reuni\u00f3n 48 horas antes del inicio de la campa\u00f1a, con la intenci\u00f3n de sumar a otros a la bronca en la que est\u00e1 instalado Clavijo\u201d.<\/p>\n<p>En este punto, recalca que si para algo se debiera convocar el Consejo Asesor ser\u00eda para \u201cponer sobre la mesa todo lo que est\u00e1 perdiendo Canarias por la incapacidad del actual de Gobierno en su gesti\u00f3n de los recursos de toda la ciudadan\u00eda\u201d. Esa reuni\u00f3n, insiste, \u201cdeber\u00eda producirse con el objeto de rebelarse contra el Gobierno de CC por no gastarse su presupuesto\u201d.<\/p>\n<p>Torres hace hincapi\u00e9 en que Clavijo y su Gobierno han dejado de ejecutar 800 millones de euros entre presupuesto e inversiones financieramente sostenibles. \u201cInsistimos en que esta situaci\u00f3n s\u00ed que har\u00eda necesario un frente com\u00fan para demandar a CC que invierta en las islas el dinero de todos los canarios y canarias\u201d.<\/p>\n","protected":false},"excerpt":{"rendered":"<p>La portavoz del PSOE en la C\u00e1mara auton\u00f3mica, Dolores Corujo, adelanta que su Grupo Parlamentario no asistir\u00e1 a la reuni\u00f3n de este martes entre el Consejo Asesor del presidente con los grupos parlamentarios. \u201cLas y los socialistas no participaremos en este nuevo circo montado por Clavijo, quien vuelve a sorprendernos por el cinismo con que [&hellip;]<\/p>\n","protected":false},"author":1,"featured_media":8406,"comment_status":"open","ping_status":"open","sticky":false,"template":"","format":"standard","meta":{"footnotes":""},"categories":[7],"tags":[],"class_list":["post-6315","post","type-post","status-publish","format-standard","has-post-thumbnail","hentry","category-politica"],"featured_image_src":"https:\/\/psoecanarias.com\/web\/wp-content\/uploads\/2020\/03\/thumb_noimages.jpg","author_info":{"display_name":"PSOE Canarias","author_link":"https:\/\/psoecanarias.com\/web\/author\/admin\/"},"yoast_head":"<!-- This site is optimized with the Yoast SEO plugin v27.2 - https:\/\/yoast.com\/product\/yoast-seo-wordpress\/ -->\n<title>SUPER\u00c1VIT.- \u201cEs asombroso el cinismo con que Clavijo culpa al Estado de las consecuencias de su propia incapacidad\u201d | PSOE Canarias<\/title>\n<meta name=\"robots\" content=\"index, follow, max-snippet:-1, max-image-preview:large, max-video-preview:-1\" \/>\n<link rel=\"canonical\" href=\"https:\/\/psoecanarias.com\/web\/superavit-es-asombroso-el-cinismo-con-que-clavijo-culpa-al-estado-de-las-consecuencias-de-su-propia-incapacidad\/\" \/>\n<meta property=\"og:locale\" content=\"es_ES\" \/>\n<meta property=\"og:type\" content=\"article\" \/>\n<meta property=\"og:title\" content=\"SUPER\u00c1VIT.- \u201cEs asombroso el cinismo con que Clavijo culpa al Estado de las consecuencias de su propia incapacidad\u201d | PSOE Canarias\" \/>\n<meta property=\"og:description\" content=\"La portavoz del PSOE en la C\u00e1mara auton\u00f3mica, Dolores Corujo, adelanta que su Grupo Parlamentario no asistir\u00e1 a la reuni\u00f3n de este martes entre el Consejo Asesor del presidente con los grupos parlamentarios. \u201cLas y los socialistas no participaremos en este nuevo circo montado por Clavijo, quien vuelve a sorprendernos por el cinismo con que [&hellip;]\" \/>\n<meta property=\"og:url\" content=\"https:\/\/psoecanarias.com\/web\/superavit-es-asombroso-el-cinismo-con-que-clavijo-culpa-al-estado-de-las-consecuencias-de-su-propia-incapacidad\/\" \/>\n<meta property=\"og:site_name\" content=\"PSOE Canarias\" \/>\n<meta property=\"article:published_time\" content=\"2019-04-08T20:50:18+00:00\" \/>\n<meta property=\"og:image\" content=\"https:\/\/psoecanarias.com\/web\/wp-content\/uploads\/2020\/03\/thumb_noimages.jpg\" \/>\n\t<meta property=\"og:image:width\" content=\"303\" \/>\n\t<meta property=\"og:image:height\" content=\"200\" \/>\n\t<meta property=\"og:image:type\" content=\"image\/jpeg\" \/>\n<meta name=\"author\" content=\"PSOE Canarias\" \/>\n<meta name=\"twitter:card\" content=\"summary_large_image\" \/>\n<script type=\"application\/ld+json\" class=\"yoast-schema-graph\">{\"@context\":\"https:\/\/schema.org\",\"@graph\":[{\"@type\":\"Article\",\"@id\":\"https:\/\/psoecanarias.com\/web\/superavit-es-asombroso-el-cinismo-con-que-clavijo-culpa-al-estado-de-las-consecuencias-de-su-propia-incapacidad\/#article\",\"isPartOf\":{\"@id\":\"https:\/\/psoecanarias.com\/web\/superavit-es-asombroso-el-cinismo-con-que-clavijo-culpa-al-estado-de-las-consecuencias-de-su-propia-incapacidad\/\"},\"author\":{\"name\":\"PSOE Canarias\",\"@id\":\"https:\/\/psoecanarias.com\/web\/#\/schema\/person\/1ae43f9659d2fc599ca69c11e1dbf26f\"},\"headline\":\"SUPER\u00c1VIT.- \u201cEs asombroso el cinismo con que Clavijo culpa al Estado de las consecuencias de su propia incapacidad\u201d\",\"datePublished\":\"2019-04-08T20:50:18+00:00\",\"mainEntityOfPage\":{\"@id\":\"https:\/\/psoecanarias.com\/web\/superavit-es-asombroso-el-cinismo-con-que-clavijo-culpa-al-estado-de-las-consecuencias-de-su-propia-incapacidad\/\"},\"wordCount\":468,\"commentCount\":0,\"image\":{\"@id\":\"https:\/\/psoecanarias.com\/web\/superavit-es-asombroso-el-cinismo-con-que-clavijo-culpa-al-estado-de-las-consecuencias-de-su-propia-incapacidad\/#primaryimage\"},\"thumbnailUrl\":\"https:\/\/psoecanarias.com\/web\/wp-content\/uploads\/2020\/03\/thumb_noimages.jpg\",\"articleSection\":[\"Pol\u00edtica\"],\"inLanguage\":\"es\",\"potentialAction\":[{\"@type\":\"CommentAction\",\"name\":\"Comment\",\"target\":[\"https:\/\/psoecanarias.com\/web\/superavit-es-asombroso-el-cinismo-con-que-clavijo-culpa-al-estado-de-las-consecuencias-de-su-propia-incapacidad\/#respond\"]}]},{\"@type\":\"WebPage\",\"@id\":\"https:\/\/psoecanarias.com\/web\/superavit-es-asombroso-el-cinismo-con-que-clavijo-culpa-al-estado-de-las-consecuencias-de-su-propia-incapacidad\/\",\"url\":\"https:\/\/psoecanarias.com\/web\/superavit-es-asombroso-el-cinismo-con-que-clavijo-culpa-al-estado-de-las-consecuencias-de-su-propia-incapacidad\/\",\"name\":\"SUPER\u00c1VIT.- \u201cEs asombroso el cinismo con que Clavijo culpa al Estado de las consecuencias de su propia incapacidad\u201d | PSOE Canarias\",\"isPartOf\":{\"@id\":\"https:\/\/psoecanarias.com\/web\/#website\"},\"primaryImageOfPage\":{\"@id\":\"https:\/\/psoecanarias.com\/web\/superavit-es-asombroso-el-cinismo-con-que-clavijo-culpa-al-estado-de-las-consecuencias-de-su-propia-incapacidad\/#primaryimage\"},\"image\":{\"@id\":\"https:\/\/psoecanarias.com\/web\/superavit-es-asombroso-el-cinismo-con-que-clavijo-culpa-al-estado-de-las-consecuencias-de-su-propia-incapacidad\/#primaryimage\"},\"thumbnailUrl\":\"https:\/\/psoecanarias.com\/web\/wp-content\/uploads\/2020\/03\/thumb_noimages.jpg\",\"datePublished\":\"2019-04-08T20:50:18+00:00\",\"author\":{\"@id\":\"https:\/\/psoecanarias.com\/web\/#\/schema\/person\/1ae43f9659d2fc599ca69c11e1dbf26f\"},\"breadcrumb\":{\"@id\":\"https:\/\/psoecanarias.com\/web\/superavit-es-asombroso-el-cinismo-con-que-clavijo-culpa-al-estado-de-las-consecuencias-de-su-propia-incapacidad\/#breadcrumb\"},\"inLanguage\":\"es\",\"potentialAction\":[{\"@type\":\"ReadAction\",\"target\":[\"https:\/\/psoecanarias.com\/web\/superavit-es-asombroso-el-cinismo-con-que-clavijo-culpa-al-estado-de-las-consecuencias-de-su-propia-incapacidad\/\"]}]},{\"@type\":\"ImageObject\",\"inLanguage\":\"es\",\"@id\":\"https:\/\/psoecanarias.com\/web\/superavit-es-asombroso-el-cinismo-con-que-clavijo-culpa-al-estado-de-las-consecuencias-de-su-propia-incapacidad\/#primaryimage\",\"url\":\"https:\/\/psoecanarias.com\/web\/wp-content\/uploads\/2020\/03\/thumb_noimages.jpg\",\"contentUrl\":\"https:\/\/psoecanarias.com\/web\/wp-content\/uploads\/2020\/03\/thumb_noimages.jpg\",\"width\":303,\"height\":200},{\"@type\":\"BreadcrumbList\",\"@id\":\"https:\/\/psoecanarias.com\/web\/superavit-es-asombroso-el-cinismo-con-que-clavijo-culpa-al-estado-de-las-consecuencias-de-su-propia-incapacidad\/#breadcrumb\",\"itemListElement\":[{\"@type\":\"ListItem\",\"position\":1,\"name\":\"Portada\",\"item\":\"https:\/\/psoecanarias.com\/web\/\"},{\"@type\":\"ListItem\",\"position\":2,\"name\":\"SUPER\u00c1VIT.- \u201cEs asombroso el cinismo con que Clavijo culpa al Estado de las consecuencias de su propia incapacidad\u201d\"}]},{\"@type\":\"WebSite\",\"@id\":\"https:\/\/psoecanarias.com\/web\/#website\",\"url\":\"https:\/\/psoecanarias.com\/web\/\",\"name\":\"PSOE Canarias\",\"description\":\"Partido Socialista Obrero Espa\u00f1ol Canarias\",\"potentialAction\":[{\"@type\":\"SearchAction\",\"target\":{\"@type\":\"EntryPoint\",\"urlTemplate\":\"https:\/\/psoecanarias.com\/web\/?s={search_term_string}\"},\"query-input\":{\"@type\":\"PropertyValueSpecification\",\"valueRequired\":true,\"valueName\":\"search_term_string\"}}],\"inLanguage\":\"es\"},{\"@type\":\"Person\",\"@id\":\"https:\/\/psoecanarias.com\/web\/#\/schema\/person\/1ae43f9659d2fc599ca69c11e1dbf26f\",\"name\":\"PSOE Canarias\",\"image\":{\"@type\":\"ImageObject\",\"inLanguage\":\"es\",\"@id\":\"https:\/\/secure.gravatar.com\/avatar\/4364d37f6f6f9cdb7af199b46151565f37d8a8c3c0e04c1d78c04e857a15e3a8?s=96&d=mm&r=g\",\"url\":\"https:\/\/secure.gravatar.com\/avatar\/4364d37f6f6f9cdb7af199b46151565f37d8a8c3c0e04c1d78c04e857a15e3a8?s=96&d=mm&r=g\",\"contentUrl\":\"https:\/\/secure.gravatar.com\/avatar\/4364d37f6f6f9cdb7af199b46151565f37d8a8c3c0e04c1d78c04e857a15e3a8?s=96&d=mm&r=g\",\"caption\":\"PSOE Canarias\"},\"url\":\"https:\/\/psoecanarias.com\/web\/author\/admin\/\"}]}<\/script>\n<!-- \/ Yoast SEO plugin. -->","yoast_head_json":{"title":"SUPER\u00c1VIT.- \u201cEs asombroso el cinismo con que Clavijo culpa al Estado de las consecuencias de su propia incapacidad\u201d | PSOE Canarias","robots":{"index":"index","follow":"follow","max-snippet":"max-snippet:-1","max-image-preview":"max-image-preview:large","max-video-preview":"max-video-preview:-1"},"canonical":"https:\/\/psoecanarias.com\/web\/superavit-es-asombroso-el-cinismo-con-que-clavijo-culpa-al-estado-de-las-consecuencias-de-su-propia-incapacidad\/","og_locale":"es_ES","og_type":"article","og_title":"SUPER\u00c1VIT.- \u201cEs asombroso el cinismo con que Clavijo culpa al Estado de las consecuencias de su propia incapacidad\u201d | PSOE Canarias","og_description":"La portavoz del PSOE en la C\u00e1mara auton\u00f3mica, Dolores Corujo, adelanta que su Grupo Parlamentario no asistir\u00e1 a la reuni\u00f3n de este martes entre el Consejo Asesor del presidente con los grupos parlamentarios. \u201cLas y los socialistas no participaremos en este nuevo circo montado por Clavijo, quien vuelve a sorprendernos por el cinismo con que [&hellip;]","og_url":"https:\/\/psoecanarias.com\/web\/superavit-es-asombroso-el-cinismo-con-que-clavijo-culpa-al-estado-de-las-consecuencias-de-su-propia-incapacidad\/","og_site_name":"PSOE Canarias","article_published_time":"2019-04-08T20:50:18+00:00","og_image":[{"width":303,"height":200,"url":"https:\/\/psoecanarias.com\/web\/wp-content\/uploads\/2020\/03\/thumb_noimages.jpg","type":"image\/jpeg"}],"author":"PSOE Canarias","twitter_card":"summary_large_image","schema":{"@context":"https:\/\/schema.org","@graph":[{"@type":"Article","@id":"https:\/\/psoecanarias.com\/web\/superavit-es-asombroso-el-cinismo-con-que-clavijo-culpa-al-estado-de-las-consecuencias-de-su-propia-incapacidad\/#article","isPartOf":{"@id":"https:\/\/psoecanarias.com\/web\/superavit-es-asombroso-el-cinismo-con-que-clavijo-culpa-al-estado-de-las-consecuencias-de-su-propia-incapacidad\/"},"author":{"name":"PSOE Canarias","@id":"https:\/\/psoecanarias.com\/web\/#\/schema\/person\/1ae43f9659d2fc599ca69c11e1dbf26f"},"headline":"SUPER\u00c1VIT.- \u201cEs asombroso el cinismo con que Clavijo culpa al Estado de las consecuencias de su propia incapacidad\u201d","datePublished":"2019-04-08T20:50:18+00:00","mainEntityOfPage":{"@id":"https:\/\/psoecanarias.com\/web\/superavit-es-asombroso-el-cinismo-con-que-clavijo-culpa-al-estado-de-las-consecuencias-de-su-propia-incapacidad\/"},"wordCount":468,"commentCount":0,"image":{"@id":"https:\/\/psoecanarias.com\/web\/superavit-es-asombroso-el-cinismo-con-que-clavijo-culpa-al-estado-de-las-consecuencias-de-su-propia-incapacidad\/#primaryimage"},"thumbnailUrl":"https:\/\/psoecanarias.com\/web\/wp-content\/uploads\/2020\/03\/thumb_noimages.jpg","articleSection":["Pol\u00edtica"],"inLanguage":"es","potentialAction":[{"@type":"CommentAction","name":"Comment","target":["https:\/\/psoecanarias.com\/web\/superavit-es-asombroso-el-cinismo-con-que-clavijo-culpa-al-estado-de-las-consecuencias-de-su-propia-incapacidad\/#respond"]}]},{"@type":"WebPage","@id":"https:\/\/psoecanarias.com\/web\/superavit-es-asombroso-el-cinismo-con-que-clavijo-culpa-al-estado-de-las-consecuencias-de-su-propia-incapacidad\/","url":"https:\/\/psoecanarias.com\/web\/superavit-es-asombroso-el-cinismo-con-que-clavijo-culpa-al-estado-de-las-consecuencias-de-su-propia-incapacidad\/","name":"SUPER\u00c1VIT.- \u201cEs asombroso el cinismo con que Clavijo culpa al Estado de las consecuencias de su propia incapacidad\u201d | PSOE Canarias","isPartOf":{"@id":"https:\/\/psoecanarias.com\/web\/#website"},"primaryImageOfPage":{"@id":"https:\/\/psoecanarias.com\/web\/superavit-es-asombroso-el-cinismo-con-que-clavijo-culpa-al-estado-de-las-consecuencias-de-su-propia-incapacidad\/#primaryimage"},"image":{"@id":"https:\/\/psoecanarias.com\/web\/superavit-es-asombroso-el-cinismo-con-que-clavijo-culpa-al-estado-de-las-consecuencias-de-su-propia-incapacidad\/#primaryimage"},"thumbnailUrl":"https:\/\/psoecanarias.com\/web\/wp-content\/uploads\/2020\/03\/thumb_noimages.jpg","datePublished":"2019-04-08T20:50:18+00:00","author":{"@id":"https:\/\/psoecanarias.com\/web\/#\/schema\/person\/1ae43f9659d2fc599ca69c11e1dbf26f"},"breadcrumb":{"@id":"https:\/\/psoecanarias.com\/web\/superavit-es-asombroso-el-cinismo-con-que-clavijo-culpa-al-estado-de-las-consecuencias-de-su-propia-incapacidad\/#breadcrumb"},"inLanguage":"es","potentialAction":[{"@type":"ReadAction","target":["https:\/\/psoecanarias.com\/web\/superavit-es-asombroso-el-cinismo-con-que-clavijo-culpa-al-estado-de-las-consecuencias-de-su-propia-incapacidad\/"]}]},{"@type":"ImageObject","inLanguage":"es","@id":"https:\/\/psoecanarias.com\/web\/superavit-es-asombroso-el-cinismo-con-que-clavijo-culpa-al-estado-de-las-consecuencias-de-su-propia-incapacidad\/#primaryimage","url":"https:\/\/psoecanarias.com\/web\/wp-content\/uploads\/2020\/03\/thumb_noimages.jpg","contentUrl":"https:\/\/psoecanarias.com\/web\/wp-content\/uploads\/2020\/03\/thumb_noimages.jpg","width":303,"height":200},{"@type":"BreadcrumbList","@id":"https:\/\/psoecanarias.com\/web\/superavit-es-asombroso-el-cinismo-con-que-clavijo-culpa-al-estado-de-las-consecuencias-de-su-propia-incapacidad\/#breadcrumb","itemListElement":[{"@type":"ListItem","position":1,"name":"Portada","item":"https:\/\/psoecanarias.com\/web\/"},{"@type":"ListItem","position":2,"name":"SUPER\u00c1VIT.- \u201cEs asombroso el cinismo con que Clavijo culpa al Estado de las consecuencias de su propia incapacidad\u201d"}]},{"@type":"WebSite","@id":"https:\/\/psoecanarias.com\/web\/#website","url":"https:\/\/psoecanarias.com\/web\/","name":"PSOE Canarias","description":"Partido Socialista Obrero Espa\u00f1ol Canarias","potentialAction":[{"@type":"SearchAction","target":{"@type":"EntryPoint","urlTemplate":"https:\/\/psoecanarias.com\/web\/?s={search_term_string}"},"query-input":{"@type":"PropertyValueSpecification","valueRequired":true,"valueName":"search_term_string"}}],"inLanguage":"es"},{"@type":"Person","@id":"https:\/\/psoecanarias.com\/web\/#\/schema\/person\/1ae43f9659d2fc599ca69c11e1dbf26f","name":"PSOE Canarias","image":{"@type":"ImageObject","inLanguage":"es","@id":"https:\/\/secure.gravatar.com\/avatar\/4364d37f6f6f9cdb7af199b46151565f37d8a8c3c0e04c1d78c04e857a15e3a8?s=96&d=mm&r=g","url":"https:\/\/secure.gravatar.com\/avatar\/4364d37f6f6f9cdb7af199b46151565f37d8a8c3c0e04c1d78c04e857a15e3a8?s=96&d=mm&r=g","contentUrl":"https:\/\/secure.gravatar.com\/avatar\/4364d37f6f6f9cdb7af199b46151565f37d8a8c3c0e04c1d78c04e857a15e3a8?s=96&d=mm&r=g","caption":"PSOE Canarias"},"url":"https:\/\/psoecanarias.com\/web\/author\/admin\/"}]}},"_links":{"self":[{"href":"https:\/\/psoecanarias.com\/web\/wp-json\/wp\/v2\/posts\/6315","targetHints":{"allow":["GET"]}}],"collection":[{"href":"https:\/\/psoecanarias.com\/web\/wp-json\/wp\/v2\/posts"}],"about":[{"href":"https:\/\/psoecanarias.com\/web\/wp-json\/wp\/v2\/types\/post"}],"author":[{"embeddable":true,"href":"https:\/\/psoecanarias.com\/web\/wp-json\/wp\/v2\/users\/1"}],"replies":[{"embeddable":true,"href":"https:\/\/psoecanarias.com\/web\/wp-json\/wp\/v2\/comments?post=6315"}],"version-history":[{"count":1,"href":"https:\/\/psoecanarias.com\/web\/wp-json\/wp\/v2\/posts\/6315\/revisions"}],"predecessor-version":[{"id":6316,"href":"https:\/\/psoecanarias.com\/web\/wp-json\/wp\/v2\/posts\/6315\/revisions\/6316"}],"wp:featuredmedia":[{"embeddable":true,"href":"https:\/\/psoecanarias.com\/web\/wp-json\/wp\/v2\/media\/8406"}],"wp:attachment":[{"href":"https:\/\/psoecanarias.com\/web\/wp-json\/wp\/v2\/media?parent=6315"}],"wp:term":[{"taxonomy":"category","embeddable":true,"href":"https:\/\/psoecanarias.com\/web\/wp-json\/wp\/v2\/categories?post=6315"},{"taxonomy":"post_tag","embeddable":true,"href":"https:\/\/psoecanarias.com\/web\/wp-json\/wp\/v2\/tags?post=6315"}],"curies":[{"name":"wp","href":"https:\/\/api.w.org\/{rel}","templated":true}]}}