{"id":63229,"date":"2026-01-23T19:29:36","date_gmt":"2026-01-23T19:29:36","guid":{"rendered":"https:\/\/psoecanarias.com\/web\/?p=63229"},"modified":"2026-01-23T19:29:46","modified_gmt":"2026-01-23T19:29:46","slug":"el-psoe-canarias-activa-una-ofensiva-en-defensa-del-nuevo-modelo-de-financiacion-autonomica","status":"publish","type":"post","link":"https:\/\/psoecanarias.com\/web\/el-psoe-canarias-activa-una-ofensiva-en-defensa-del-nuevo-modelo-de-financiacion-autonomica\/","title":{"rendered":"El PSOE Canarias activa una ofensiva en defensa del nuevo modelo de financiaci\u00f3n auton\u00f3mica"},"content":{"rendered":"<p><strong>Canarias, 23 de enero de 2026.\u2014<\/strong> El PSOE Canarias llevar\u00e1 a cabo una bater\u00eda de acciones para dar a conocer y defender el modelo de financiaci\u00f3n auton\u00f3mica propuesto por el Gobierno de Espa\u00f1a. As\u00ed lo anunci\u00f3 este viernes el secretario general socialista, \u00c1ngel V\u00edctor Torres, tras reunirse con su Comisi\u00f3n Ejecutiva Regional y con cargos p\u00fablicos del partido.<\/p>\n<p>Torres explic\u00f3 que el nuevo sistema supondr\u00eda para Canarias \u201c1.100 millones de euros m\u00e1s al a\u00f1o\u201d respecto a la financiaci\u00f3n actual, una mejora que calific\u00f3 de \u201cfundamental\u201d para reforzar los servicios p\u00fablicos y el Estado del bienestar en el Archipi\u00e9lago. De ese total, detall\u00f3, 611 millones de euros proceder\u00edan directamente del nuevo modelo de financiaci\u00f3n auton\u00f3mica y m\u00e1s de 500 millones a trav\u00e9s del Fondo de Compensaci\u00f3n Interterritorial. \u201cHablamos de m\u00e1s de 1.100 millones de euros anuales para educaci\u00f3n, sanidad, vivienda y pol\u00edticas sociales, una mejora de este calibre a la que ning\u00fan gobierno responsable puede renunciar\u201d, subray\u00f3.<\/p>\n<p>Detall\u00f3 que, por acuerdo de la Ejecutiva Regional, iniciar\u00e1 una ronda de reuniones con los principales agentes sociales y econ\u00f3micos de las islas para explicar el alcance de la propuesta y recabar su opini\u00f3n. En este sentido, anunci\u00f3 contactos ya iniciados con los sindicatos mayoritarios, UGT y Comisiones Obreras, as\u00ed como con las organizaciones empresariales, la Confederaci\u00f3n Canaria de Empresarios y la CEOE. De hecho, avanz\u00f3 que el pr\u00f3ximo lunes se celebrar\u00e1n reuniones con UGT y CCOO, que ya han manifestado p\u00fablicamente que la propuesta del Gobierno de Espa\u00f1a es positiva para Canarias, aunque abierta a mejoras.<\/p>\n<p>Torres indic\u00f3 que este proceso de di\u00e1logo se ampliar\u00e1 a sectores directamente implicados, como sanidad, educaci\u00f3n, vivienda o infraestructuras, con el objetivo de escuchar sus aportaciones sobre una propuesta que incrementa de forma notable los recursos de la Comunidad Aut\u00f3noma. \u201cEstos fondos permitir\u00edan m\u00e1s aulas de 0 a 3 a\u00f1os, m\u00e1s centros educativos, mejores hospitales, nuevas resonancias magn\u00e9ticas en las islas no capitalinas, equipamiento sanitario de \u00faltima generaci\u00f3n, m\u00e1s vivienda p\u00fablica y mejores infraestructuras hidr\u00e1ulicas\u201d, enumer\u00f3.<\/p>\n<p>Como ejemplo, cit\u00f3 las inversiones necesarias en desaladoras, para las que el Gobierno de Espa\u00f1a ya ha comprometido financiaci\u00f3n millonaria, a la espera de respuesta por parte del Gobierno de Canarias. \u201cEsta tierra necesita todos los recursos posibles para avanzar, crecer y garantizar mayor justicia social\u201d, afirm\u00f3.<\/p>\n<p>Torres anunci\u00f3 que el PSOE elevar\u00e1 una moci\u00f3n a los 88 ayuntamientos de Canarias y a los cabildos insulares para que se pronuncien sobre si consideran aceptable rechazar una mejora de 1.111 millones de euros anuales. \u201cResulta asombroso que haya representantes dispuestos a decir no a estos recursos. Ese ha sido el asunto central abordado hoy por la Ejecutiva\u201d, concluy\u00f3.<\/p>\n<p><strong>Minuto de silencio y recuerdo a Antonio Chinea<\/strong><\/p>\n<p>La primera Comisi\u00f3n Ejecutiva Regional del PSOE Canarias, reunida este lunes en Las Palma de Gran Canaria, comenz\u00f3 con un minuto de silencio en recuerdo de las v\u00edctimas del accidente de tren en C\u00f3rdoba y tambi\u00e9n de Antonio Chinea Padr\u00f3n, exalcalde del municipio Valverde y miembro de la direcci\u00f3n regional socialista hasta su fallecimiento el pasado 12 de diciembre.<\/p>\n<p>Torres, adem\u00e1s, obsequi\u00f3 a los compa\u00f1eros herre\u00f1os de la Ejecutiva con una emotiva fotograf\u00eda de la pasada legislatura, cuando el PSOE gobernaba en todas las instituciones de aquella isla, en la que aparecen el propio Torres y Chinea salud\u00e1ndose en presencia de Juan Miguel Padr\u00f3n (El Pinar) y Pedro Miguel \u00c1ngel Acosta (Frontera) y Alpidio Armas (Cabildo). El detalle fue recogido por Rafael Zamora, secretario de Acci\u00f3n Exterior de la direcci\u00f3n regional socialista.<\/p>\n<p>Del mismo modo, la Ejecutiva celebrada este viernes acord\u00f3 convocar para el s\u00e1bado 7 de febrero al Comit\u00e9 Regional del partido, el m\u00e1ximo \u00f3rgano entre congresos, as\u00ed como la composici\u00f3n de seis grupos de trabajo internos, cuya tarea ser\u00e1 analizar distintas \u00e1reas del estado del bienestar en Canarias y plantear iniciativas y propuestas.<\/p>\n","protected":false},"excerpt":{"rendered":"<p>Torres anuncia una ronda de contactos con sindicatos, patronales y agentes sociales: \u201cCanarias no puede permitirse rechazar 1.100 millones de euros m\u00e1s cada a\u00f1o\u201d, afirma<\/p>\n","protected":false},"author":1,"featured_media":63230,"comment_status":"open","ping_status":"open","sticky":false,"template":"","format":"standard","meta":{"footnotes":""},"categories":[1184,7],"tags":[207],"class_list":["post-63229","post","type-post","status-publish","format-standard","has-post-thumbnail","hentry","category-noticias","category-politica","tag-comision-ejecutiva-regional"],"featured_image_src":"https:\/\/psoecanarias.com\/web\/wp-content\/uploads\/2026\/01\/2.jpeg","author_info":{"display_name":"PSOE Canarias","author_link":"https:\/\/psoecanarias.com\/web\/author\/admin\/"},"yoast_head":"<!-- This site is optimized with the Yoast SEO plugin v27.2 - https:\/\/yoast.com\/product\/yoast-seo-wordpress\/ -->\n<title>El PSOE Canarias activa una ofensiva en defensa del nuevo modelo de financiaci\u00f3n auton\u00f3mica | PSOE Canarias<\/title>\n<meta name=\"robots\" content=\"index, follow, max-snippet:-1, max-image-preview:large, max-video-preview:-1\" \/>\n<link rel=\"canonical\" href=\"https:\/\/psoecanarias.com\/web\/el-psoe-canarias-activa-una-ofensiva-en-defensa-del-nuevo-modelo-de-financiacion-autonomica\/\" \/>\n<meta property=\"og:locale\" content=\"es_ES\" \/>\n<meta property=\"og:type\" content=\"article\" \/>\n<meta property=\"og:title\" content=\"El PSOE Canarias activa una ofensiva en defensa del nuevo modelo de financiaci\u00f3n auton\u00f3mica | PSOE Canarias\" \/>\n<meta property=\"og:description\" content=\"Torres anuncia una ronda de contactos con sindicatos, patronales y agentes sociales: \u201cCanarias no puede permitirse rechazar 1.100 millones de euros m\u00e1s cada a\u00f1o\u201d, afirma\" \/>\n<meta property=\"og:url\" content=\"https:\/\/psoecanarias.com\/web\/el-psoe-canarias-activa-una-ofensiva-en-defensa-del-nuevo-modelo-de-financiacion-autonomica\/\" \/>\n<meta property=\"og:site_name\" content=\"PSOE Canarias\" \/>\n<meta property=\"article:published_time\" content=\"2026-01-23T19:29:36+00:00\" \/>\n<meta property=\"article:modified_time\" content=\"2026-01-23T19:29:46+00:00\" \/>\n<meta property=\"og:image\" content=\"https:\/\/psoecanarias.com\/web\/wp-content\/uploads\/2026\/01\/2.jpeg\" \/>\n\t<meta property=\"og:image:width\" content=\"1600\" \/>\n\t<meta property=\"og:image:height\" content=\"1066\" \/>\n\t<meta property=\"og:image:type\" content=\"image\/jpeg\" \/>\n<meta name=\"author\" content=\"PSOE Canarias\" \/>\n<meta name=\"twitter:card\" content=\"summary_large_image\" \/>\n<script type=\"application\/ld+json\" class=\"yoast-schema-graph\">{\"@context\":\"https:\/\/schema.org\",\"@graph\":[{\"@type\":\"Article\",\"@id\":\"https:\/\/psoecanarias.com\/web\/el-psoe-canarias-activa-una-ofensiva-en-defensa-del-nuevo-modelo-de-financiacion-autonomica\/#article\",\"isPartOf\":{\"@id\":\"https:\/\/psoecanarias.com\/web\/el-psoe-canarias-activa-una-ofensiva-en-defensa-del-nuevo-modelo-de-financiacion-autonomica\/\"},\"author\":{\"name\":\"PSOE Canarias\",\"@id\":\"https:\/\/psoecanarias.com\/web\/#\/schema\/person\/1ae43f9659d2fc599ca69c11e1dbf26f\"},\"headline\":\"El PSOE Canarias activa una ofensiva en defensa del nuevo modelo de financiaci\u00f3n auton\u00f3mica\",\"datePublished\":\"2026-01-23T19:29:36+00:00\",\"dateModified\":\"2026-01-23T19:29:46+00:00\",\"mainEntityOfPage\":{\"@id\":\"https:\/\/psoecanarias.com\/web\/el-psoe-canarias-activa-una-ofensiva-en-defensa-del-nuevo-modelo-de-financiacion-autonomica\/\"},\"wordCount\":695,\"commentCount\":0,\"image\":{\"@id\":\"https:\/\/psoecanarias.com\/web\/el-psoe-canarias-activa-una-ofensiva-en-defensa-del-nuevo-modelo-de-financiacion-autonomica\/#primaryimage\"},\"thumbnailUrl\":\"https:\/\/psoecanarias.com\/web\/wp-content\/uploads\/2026\/01\/2.jpeg\",\"keywords\":[\"Comisi\u00f3n Ejecutiva Regional\"],\"articleSection\":[\"Noticias\",\"Pol\u00edtica\"],\"inLanguage\":\"es\",\"potentialAction\":[{\"@type\":\"CommentAction\",\"name\":\"Comment\",\"target\":[\"https:\/\/psoecanarias.com\/web\/el-psoe-canarias-activa-una-ofensiva-en-defensa-del-nuevo-modelo-de-financiacion-autonomica\/#respond\"]}]},{\"@type\":\"WebPage\",\"@id\":\"https:\/\/psoecanarias.com\/web\/el-psoe-canarias-activa-una-ofensiva-en-defensa-del-nuevo-modelo-de-financiacion-autonomica\/\",\"url\":\"https:\/\/psoecanarias.com\/web\/el-psoe-canarias-activa-una-ofensiva-en-defensa-del-nuevo-modelo-de-financiacion-autonomica\/\",\"name\":\"El PSOE Canarias activa una ofensiva en defensa del nuevo modelo de financiaci\u00f3n auton\u00f3mica | PSOE Canarias\",\"isPartOf\":{\"@id\":\"https:\/\/psoecanarias.com\/web\/#website\"},\"primaryImageOfPage\":{\"@id\":\"https:\/\/psoecanarias.com\/web\/el-psoe-canarias-activa-una-ofensiva-en-defensa-del-nuevo-modelo-de-financiacion-autonomica\/#primaryimage\"},\"image\":{\"@id\":\"https:\/\/psoecanarias.com\/web\/el-psoe-canarias-activa-una-ofensiva-en-defensa-del-nuevo-modelo-de-financiacion-autonomica\/#primaryimage\"},\"thumbnailUrl\":\"https:\/\/psoecanarias.com\/web\/wp-content\/uploads\/2026\/01\/2.jpeg\",\"datePublished\":\"2026-01-23T19:29:36+00:00\",\"dateModified\":\"2026-01-23T19:29:46+00:00\",\"author\":{\"@id\":\"https:\/\/psoecanarias.com\/web\/#\/schema\/person\/1ae43f9659d2fc599ca69c11e1dbf26f\"},\"breadcrumb\":{\"@id\":\"https:\/\/psoecanarias.com\/web\/el-psoe-canarias-activa-una-ofensiva-en-defensa-del-nuevo-modelo-de-financiacion-autonomica\/#breadcrumb\"},\"inLanguage\":\"es\",\"potentialAction\":[{\"@type\":\"ReadAction\",\"target\":[\"https:\/\/psoecanarias.com\/web\/el-psoe-canarias-activa-una-ofensiva-en-defensa-del-nuevo-modelo-de-financiacion-autonomica\/\"]}]},{\"@type\":\"ImageObject\",\"inLanguage\":\"es\",\"@id\":\"https:\/\/psoecanarias.com\/web\/el-psoe-canarias-activa-una-ofensiva-en-defensa-del-nuevo-modelo-de-financiacion-autonomica\/#primaryimage\",\"url\":\"https:\/\/psoecanarias.com\/web\/wp-content\/uploads\/2026\/01\/2.jpeg\",\"contentUrl\":\"https:\/\/psoecanarias.com\/web\/wp-content\/uploads\/2026\/01\/2.jpeg\",\"width\":1600,\"height\":1066,\"caption\":\"Minuto de silencio de la Ejecutiva celebrada este viernes en recuerdo de las v\u00edctimas del accidente de tren en C\u00f3rdoba y del compa\u00f1ero Antonio Chinea, fallecido en diciembre\"},{\"@type\":\"BreadcrumbList\",\"@id\":\"https:\/\/psoecanarias.com\/web\/el-psoe-canarias-activa-una-ofensiva-en-defensa-del-nuevo-modelo-de-financiacion-autonomica\/#breadcrumb\",\"itemListElement\":[{\"@type\":\"ListItem\",\"position\":1,\"name\":\"Portada\",\"item\":\"https:\/\/psoecanarias.com\/web\/\"},{\"@type\":\"ListItem\",\"position\":2,\"name\":\"El PSOE Canarias activa una ofensiva en defensa del nuevo modelo de financiaci\u00f3n auton\u00f3mica\"}]},{\"@type\":\"WebSite\",\"@id\":\"https:\/\/psoecanarias.com\/web\/#website\",\"url\":\"https:\/\/psoecanarias.com\/web\/\",\"name\":\"PSOE Canarias\",\"description\":\"Partido Socialista Obrero Espa\u00f1ol Canarias\",\"potentialAction\":[{\"@type\":\"SearchAction\",\"target\":{\"@type\":\"EntryPoint\",\"urlTemplate\":\"https:\/\/psoecanarias.com\/web\/?s={search_term_string}\"},\"query-input\":{\"@type\":\"PropertyValueSpecification\",\"valueRequired\":true,\"valueName\":\"search_term_string\"}}],\"inLanguage\":\"es\"},{\"@type\":\"Person\",\"@id\":\"https:\/\/psoecanarias.com\/web\/#\/schema\/person\/1ae43f9659d2fc599ca69c11e1dbf26f\",\"name\":\"PSOE Canarias\",\"image\":{\"@type\":\"ImageObject\",\"inLanguage\":\"es\",\"@id\":\"https:\/\/secure.gravatar.com\/avatar\/4364d37f6f6f9cdb7af199b46151565f37d8a8c3c0e04c1d78c04e857a15e3a8?s=96&d=mm&r=g\",\"url\":\"https:\/\/secure.gravatar.com\/avatar\/4364d37f6f6f9cdb7af199b46151565f37d8a8c3c0e04c1d78c04e857a15e3a8?s=96&d=mm&r=g\",\"contentUrl\":\"https:\/\/secure.gravatar.com\/avatar\/4364d37f6f6f9cdb7af199b46151565f37d8a8c3c0e04c1d78c04e857a15e3a8?s=96&d=mm&r=g\",\"caption\":\"PSOE Canarias\"},\"url\":\"https:\/\/psoecanarias.com\/web\/author\/admin\/\"}]}<\/script>\n<!-- \/ Yoast SEO plugin. -->","yoast_head_json":{"title":"El PSOE Canarias activa una ofensiva en defensa del nuevo modelo de financiaci\u00f3n auton\u00f3mica | PSOE Canarias","robots":{"index":"index","follow":"follow","max-snippet":"max-snippet:-1","max-image-preview":"max-image-preview:large","max-video-preview":"max-video-preview:-1"},"canonical":"https:\/\/psoecanarias.com\/web\/el-psoe-canarias-activa-una-ofensiva-en-defensa-del-nuevo-modelo-de-financiacion-autonomica\/","og_locale":"es_ES","og_type":"article","og_title":"El PSOE Canarias activa una ofensiva en defensa del nuevo modelo de financiaci\u00f3n auton\u00f3mica | PSOE Canarias","og_description":"Torres anuncia una ronda de contactos con sindicatos, patronales y agentes sociales: \u201cCanarias no puede permitirse rechazar 1.100 millones de euros m\u00e1s cada a\u00f1o\u201d, afirma","og_url":"https:\/\/psoecanarias.com\/web\/el-psoe-canarias-activa-una-ofensiva-en-defensa-del-nuevo-modelo-de-financiacion-autonomica\/","og_site_name":"PSOE Canarias","article_published_time":"2026-01-23T19:29:36+00:00","article_modified_time":"2026-01-23T19:29:46+00:00","og_image":[{"width":1600,"height":1066,"url":"https:\/\/psoecanarias.com\/web\/wp-content\/uploads\/2026\/01\/2.jpeg","type":"image\/jpeg"}],"author":"PSOE Canarias","twitter_card":"summary_large_image","schema":{"@context":"https:\/\/schema.org","@graph":[{"@type":"Article","@id":"https:\/\/psoecanarias.com\/web\/el-psoe-canarias-activa-una-ofensiva-en-defensa-del-nuevo-modelo-de-financiacion-autonomica\/#article","isPartOf":{"@id":"https:\/\/psoecanarias.com\/web\/el-psoe-canarias-activa-una-ofensiva-en-defensa-del-nuevo-modelo-de-financiacion-autonomica\/"},"author":{"name":"PSOE Canarias","@id":"https:\/\/psoecanarias.com\/web\/#\/schema\/person\/1ae43f9659d2fc599ca69c11e1dbf26f"},"headline":"El PSOE Canarias activa una ofensiva en defensa del nuevo modelo de financiaci\u00f3n auton\u00f3mica","datePublished":"2026-01-23T19:29:36+00:00","dateModified":"2026-01-23T19:29:46+00:00","mainEntityOfPage":{"@id":"https:\/\/psoecanarias.com\/web\/el-psoe-canarias-activa-una-ofensiva-en-defensa-del-nuevo-modelo-de-financiacion-autonomica\/"},"wordCount":695,"commentCount":0,"image":{"@id":"https:\/\/psoecanarias.com\/web\/el-psoe-canarias-activa-una-ofensiva-en-defensa-del-nuevo-modelo-de-financiacion-autonomica\/#primaryimage"},"thumbnailUrl":"https:\/\/psoecanarias.com\/web\/wp-content\/uploads\/2026\/01\/2.jpeg","keywords":["Comisi\u00f3n Ejecutiva Regional"],"articleSection":["Noticias","Pol\u00edtica"],"inLanguage":"es","potentialAction":[{"@type":"CommentAction","name":"Comment","target":["https:\/\/psoecanarias.com\/web\/el-psoe-canarias-activa-una-ofensiva-en-defensa-del-nuevo-modelo-de-financiacion-autonomica\/#respond"]}]},{"@type":"WebPage","@id":"https:\/\/psoecanarias.com\/web\/el-psoe-canarias-activa-una-ofensiva-en-defensa-del-nuevo-modelo-de-financiacion-autonomica\/","url":"https:\/\/psoecanarias.com\/web\/el-psoe-canarias-activa-una-ofensiva-en-defensa-del-nuevo-modelo-de-financiacion-autonomica\/","name":"El PSOE Canarias activa una ofensiva en defensa del nuevo modelo de financiaci\u00f3n auton\u00f3mica | PSOE Canarias","isPartOf":{"@id":"https:\/\/psoecanarias.com\/web\/#website"},"primaryImageOfPage":{"@id":"https:\/\/psoecanarias.com\/web\/el-psoe-canarias-activa-una-ofensiva-en-defensa-del-nuevo-modelo-de-financiacion-autonomica\/#primaryimage"},"image":{"@id":"https:\/\/psoecanarias.com\/web\/el-psoe-canarias-activa-una-ofensiva-en-defensa-del-nuevo-modelo-de-financiacion-autonomica\/#primaryimage"},"thumbnailUrl":"https:\/\/psoecanarias.com\/web\/wp-content\/uploads\/2026\/01\/2.jpeg","datePublished":"2026-01-23T19:29:36+00:00","dateModified":"2026-01-23T19:29:46+00:00","author":{"@id":"https:\/\/psoecanarias.com\/web\/#\/schema\/person\/1ae43f9659d2fc599ca69c11e1dbf26f"},"breadcrumb":{"@id":"https:\/\/psoecanarias.com\/web\/el-psoe-canarias-activa-una-ofensiva-en-defensa-del-nuevo-modelo-de-financiacion-autonomica\/#breadcrumb"},"inLanguage":"es","potentialAction":[{"@type":"ReadAction","target":["https:\/\/psoecanarias.com\/web\/el-psoe-canarias-activa-una-ofensiva-en-defensa-del-nuevo-modelo-de-financiacion-autonomica\/"]}]},{"@type":"ImageObject","inLanguage":"es","@id":"https:\/\/psoecanarias.com\/web\/el-psoe-canarias-activa-una-ofensiva-en-defensa-del-nuevo-modelo-de-financiacion-autonomica\/#primaryimage","url":"https:\/\/psoecanarias.com\/web\/wp-content\/uploads\/2026\/01\/2.jpeg","contentUrl":"https:\/\/psoecanarias.com\/web\/wp-content\/uploads\/2026\/01\/2.jpeg","width":1600,"height":1066,"caption":"Minuto de silencio de la Ejecutiva celebrada este viernes en recuerdo de las v\u00edctimas del accidente de tren en C\u00f3rdoba y del compa\u00f1ero Antonio Chinea, fallecido en diciembre"},{"@type":"BreadcrumbList","@id":"https:\/\/psoecanarias.com\/web\/el-psoe-canarias-activa-una-ofensiva-en-defensa-del-nuevo-modelo-de-financiacion-autonomica\/#breadcrumb","itemListElement":[{"@type":"ListItem","position":1,"name":"Portada","item":"https:\/\/psoecanarias.com\/web\/"},{"@type":"ListItem","position":2,"name":"El PSOE Canarias activa una ofensiva en defensa del nuevo modelo de financiaci\u00f3n auton\u00f3mica"}]},{"@type":"WebSite","@id":"https:\/\/psoecanarias.com\/web\/#website","url":"https:\/\/psoecanarias.com\/web\/","name":"PSOE Canarias","description":"Partido Socialista Obrero Espa\u00f1ol Canarias","potentialAction":[{"@type":"SearchAction","target":{"@type":"EntryPoint","urlTemplate":"https:\/\/psoecanarias.com\/web\/?s={search_term_string}"},"query-input":{"@type":"PropertyValueSpecification","valueRequired":true,"valueName":"search_term_string"}}],"inLanguage":"es"},{"@type":"Person","@id":"https:\/\/psoecanarias.com\/web\/#\/schema\/person\/1ae43f9659d2fc599ca69c11e1dbf26f","name":"PSOE Canarias","image":{"@type":"ImageObject","inLanguage":"es","@id":"https:\/\/secure.gravatar.com\/avatar\/4364d37f6f6f9cdb7af199b46151565f37d8a8c3c0e04c1d78c04e857a15e3a8?s=96&d=mm&r=g","url":"https:\/\/secure.gravatar.com\/avatar\/4364d37f6f6f9cdb7af199b46151565f37d8a8c3c0e04c1d78c04e857a15e3a8?s=96&d=mm&r=g","contentUrl":"https:\/\/secure.gravatar.com\/avatar\/4364d37f6f6f9cdb7af199b46151565f37d8a8c3c0e04c1d78c04e857a15e3a8?s=96&d=mm&r=g","caption":"PSOE Canarias"},"url":"https:\/\/psoecanarias.com\/web\/author\/admin\/"}]}},"_links":{"self":[{"href":"https:\/\/psoecanarias.com\/web\/wp-json\/wp\/v2\/posts\/63229","targetHints":{"allow":["GET"]}}],"collection":[{"href":"https:\/\/psoecanarias.com\/web\/wp-json\/wp\/v2\/posts"}],"about":[{"href":"https:\/\/psoecanarias.com\/web\/wp-json\/wp\/v2\/types\/post"}],"author":[{"embeddable":true,"href":"https:\/\/psoecanarias.com\/web\/wp-json\/wp\/v2\/users\/1"}],"replies":[{"embeddable":true,"href":"https:\/\/psoecanarias.com\/web\/wp-json\/wp\/v2\/comments?post=63229"}],"version-history":[{"count":1,"href":"https:\/\/psoecanarias.com\/web\/wp-json\/wp\/v2\/posts\/63229\/revisions"}],"predecessor-version":[{"id":63231,"href":"https:\/\/psoecanarias.com\/web\/wp-json\/wp\/v2\/posts\/63229\/revisions\/63231"}],"wp:featuredmedia":[{"embeddable":true,"href":"https:\/\/psoecanarias.com\/web\/wp-json\/wp\/v2\/media\/63230"}],"wp:attachment":[{"href":"https:\/\/psoecanarias.com\/web\/wp-json\/wp\/v2\/media?parent=63229"}],"wp:term":[{"taxonomy":"category","embeddable":true,"href":"https:\/\/psoecanarias.com\/web\/wp-json\/wp\/v2\/categories?post=63229"},{"taxonomy":"post_tag","embeddable":true,"href":"https:\/\/psoecanarias.com\/web\/wp-json\/wp\/v2\/tags?post=63229"}],"curies":[{"name":"wp","href":"https:\/\/api.w.org\/{rel}","templated":true}]}}