{"id":63274,"date":"2026-01-27T10:52:14","date_gmt":"2026-01-27T10:52:14","guid":{"rendered":"https:\/\/psoecanarias.com\/web\/?p=63274"},"modified":"2026-01-27T10:52:14","modified_gmt":"2026-01-27T10:52:14","slug":"el-psoe-exige-al-gobierno-de-canarias-transparencia-total-sobre-los-traslados-de-menores-no-acompanadas","status":"publish","type":"post","link":"https:\/\/psoecanarias.com\/web\/el-psoe-exige-al-gobierno-de-canarias-transparencia-total-sobre-los-traslados-de-menores-no-acompanadas\/","title":{"rendered":"El PSOE exige al Gobierno de Canarias &#8220;transparencia total&#8221; sobre los traslados de menores no acompa\u00f1adas"},"content":{"rendered":"<p><strong>Canarias, 27 de enero de 2026.&#8211;<\/strong> La vicesecretaria portavoz del PSOE Canarias, Elena M\u00e1\u00f1ez, ha exigido este martes al Gobierno de Canarias \u201ctransparencia total\u201d en los datos sobre las y los menores extranjeros no acompa\u00f1ados y ha reclamado que &#8220;explique con precisi\u00f3n&#8221; las actuaciones que son de su competencia auton\u00f3mica en los procesos de traslado y reubicaci\u00f3n.<\/p>\n<p>M\u00e1\u00f1ez ha anunciado que el Grupo Parlamentario Socialista solicitar\u00e1 que la consejera de Bienestar Social, Candelaria Delgado, certifique oficialmente cu\u00e1ntos traslados efectivos se han producido y cu\u00e1ntas resoluciones definitivas de traslado ha comunicado la Delegaci\u00f3n del Gobierno.<\/p>\n<p>En este sentido, la dirigente socialista ha defendido que el Gobierno de Espa\u00f1a \u201cha cumplido, ha sido \u00e1gil y diligente\u201d en la resoluci\u00f3n de los expedientes de las personas menores de edad solicitantes de asilo. As\u00ed, se han resuelto ya 693 expedientes y se ha procedido a la reubicaci\u00f3n de 567 de las y los menores extranjeros no acompa\u00f1ados en recursos espec\u00edficos del Sistema de Acogida de Protecci\u00f3n Internacional: 436 en la Pen\u00ednsula y 131 en Canarias. Por el contrario, 126 de los expedientes correspond\u00edan a personas que finalmente resultaron ser mayores de edad.<\/p>\n<p>&#8220;Es el Gobierno de Canarias quien no est\u00e1 siendo igual de diligente&#8221;, ha precisado M\u00e1\u00f1ez, recordando que, a 21 de noviembre, el Ejecutivo auton\u00f3mico solo hab\u00eda remitido 432 expedientes del resto de 2.133 personas menores no acompa\u00f1adas que son de su competencia y que deber\u00edan ser reubicados antes de marzo de 2026, momento en el que se cumple el plazo de un a\u00f1o fijado para los chicos y chicas menores extranjeras que se encontraban en las islas antes de la declaraci\u00f3n de la contingencia migratoria.<\/p>\n<p>De ellos, adem\u00e1s, \u00fanicamente se han trasladado 157, lo que supone un 29,6%, frente al 79,4% alcanzado en Ceuta o el 72,4% en Melilla. En t\u00e9rminos globales, la Delegaci\u00f3n del Gobierno en Canarias ha dictado 529 resoluciones definitivas, pero el Gobierno de Canarias solo ha hecho efectivos 157 traslados, apenas un 30%.<\/p>\n<p>\u201cEl procedimiento del Gobierno de Espa\u00f1a es el mismo en todas las comunidades; lo que cambia es la respuesta de cada una\u201d, ha insistido M\u00e1\u00f1ez, quien ha defendido la lealtad del Ejecutivo estatal con Canarias y ha recordado que sin el impulso del presidente Pedro S\u00e1nchez y del ministro \u00c1ngel V\u00edctor Torres no existir\u00eda hoy una norma que garantice una acogida solidaria y obligatoria. \u201cHay que ser exigentes siempre, pero no es coherente reclamar celeridad a otros y negarla cuando la responsabilidad es propia\u201d, ha subrayado.&#8211;<\/p>\n","protected":false},"excerpt":{"rendered":"<p>Elena M\u00e1\u00f1ez pide al Ejecutivo de CC-PP que aclare por qu\u00e9 solo ha reubicado a 157 chicas y chicos extranjeros no acompa\u00f1ados, dato que sit\u00faa al Archipi\u00e9lago muy por detr\u00e1s de Ceuta y Melilla en el cumplimiento de los traslados<\/p>\n","protected":false},"author":1,"featured_media":63275,"comment_status":"open","ping_status":"open","sticky":false,"template":"","format":"standard","meta":{"footnotes":""},"categories":[1184,7],"tags":[932],"class_list":["post-63274","post","type-post","status-publish","format-standard","has-post-thumbnail","hentry","category-noticias","category-politica","tag-elena-manez"],"featured_image_src":"https:\/\/psoecanarias.com\/web\/wp-content\/uploads\/2026\/01\/Rueda-Preensa-PSOE-021.jpg","author_info":{"display_name":"PSOE Canarias","author_link":"https:\/\/psoecanarias.com\/web\/author\/admin\/"},"yoast_head":"<!-- This site is optimized with the Yoast SEO plugin v27.2 - https:\/\/yoast.com\/product\/yoast-seo-wordpress\/ -->\n<title>El PSOE exige al Gobierno de Canarias &quot;transparencia total&quot; sobre los traslados de menores no acompa\u00f1adas | PSOE Canarias<\/title>\n<meta name=\"robots\" content=\"index, follow, max-snippet:-1, max-image-preview:large, max-video-preview:-1\" \/>\n<link rel=\"canonical\" href=\"https:\/\/psoecanarias.com\/web\/el-psoe-exige-al-gobierno-de-canarias-transparencia-total-sobre-los-traslados-de-menores-no-acompanadas\/\" \/>\n<meta property=\"og:locale\" content=\"es_ES\" \/>\n<meta property=\"og:type\" content=\"article\" \/>\n<meta property=\"og:title\" content=\"El PSOE exige al Gobierno de Canarias &quot;transparencia total&quot; sobre los traslados de menores no acompa\u00f1adas | PSOE Canarias\" \/>\n<meta property=\"og:description\" content=\"Elena M\u00e1\u00f1ez pide al Ejecutivo de CC-PP que aclare por qu\u00e9 solo ha reubicado a 157 chicas y chicos extranjeros no acompa\u00f1ados, dato que sit\u00faa al Archipi\u00e9lago muy por detr\u00e1s de Ceuta y Melilla en el cumplimiento de los traslados\" \/>\n<meta property=\"og:url\" content=\"https:\/\/psoecanarias.com\/web\/el-psoe-exige-al-gobierno-de-canarias-transparencia-total-sobre-los-traslados-de-menores-no-acompanadas\/\" \/>\n<meta property=\"og:site_name\" content=\"PSOE Canarias\" \/>\n<meta property=\"article:published_time\" content=\"2026-01-27T10:52:14+00:00\" \/>\n<meta property=\"og:image\" content=\"https:\/\/psoecanarias.com\/web\/wp-content\/uploads\/2026\/01\/Rueda-Preensa-PSOE-021.jpg\" \/>\n\t<meta property=\"og:image:width\" content=\"1800\" \/>\n\t<meta property=\"og:image:height\" content=\"1200\" \/>\n\t<meta property=\"og:image:type\" content=\"image\/jpeg\" \/>\n<meta name=\"author\" content=\"PSOE Canarias\" \/>\n<meta name=\"twitter:card\" content=\"summary_large_image\" \/>\n<script type=\"application\/ld+json\" class=\"yoast-schema-graph\">{\"@context\":\"https:\/\/schema.org\",\"@graph\":[{\"@type\":\"Article\",\"@id\":\"https:\/\/psoecanarias.com\/web\/el-psoe-exige-al-gobierno-de-canarias-transparencia-total-sobre-los-traslados-de-menores-no-acompanadas\/#article\",\"isPartOf\":{\"@id\":\"https:\/\/psoecanarias.com\/web\/el-psoe-exige-al-gobierno-de-canarias-transparencia-total-sobre-los-traslados-de-menores-no-acompanadas\/\"},\"author\":{\"name\":\"PSOE Canarias\",\"@id\":\"https:\/\/psoecanarias.com\/web\/#\/schema\/person\/1ae43f9659d2fc599ca69c11e1dbf26f\"},\"headline\":\"El PSOE exige al Gobierno de Canarias &#8220;transparencia total&#8221; sobre los traslados de menores no acompa\u00f1adas\",\"datePublished\":\"2026-01-27T10:52:14+00:00\",\"mainEntityOfPage\":{\"@id\":\"https:\/\/psoecanarias.com\/web\/el-psoe-exige-al-gobierno-de-canarias-transparencia-total-sobre-los-traslados-de-menores-no-acompanadas\/\"},\"wordCount\":444,\"commentCount\":0,\"image\":{\"@id\":\"https:\/\/psoecanarias.com\/web\/el-psoe-exige-al-gobierno-de-canarias-transparencia-total-sobre-los-traslados-de-menores-no-acompanadas\/#primaryimage\"},\"thumbnailUrl\":\"https:\/\/psoecanarias.com\/web\/wp-content\/uploads\/2026\/01\/Rueda-Preensa-PSOE-021.jpg\",\"keywords\":[\"Elena M\u00e1\u00f1ez\"],\"articleSection\":[\"Noticias\",\"Pol\u00edtica\"],\"inLanguage\":\"es\",\"potentialAction\":[{\"@type\":\"CommentAction\",\"name\":\"Comment\",\"target\":[\"https:\/\/psoecanarias.com\/web\/el-psoe-exige-al-gobierno-de-canarias-transparencia-total-sobre-los-traslados-de-menores-no-acompanadas\/#respond\"]}]},{\"@type\":\"WebPage\",\"@id\":\"https:\/\/psoecanarias.com\/web\/el-psoe-exige-al-gobierno-de-canarias-transparencia-total-sobre-los-traslados-de-menores-no-acompanadas\/\",\"url\":\"https:\/\/psoecanarias.com\/web\/el-psoe-exige-al-gobierno-de-canarias-transparencia-total-sobre-los-traslados-de-menores-no-acompanadas\/\",\"name\":\"El PSOE exige al Gobierno de Canarias \\\"transparencia total\\\" sobre los traslados de menores no acompa\u00f1adas | PSOE Canarias\",\"isPartOf\":{\"@id\":\"https:\/\/psoecanarias.com\/web\/#website\"},\"primaryImageOfPage\":{\"@id\":\"https:\/\/psoecanarias.com\/web\/el-psoe-exige-al-gobierno-de-canarias-transparencia-total-sobre-los-traslados-de-menores-no-acompanadas\/#primaryimage\"},\"image\":{\"@id\":\"https:\/\/psoecanarias.com\/web\/el-psoe-exige-al-gobierno-de-canarias-transparencia-total-sobre-los-traslados-de-menores-no-acompanadas\/#primaryimage\"},\"thumbnailUrl\":\"https:\/\/psoecanarias.com\/web\/wp-content\/uploads\/2026\/01\/Rueda-Preensa-PSOE-021.jpg\",\"datePublished\":\"2026-01-27T10:52:14+00:00\",\"author\":{\"@id\":\"https:\/\/psoecanarias.com\/web\/#\/schema\/person\/1ae43f9659d2fc599ca69c11e1dbf26f\"},\"breadcrumb\":{\"@id\":\"https:\/\/psoecanarias.com\/web\/el-psoe-exige-al-gobierno-de-canarias-transparencia-total-sobre-los-traslados-de-menores-no-acompanadas\/#breadcrumb\"},\"inLanguage\":\"es\",\"potentialAction\":[{\"@type\":\"ReadAction\",\"target\":[\"https:\/\/psoecanarias.com\/web\/el-psoe-exige-al-gobierno-de-canarias-transparencia-total-sobre-los-traslados-de-menores-no-acompanadas\/\"]}]},{\"@type\":\"ImageObject\",\"inLanguage\":\"es\",\"@id\":\"https:\/\/psoecanarias.com\/web\/el-psoe-exige-al-gobierno-de-canarias-transparencia-total-sobre-los-traslados-de-menores-no-acompanadas\/#primaryimage\",\"url\":\"https:\/\/psoecanarias.com\/web\/wp-content\/uploads\/2026\/01\/Rueda-Preensa-PSOE-021.jpg\",\"contentUrl\":\"https:\/\/psoecanarias.com\/web\/wp-content\/uploads\/2026\/01\/Rueda-Preensa-PSOE-021.jpg\",\"width\":1800,\"height\":1200,\"caption\":\"Elena M\u00e1\u00f1ez, vicesecretaria portavoz del PSOE Canarias.\"},{\"@type\":\"BreadcrumbList\",\"@id\":\"https:\/\/psoecanarias.com\/web\/el-psoe-exige-al-gobierno-de-canarias-transparencia-total-sobre-los-traslados-de-menores-no-acompanadas\/#breadcrumb\",\"itemListElement\":[{\"@type\":\"ListItem\",\"position\":1,\"name\":\"Portada\",\"item\":\"https:\/\/psoecanarias.com\/web\/\"},{\"@type\":\"ListItem\",\"position\":2,\"name\":\"El PSOE exige al Gobierno de Canarias &#8220;transparencia total&#8221; sobre los traslados de menores no acompa\u00f1adas\"}]},{\"@type\":\"WebSite\",\"@id\":\"https:\/\/psoecanarias.com\/web\/#website\",\"url\":\"https:\/\/psoecanarias.com\/web\/\",\"name\":\"PSOE Canarias\",\"description\":\"Partido Socialista Obrero Espa\u00f1ol Canarias\",\"potentialAction\":[{\"@type\":\"SearchAction\",\"target\":{\"@type\":\"EntryPoint\",\"urlTemplate\":\"https:\/\/psoecanarias.com\/web\/?s={search_term_string}\"},\"query-input\":{\"@type\":\"PropertyValueSpecification\",\"valueRequired\":true,\"valueName\":\"search_term_string\"}}],\"inLanguage\":\"es\"},{\"@type\":\"Person\",\"@id\":\"https:\/\/psoecanarias.com\/web\/#\/schema\/person\/1ae43f9659d2fc599ca69c11e1dbf26f\",\"name\":\"PSOE Canarias\",\"image\":{\"@type\":\"ImageObject\",\"inLanguage\":\"es\",\"@id\":\"https:\/\/secure.gravatar.com\/avatar\/4364d37f6f6f9cdb7af199b46151565f37d8a8c3c0e04c1d78c04e857a15e3a8?s=96&d=mm&r=g\",\"url\":\"https:\/\/secure.gravatar.com\/avatar\/4364d37f6f6f9cdb7af199b46151565f37d8a8c3c0e04c1d78c04e857a15e3a8?s=96&d=mm&r=g\",\"contentUrl\":\"https:\/\/secure.gravatar.com\/avatar\/4364d37f6f6f9cdb7af199b46151565f37d8a8c3c0e04c1d78c04e857a15e3a8?s=96&d=mm&r=g\",\"caption\":\"PSOE Canarias\"},\"url\":\"https:\/\/psoecanarias.com\/web\/author\/admin\/\"}]}<\/script>\n<!-- \/ Yoast SEO plugin. -->","yoast_head_json":{"title":"El PSOE exige al Gobierno de Canarias \"transparencia total\" sobre los traslados de menores no acompa\u00f1adas | PSOE Canarias","robots":{"index":"index","follow":"follow","max-snippet":"max-snippet:-1","max-image-preview":"max-image-preview:large","max-video-preview":"max-video-preview:-1"},"canonical":"https:\/\/psoecanarias.com\/web\/el-psoe-exige-al-gobierno-de-canarias-transparencia-total-sobre-los-traslados-de-menores-no-acompanadas\/","og_locale":"es_ES","og_type":"article","og_title":"El PSOE exige al Gobierno de Canarias \"transparencia total\" sobre los traslados de menores no acompa\u00f1adas | PSOE Canarias","og_description":"Elena M\u00e1\u00f1ez pide al Ejecutivo de CC-PP que aclare por qu\u00e9 solo ha reubicado a 157 chicas y chicos extranjeros no acompa\u00f1ados, dato que sit\u00faa al Archipi\u00e9lago muy por detr\u00e1s de Ceuta y Melilla en el cumplimiento de los traslados","og_url":"https:\/\/psoecanarias.com\/web\/el-psoe-exige-al-gobierno-de-canarias-transparencia-total-sobre-los-traslados-de-menores-no-acompanadas\/","og_site_name":"PSOE Canarias","article_published_time":"2026-01-27T10:52:14+00:00","og_image":[{"width":1800,"height":1200,"url":"https:\/\/psoecanarias.com\/web\/wp-content\/uploads\/2026\/01\/Rueda-Preensa-PSOE-021.jpg","type":"image\/jpeg"}],"author":"PSOE Canarias","twitter_card":"summary_large_image","schema":{"@context":"https:\/\/schema.org","@graph":[{"@type":"Article","@id":"https:\/\/psoecanarias.com\/web\/el-psoe-exige-al-gobierno-de-canarias-transparencia-total-sobre-los-traslados-de-menores-no-acompanadas\/#article","isPartOf":{"@id":"https:\/\/psoecanarias.com\/web\/el-psoe-exige-al-gobierno-de-canarias-transparencia-total-sobre-los-traslados-de-menores-no-acompanadas\/"},"author":{"name":"PSOE Canarias","@id":"https:\/\/psoecanarias.com\/web\/#\/schema\/person\/1ae43f9659d2fc599ca69c11e1dbf26f"},"headline":"El PSOE exige al Gobierno de Canarias &#8220;transparencia total&#8221; sobre los traslados de menores no acompa\u00f1adas","datePublished":"2026-01-27T10:52:14+00:00","mainEntityOfPage":{"@id":"https:\/\/psoecanarias.com\/web\/el-psoe-exige-al-gobierno-de-canarias-transparencia-total-sobre-los-traslados-de-menores-no-acompanadas\/"},"wordCount":444,"commentCount":0,"image":{"@id":"https:\/\/psoecanarias.com\/web\/el-psoe-exige-al-gobierno-de-canarias-transparencia-total-sobre-los-traslados-de-menores-no-acompanadas\/#primaryimage"},"thumbnailUrl":"https:\/\/psoecanarias.com\/web\/wp-content\/uploads\/2026\/01\/Rueda-Preensa-PSOE-021.jpg","keywords":["Elena M\u00e1\u00f1ez"],"articleSection":["Noticias","Pol\u00edtica"],"inLanguage":"es","potentialAction":[{"@type":"CommentAction","name":"Comment","target":["https:\/\/psoecanarias.com\/web\/el-psoe-exige-al-gobierno-de-canarias-transparencia-total-sobre-los-traslados-de-menores-no-acompanadas\/#respond"]}]},{"@type":"WebPage","@id":"https:\/\/psoecanarias.com\/web\/el-psoe-exige-al-gobierno-de-canarias-transparencia-total-sobre-los-traslados-de-menores-no-acompanadas\/","url":"https:\/\/psoecanarias.com\/web\/el-psoe-exige-al-gobierno-de-canarias-transparencia-total-sobre-los-traslados-de-menores-no-acompanadas\/","name":"El PSOE exige al Gobierno de Canarias \"transparencia total\" sobre los traslados de menores no acompa\u00f1adas | PSOE Canarias","isPartOf":{"@id":"https:\/\/psoecanarias.com\/web\/#website"},"primaryImageOfPage":{"@id":"https:\/\/psoecanarias.com\/web\/el-psoe-exige-al-gobierno-de-canarias-transparencia-total-sobre-los-traslados-de-menores-no-acompanadas\/#primaryimage"},"image":{"@id":"https:\/\/psoecanarias.com\/web\/el-psoe-exige-al-gobierno-de-canarias-transparencia-total-sobre-los-traslados-de-menores-no-acompanadas\/#primaryimage"},"thumbnailUrl":"https:\/\/psoecanarias.com\/web\/wp-content\/uploads\/2026\/01\/Rueda-Preensa-PSOE-021.jpg","datePublished":"2026-01-27T10:52:14+00:00","author":{"@id":"https:\/\/psoecanarias.com\/web\/#\/schema\/person\/1ae43f9659d2fc599ca69c11e1dbf26f"},"breadcrumb":{"@id":"https:\/\/psoecanarias.com\/web\/el-psoe-exige-al-gobierno-de-canarias-transparencia-total-sobre-los-traslados-de-menores-no-acompanadas\/#breadcrumb"},"inLanguage":"es","potentialAction":[{"@type":"ReadAction","target":["https:\/\/psoecanarias.com\/web\/el-psoe-exige-al-gobierno-de-canarias-transparencia-total-sobre-los-traslados-de-menores-no-acompanadas\/"]}]},{"@type":"ImageObject","inLanguage":"es","@id":"https:\/\/psoecanarias.com\/web\/el-psoe-exige-al-gobierno-de-canarias-transparencia-total-sobre-los-traslados-de-menores-no-acompanadas\/#primaryimage","url":"https:\/\/psoecanarias.com\/web\/wp-content\/uploads\/2026\/01\/Rueda-Preensa-PSOE-021.jpg","contentUrl":"https:\/\/psoecanarias.com\/web\/wp-content\/uploads\/2026\/01\/Rueda-Preensa-PSOE-021.jpg","width":1800,"height":1200,"caption":"Elena M\u00e1\u00f1ez, vicesecretaria portavoz del PSOE Canarias."},{"@type":"BreadcrumbList","@id":"https:\/\/psoecanarias.com\/web\/el-psoe-exige-al-gobierno-de-canarias-transparencia-total-sobre-los-traslados-de-menores-no-acompanadas\/#breadcrumb","itemListElement":[{"@type":"ListItem","position":1,"name":"Portada","item":"https:\/\/psoecanarias.com\/web\/"},{"@type":"ListItem","position":2,"name":"El PSOE exige al Gobierno de Canarias &#8220;transparencia total&#8221; sobre los traslados de menores no acompa\u00f1adas"}]},{"@type":"WebSite","@id":"https:\/\/psoecanarias.com\/web\/#website","url":"https:\/\/psoecanarias.com\/web\/","name":"PSOE Canarias","description":"Partido Socialista Obrero Espa\u00f1ol Canarias","potentialAction":[{"@type":"SearchAction","target":{"@type":"EntryPoint","urlTemplate":"https:\/\/psoecanarias.com\/web\/?s={search_term_string}"},"query-input":{"@type":"PropertyValueSpecification","valueRequired":true,"valueName":"search_term_string"}}],"inLanguage":"es"},{"@type":"Person","@id":"https:\/\/psoecanarias.com\/web\/#\/schema\/person\/1ae43f9659d2fc599ca69c11e1dbf26f","name":"PSOE Canarias","image":{"@type":"ImageObject","inLanguage":"es","@id":"https:\/\/secure.gravatar.com\/avatar\/4364d37f6f6f9cdb7af199b46151565f37d8a8c3c0e04c1d78c04e857a15e3a8?s=96&d=mm&r=g","url":"https:\/\/secure.gravatar.com\/avatar\/4364d37f6f6f9cdb7af199b46151565f37d8a8c3c0e04c1d78c04e857a15e3a8?s=96&d=mm&r=g","contentUrl":"https:\/\/secure.gravatar.com\/avatar\/4364d37f6f6f9cdb7af199b46151565f37d8a8c3c0e04c1d78c04e857a15e3a8?s=96&d=mm&r=g","caption":"PSOE Canarias"},"url":"https:\/\/psoecanarias.com\/web\/author\/admin\/"}]}},"_links":{"self":[{"href":"https:\/\/psoecanarias.com\/web\/wp-json\/wp\/v2\/posts\/63274","targetHints":{"allow":["GET"]}}],"collection":[{"href":"https:\/\/psoecanarias.com\/web\/wp-json\/wp\/v2\/posts"}],"about":[{"href":"https:\/\/psoecanarias.com\/web\/wp-json\/wp\/v2\/types\/post"}],"author":[{"embeddable":true,"href":"https:\/\/psoecanarias.com\/web\/wp-json\/wp\/v2\/users\/1"}],"replies":[{"embeddable":true,"href":"https:\/\/psoecanarias.com\/web\/wp-json\/wp\/v2\/comments?post=63274"}],"version-history":[{"count":1,"href":"https:\/\/psoecanarias.com\/web\/wp-json\/wp\/v2\/posts\/63274\/revisions"}],"predecessor-version":[{"id":63276,"href":"https:\/\/psoecanarias.com\/web\/wp-json\/wp\/v2\/posts\/63274\/revisions\/63276"}],"wp:featuredmedia":[{"embeddable":true,"href":"https:\/\/psoecanarias.com\/web\/wp-json\/wp\/v2\/media\/63275"}],"wp:attachment":[{"href":"https:\/\/psoecanarias.com\/web\/wp-json\/wp\/v2\/media?parent=63274"}],"wp:term":[{"taxonomy":"category","embeddable":true,"href":"https:\/\/psoecanarias.com\/web\/wp-json\/wp\/v2\/categories?post=63274"},{"taxonomy":"post_tag","embeddable":true,"href":"https:\/\/psoecanarias.com\/web\/wp-json\/wp\/v2\/tags?post=63274"}],"curies":[{"name":"wp","href":"https:\/\/api.w.org\/{rel}","templated":true}]}}