{"id":63290,"date":"2026-01-27T13:49:01","date_gmt":"2026-01-27T13:49:01","guid":{"rendered":"https:\/\/psoecanarias.com\/web\/?p=63290"},"modified":"2026-01-27T13:49:01","modified_gmt":"2026-01-27T13:49:01","slug":"el-grupo-socialista-denuncia-las-carencias-educativas-y-sanitarias-de-el-hierro","status":"publish","type":"post","link":"https:\/\/psoecanarias.com\/web\/el-grupo-socialista-denuncia-las-carencias-educativas-y-sanitarias-de-el-hierro\/","title":{"rendered":"El Grupo Socialista denuncia las carencias educativas y sanitarias de El Hierro"},"content":{"rendered":"<p><strong>Canarias, 27 de enero 2026.-<\/strong> El portavoz del Grupo Parlamentario Socialista, Sebasti\u00e1n Franquis, y la presidenta accidental del Cabildo de El Hierro, Ana Gonz\u00e1lez, han reclamado al Gobierno de Canarias una respuesta \u201cclara y urgente\u201d a las graves carencias en infraestructuras educativas y sanitarias que sufre la isla y que, seg\u00fan han denunciado, no se ven reflejadas en el Proyecto de Presupuestos de la Comunidad Aut\u00f3noma para 2026.<\/p>\n<p>Franquis y Gonz\u00e1lez han reclamado la acci\u00f3n del Gobierno canario durante la jornada de trabajo que las diputadas y diputados del Grupo Socialista han celebrado este martes 27 de enero en El Hierro, enmarcada en la ronda de visitas que el grupo parlamentario viene realizando desde el inicio de la legislatura a las islas no capitalinas, con el objetivo de conocer de primera mano la realidad de cada territorio.<\/p>\n<p>Franquis defendi\u00f3 la necesidad de que los representantes p\u00fablicos \u201cse trasladen a los territorios para conocer de primera mano sus necesidades\u201d, especialmente en islas no capitalinas, y record\u00f3 que \u00e9sta es la quinta visita del Grupo Parlamentario Socialista a una isla no capitalina en lo que va de legislatura, lo que, a su juicio, demuestra el compromiso del PSOE con la cohesi\u00f3n territorial y la igualdad de oportunidades.<\/p>\n<p>El portavoz socialista se\u00f1al\u00f3 que desde el Cabildo insular se les ha trasladado \u201cuna situaci\u00f3n preocupante en materia educativa y sanitaria\u201d, y anunci\u00f3 que el Grupo Socialista presentar\u00e1 en la C\u00e1mara regional preguntas parlamentarias y proposiciones no de ley para exigir al Gobierno de Canarias soluciones concretas. \u201cEstamos hablando de competencias exclusivas del Gobierno de Canarias, como la educaci\u00f3n, la sanidad y el bienestar social, y los presupuestos no est\u00e1n dando respuesta a las necesidades reales de El Hierro\u201d, afirm\u00f3.<\/p>\n<p>Tambi\u00e9n critic\u00f3 que ni los presupuestos aprobados el pasado a\u00f1o ni las iniciativas emprendidas por las consejer\u00edas correspondientes hayan resuelto problemas como la ampliaci\u00f3n y mejora de los centros de salud o las deficiencias en los centros educativos de la isla, como el IES Garo\u00e9. \u201cTodo lo que est\u00e1 ocurriendo en El Hierro lo vamos a trasladar al Parlamento para exigir medidas concretas\u201d, insisti\u00f3.<\/p>\n<p>Asimismo, avanz\u00f3 que esta visita tambi\u00e9n sirve para analizar el inicio del nuevo periodo de sesiones parlamentarias, que comenzar\u00e1 en las pr\u00f3ximas semanas, y para definir las l\u00edneas generales de actuaci\u00f3n del Grupo Socialista hasta el verano, con el objetivo de reforzar la defensa de los servicios p\u00fablicos y de los territorios m\u00e1s alejados de los centros de decisi\u00f3n.<\/p>\n<p>Por su parte, la presidenta accidental del Cabildo de El Hierro, Ana Gonz\u00e1lez, subray\u00f3 la importancia de aprovechar esta visita para trasladar directamente las principales demandas de la isla al Parlamento canario y al Gobierno de Canarias.<\/p>\n<p>En este sentido, puso el foco en la situaci\u00f3n de la sanidad insular, con especial preocupaci\u00f3n por el funcionamiento de los tres centros de salud de la isla, as\u00ed como en los problemas registrados al inicio del curso escolar en el IES Garo\u00e9, que evidencian, a su juicio, la \u201cfalta de planificaci\u00f3n y de inversi\u00f3n\u201d en infraestructuras educativas.<\/p>\n<p>\u201cLa sanidad y la educaci\u00f3n son servicios esenciales para la ciudadan\u00eda herre\u00f1a y no pueden seguir vi\u00e9ndose relegados\u201d, se\u00f1al\u00f3 Gonz\u00e1lez, quien a\u00f1adi\u00f3 que estas carencias se suman a la problem\u00e1tica de la vivienda, una situaci\u00f3n generalizada en Canarias pero que adquiere especial gravedad en territorios insulares como El Hierro. \u201cEn los Presupuestos no se refleja a atenci\u00f3n a estas demandas, el Gobierno canario no tiene proyecto para la isla\u201d.<\/p>\n<p>Gonz\u00e1lez explic\u00f3 que, a lo largo de la jornada, el Grupo Socialista mantuvo diversas reuniones con colectivos sociales, educativos y sanitarios de la isla, con el objetivo de escuchar sus demandas y trasladarlas posteriormente al Parlamento de Canarias mediante iniciativas parlamentarias y al propio Gobierno auton\u00f3mico.<\/p>\n","protected":false},"excerpt":{"rendered":"<p>El portavoz socialista Sebasti\u00e1n Franquis lamenta que el Gobierno de CC-PP no tenga proyecto para esta isla y reclama respuestas \u201cclaras y urgentes\u201d a sus deficiencias en servicios esenciales<\/p>\n","protected":false},"author":1,"featured_media":63291,"comment_status":"open","ping_status":"open","sticky":false,"template":"","format":"standard","meta":{"footnotes":""},"categories":[1185,1184],"tags":[299],"class_list":["post-63290","post","type-post","status-publish","format-standard","has-post-thumbnail","hentry","category-grupo-parlamentario","category-noticias","tag-sebastian-franquis"],"featured_image_src":"https:\/\/psoecanarias.com\/web\/wp-content\/uploads\/2026\/01\/foto02.jpeg","author_info":{"display_name":"PSOE Canarias","author_link":"https:\/\/psoecanarias.com\/web\/author\/admin\/"},"yoast_head":"<!-- This site is optimized with the Yoast SEO plugin v27.2 - https:\/\/yoast.com\/product\/yoast-seo-wordpress\/ -->\n<title>El Grupo Socialista denuncia las carencias educativas y sanitarias de El Hierro | PSOE Canarias<\/title>\n<meta name=\"robots\" content=\"index, follow, max-snippet:-1, max-image-preview:large, max-video-preview:-1\" \/>\n<link rel=\"canonical\" href=\"https:\/\/psoecanarias.com\/web\/el-grupo-socialista-denuncia-las-carencias-educativas-y-sanitarias-de-el-hierro\/\" \/>\n<meta property=\"og:locale\" content=\"es_ES\" \/>\n<meta property=\"og:type\" content=\"article\" \/>\n<meta property=\"og:title\" content=\"El Grupo Socialista denuncia las carencias educativas y sanitarias de El Hierro | PSOE Canarias\" \/>\n<meta property=\"og:description\" content=\"El portavoz socialista Sebasti\u00e1n Franquis lamenta que el Gobierno de CC-PP no tenga proyecto para esta isla y reclama respuestas \u201cclaras y urgentes\u201d a sus deficiencias en servicios esenciales\" \/>\n<meta property=\"og:url\" content=\"https:\/\/psoecanarias.com\/web\/el-grupo-socialista-denuncia-las-carencias-educativas-y-sanitarias-de-el-hierro\/\" \/>\n<meta property=\"og:site_name\" content=\"PSOE Canarias\" \/>\n<meta property=\"article:published_time\" content=\"2026-01-27T13:49:01+00:00\" \/>\n<meta property=\"og:image\" content=\"https:\/\/psoecanarias.com\/web\/wp-content\/uploads\/2026\/01\/foto02.jpeg\" \/>\n\t<meta property=\"og:image:width\" content=\"1280\" \/>\n\t<meta property=\"og:image:height\" content=\"853\" \/>\n\t<meta property=\"og:image:type\" content=\"image\/jpeg\" \/>\n<meta name=\"author\" content=\"PSOE Canarias\" \/>\n<meta name=\"twitter:card\" content=\"summary_large_image\" \/>\n<script type=\"application\/ld+json\" class=\"yoast-schema-graph\">{\"@context\":\"https:\/\/schema.org\",\"@graph\":[{\"@type\":\"Article\",\"@id\":\"https:\/\/psoecanarias.com\/web\/el-grupo-socialista-denuncia-las-carencias-educativas-y-sanitarias-de-el-hierro\/#article\",\"isPartOf\":{\"@id\":\"https:\/\/psoecanarias.com\/web\/el-grupo-socialista-denuncia-las-carencias-educativas-y-sanitarias-de-el-hierro\/\"},\"author\":{\"name\":\"PSOE Canarias\",\"@id\":\"https:\/\/psoecanarias.com\/web\/#\/schema\/person\/1ae43f9659d2fc599ca69c11e1dbf26f\"},\"headline\":\"El Grupo Socialista denuncia las carencias educativas y sanitarias de El Hierro\",\"datePublished\":\"2026-01-27T13:49:01+00:00\",\"mainEntityOfPage\":{\"@id\":\"https:\/\/psoecanarias.com\/web\/el-grupo-socialista-denuncia-las-carencias-educativas-y-sanitarias-de-el-hierro\/\"},\"wordCount\":668,\"commentCount\":0,\"image\":{\"@id\":\"https:\/\/psoecanarias.com\/web\/el-grupo-socialista-denuncia-las-carencias-educativas-y-sanitarias-de-el-hierro\/#primaryimage\"},\"thumbnailUrl\":\"https:\/\/psoecanarias.com\/web\/wp-content\/uploads\/2026\/01\/foto02.jpeg\",\"keywords\":[\"Sebasti\u00e1n Franquis\"],\"articleSection\":[\"Grupo Parlamentario\",\"Noticias\"],\"inLanguage\":\"es\",\"potentialAction\":[{\"@type\":\"CommentAction\",\"name\":\"Comment\",\"target\":[\"https:\/\/psoecanarias.com\/web\/el-grupo-socialista-denuncia-las-carencias-educativas-y-sanitarias-de-el-hierro\/#respond\"]}]},{\"@type\":\"WebPage\",\"@id\":\"https:\/\/psoecanarias.com\/web\/el-grupo-socialista-denuncia-las-carencias-educativas-y-sanitarias-de-el-hierro\/\",\"url\":\"https:\/\/psoecanarias.com\/web\/el-grupo-socialista-denuncia-las-carencias-educativas-y-sanitarias-de-el-hierro\/\",\"name\":\"El Grupo Socialista denuncia las carencias educativas y sanitarias de El Hierro | PSOE Canarias\",\"isPartOf\":{\"@id\":\"https:\/\/psoecanarias.com\/web\/#website\"},\"primaryImageOfPage\":{\"@id\":\"https:\/\/psoecanarias.com\/web\/el-grupo-socialista-denuncia-las-carencias-educativas-y-sanitarias-de-el-hierro\/#primaryimage\"},\"image\":{\"@id\":\"https:\/\/psoecanarias.com\/web\/el-grupo-socialista-denuncia-las-carencias-educativas-y-sanitarias-de-el-hierro\/#primaryimage\"},\"thumbnailUrl\":\"https:\/\/psoecanarias.com\/web\/wp-content\/uploads\/2026\/01\/foto02.jpeg\",\"datePublished\":\"2026-01-27T13:49:01+00:00\",\"author\":{\"@id\":\"https:\/\/psoecanarias.com\/web\/#\/schema\/person\/1ae43f9659d2fc599ca69c11e1dbf26f\"},\"breadcrumb\":{\"@id\":\"https:\/\/psoecanarias.com\/web\/el-grupo-socialista-denuncia-las-carencias-educativas-y-sanitarias-de-el-hierro\/#breadcrumb\"},\"inLanguage\":\"es\",\"potentialAction\":[{\"@type\":\"ReadAction\",\"target\":[\"https:\/\/psoecanarias.com\/web\/el-grupo-socialista-denuncia-las-carencias-educativas-y-sanitarias-de-el-hierro\/\"]}]},{\"@type\":\"ImageObject\",\"inLanguage\":\"es\",\"@id\":\"https:\/\/psoecanarias.com\/web\/el-grupo-socialista-denuncia-las-carencias-educativas-y-sanitarias-de-el-hierro\/#primaryimage\",\"url\":\"https:\/\/psoecanarias.com\/web\/wp-content\/uploads\/2026\/01\/foto02.jpeg\",\"contentUrl\":\"https:\/\/psoecanarias.com\/web\/wp-content\/uploads\/2026\/01\/foto02.jpeg\",\"width\":1280,\"height\":853,\"caption\":\"Visita del Grupo Parlamentario Socialista al Cabildo de El Hierro, el 27 de enero de 2026.\"},{\"@type\":\"BreadcrumbList\",\"@id\":\"https:\/\/psoecanarias.com\/web\/el-grupo-socialista-denuncia-las-carencias-educativas-y-sanitarias-de-el-hierro\/#breadcrumb\",\"itemListElement\":[{\"@type\":\"ListItem\",\"position\":1,\"name\":\"Portada\",\"item\":\"https:\/\/psoecanarias.com\/web\/\"},{\"@type\":\"ListItem\",\"position\":2,\"name\":\"El Grupo Socialista denuncia las carencias educativas y sanitarias de El Hierro\"}]},{\"@type\":\"WebSite\",\"@id\":\"https:\/\/psoecanarias.com\/web\/#website\",\"url\":\"https:\/\/psoecanarias.com\/web\/\",\"name\":\"PSOE Canarias\",\"description\":\"Partido Socialista Obrero Espa\u00f1ol Canarias\",\"potentialAction\":[{\"@type\":\"SearchAction\",\"target\":{\"@type\":\"EntryPoint\",\"urlTemplate\":\"https:\/\/psoecanarias.com\/web\/?s={search_term_string}\"},\"query-input\":{\"@type\":\"PropertyValueSpecification\",\"valueRequired\":true,\"valueName\":\"search_term_string\"}}],\"inLanguage\":\"es\"},{\"@type\":\"Person\",\"@id\":\"https:\/\/psoecanarias.com\/web\/#\/schema\/person\/1ae43f9659d2fc599ca69c11e1dbf26f\",\"name\":\"PSOE Canarias\",\"image\":{\"@type\":\"ImageObject\",\"inLanguage\":\"es\",\"@id\":\"https:\/\/secure.gravatar.com\/avatar\/4364d37f6f6f9cdb7af199b46151565f37d8a8c3c0e04c1d78c04e857a15e3a8?s=96&d=mm&r=g\",\"url\":\"https:\/\/secure.gravatar.com\/avatar\/4364d37f6f6f9cdb7af199b46151565f37d8a8c3c0e04c1d78c04e857a15e3a8?s=96&d=mm&r=g\",\"contentUrl\":\"https:\/\/secure.gravatar.com\/avatar\/4364d37f6f6f9cdb7af199b46151565f37d8a8c3c0e04c1d78c04e857a15e3a8?s=96&d=mm&r=g\",\"caption\":\"PSOE Canarias\"},\"url\":\"https:\/\/psoecanarias.com\/web\/author\/admin\/\"}]}<\/script>\n<!-- \/ Yoast SEO plugin. -->","yoast_head_json":{"title":"El Grupo Socialista denuncia las carencias educativas y sanitarias de El Hierro | PSOE Canarias","robots":{"index":"index","follow":"follow","max-snippet":"max-snippet:-1","max-image-preview":"max-image-preview:large","max-video-preview":"max-video-preview:-1"},"canonical":"https:\/\/psoecanarias.com\/web\/el-grupo-socialista-denuncia-las-carencias-educativas-y-sanitarias-de-el-hierro\/","og_locale":"es_ES","og_type":"article","og_title":"El Grupo Socialista denuncia las carencias educativas y sanitarias de El Hierro | PSOE Canarias","og_description":"El portavoz socialista Sebasti\u00e1n Franquis lamenta que el Gobierno de CC-PP no tenga proyecto para esta isla y reclama respuestas \u201cclaras y urgentes\u201d a sus deficiencias en servicios esenciales","og_url":"https:\/\/psoecanarias.com\/web\/el-grupo-socialista-denuncia-las-carencias-educativas-y-sanitarias-de-el-hierro\/","og_site_name":"PSOE Canarias","article_published_time":"2026-01-27T13:49:01+00:00","og_image":[{"width":1280,"height":853,"url":"https:\/\/psoecanarias.com\/web\/wp-content\/uploads\/2026\/01\/foto02.jpeg","type":"image\/jpeg"}],"author":"PSOE Canarias","twitter_card":"summary_large_image","schema":{"@context":"https:\/\/schema.org","@graph":[{"@type":"Article","@id":"https:\/\/psoecanarias.com\/web\/el-grupo-socialista-denuncia-las-carencias-educativas-y-sanitarias-de-el-hierro\/#article","isPartOf":{"@id":"https:\/\/psoecanarias.com\/web\/el-grupo-socialista-denuncia-las-carencias-educativas-y-sanitarias-de-el-hierro\/"},"author":{"name":"PSOE Canarias","@id":"https:\/\/psoecanarias.com\/web\/#\/schema\/person\/1ae43f9659d2fc599ca69c11e1dbf26f"},"headline":"El Grupo Socialista denuncia las carencias educativas y sanitarias de El Hierro","datePublished":"2026-01-27T13:49:01+00:00","mainEntityOfPage":{"@id":"https:\/\/psoecanarias.com\/web\/el-grupo-socialista-denuncia-las-carencias-educativas-y-sanitarias-de-el-hierro\/"},"wordCount":668,"commentCount":0,"image":{"@id":"https:\/\/psoecanarias.com\/web\/el-grupo-socialista-denuncia-las-carencias-educativas-y-sanitarias-de-el-hierro\/#primaryimage"},"thumbnailUrl":"https:\/\/psoecanarias.com\/web\/wp-content\/uploads\/2026\/01\/foto02.jpeg","keywords":["Sebasti\u00e1n Franquis"],"articleSection":["Grupo Parlamentario","Noticias"],"inLanguage":"es","potentialAction":[{"@type":"CommentAction","name":"Comment","target":["https:\/\/psoecanarias.com\/web\/el-grupo-socialista-denuncia-las-carencias-educativas-y-sanitarias-de-el-hierro\/#respond"]}]},{"@type":"WebPage","@id":"https:\/\/psoecanarias.com\/web\/el-grupo-socialista-denuncia-las-carencias-educativas-y-sanitarias-de-el-hierro\/","url":"https:\/\/psoecanarias.com\/web\/el-grupo-socialista-denuncia-las-carencias-educativas-y-sanitarias-de-el-hierro\/","name":"El Grupo Socialista denuncia las carencias educativas y sanitarias de El Hierro | PSOE Canarias","isPartOf":{"@id":"https:\/\/psoecanarias.com\/web\/#website"},"primaryImageOfPage":{"@id":"https:\/\/psoecanarias.com\/web\/el-grupo-socialista-denuncia-las-carencias-educativas-y-sanitarias-de-el-hierro\/#primaryimage"},"image":{"@id":"https:\/\/psoecanarias.com\/web\/el-grupo-socialista-denuncia-las-carencias-educativas-y-sanitarias-de-el-hierro\/#primaryimage"},"thumbnailUrl":"https:\/\/psoecanarias.com\/web\/wp-content\/uploads\/2026\/01\/foto02.jpeg","datePublished":"2026-01-27T13:49:01+00:00","author":{"@id":"https:\/\/psoecanarias.com\/web\/#\/schema\/person\/1ae43f9659d2fc599ca69c11e1dbf26f"},"breadcrumb":{"@id":"https:\/\/psoecanarias.com\/web\/el-grupo-socialista-denuncia-las-carencias-educativas-y-sanitarias-de-el-hierro\/#breadcrumb"},"inLanguage":"es","potentialAction":[{"@type":"ReadAction","target":["https:\/\/psoecanarias.com\/web\/el-grupo-socialista-denuncia-las-carencias-educativas-y-sanitarias-de-el-hierro\/"]}]},{"@type":"ImageObject","inLanguage":"es","@id":"https:\/\/psoecanarias.com\/web\/el-grupo-socialista-denuncia-las-carencias-educativas-y-sanitarias-de-el-hierro\/#primaryimage","url":"https:\/\/psoecanarias.com\/web\/wp-content\/uploads\/2026\/01\/foto02.jpeg","contentUrl":"https:\/\/psoecanarias.com\/web\/wp-content\/uploads\/2026\/01\/foto02.jpeg","width":1280,"height":853,"caption":"Visita del Grupo Parlamentario Socialista al Cabildo de El Hierro, el 27 de enero de 2026."},{"@type":"BreadcrumbList","@id":"https:\/\/psoecanarias.com\/web\/el-grupo-socialista-denuncia-las-carencias-educativas-y-sanitarias-de-el-hierro\/#breadcrumb","itemListElement":[{"@type":"ListItem","position":1,"name":"Portada","item":"https:\/\/psoecanarias.com\/web\/"},{"@type":"ListItem","position":2,"name":"El Grupo Socialista denuncia las carencias educativas y sanitarias de El Hierro"}]},{"@type":"WebSite","@id":"https:\/\/psoecanarias.com\/web\/#website","url":"https:\/\/psoecanarias.com\/web\/","name":"PSOE Canarias","description":"Partido Socialista Obrero Espa\u00f1ol Canarias","potentialAction":[{"@type":"SearchAction","target":{"@type":"EntryPoint","urlTemplate":"https:\/\/psoecanarias.com\/web\/?s={search_term_string}"},"query-input":{"@type":"PropertyValueSpecification","valueRequired":true,"valueName":"search_term_string"}}],"inLanguage":"es"},{"@type":"Person","@id":"https:\/\/psoecanarias.com\/web\/#\/schema\/person\/1ae43f9659d2fc599ca69c11e1dbf26f","name":"PSOE Canarias","image":{"@type":"ImageObject","inLanguage":"es","@id":"https:\/\/secure.gravatar.com\/avatar\/4364d37f6f6f9cdb7af199b46151565f37d8a8c3c0e04c1d78c04e857a15e3a8?s=96&d=mm&r=g","url":"https:\/\/secure.gravatar.com\/avatar\/4364d37f6f6f9cdb7af199b46151565f37d8a8c3c0e04c1d78c04e857a15e3a8?s=96&d=mm&r=g","contentUrl":"https:\/\/secure.gravatar.com\/avatar\/4364d37f6f6f9cdb7af199b46151565f37d8a8c3c0e04c1d78c04e857a15e3a8?s=96&d=mm&r=g","caption":"PSOE Canarias"},"url":"https:\/\/psoecanarias.com\/web\/author\/admin\/"}]}},"_links":{"self":[{"href":"https:\/\/psoecanarias.com\/web\/wp-json\/wp\/v2\/posts\/63290","targetHints":{"allow":["GET"]}}],"collection":[{"href":"https:\/\/psoecanarias.com\/web\/wp-json\/wp\/v2\/posts"}],"about":[{"href":"https:\/\/psoecanarias.com\/web\/wp-json\/wp\/v2\/types\/post"}],"author":[{"embeddable":true,"href":"https:\/\/psoecanarias.com\/web\/wp-json\/wp\/v2\/users\/1"}],"replies":[{"embeddable":true,"href":"https:\/\/psoecanarias.com\/web\/wp-json\/wp\/v2\/comments?post=63290"}],"version-history":[{"count":1,"href":"https:\/\/psoecanarias.com\/web\/wp-json\/wp\/v2\/posts\/63290\/revisions"}],"predecessor-version":[{"id":63292,"href":"https:\/\/psoecanarias.com\/web\/wp-json\/wp\/v2\/posts\/63290\/revisions\/63292"}],"wp:featuredmedia":[{"embeddable":true,"href":"https:\/\/psoecanarias.com\/web\/wp-json\/wp\/v2\/media\/63291"}],"wp:attachment":[{"href":"https:\/\/psoecanarias.com\/web\/wp-json\/wp\/v2\/media?parent=63290"}],"wp:term":[{"taxonomy":"category","embeddable":true,"href":"https:\/\/psoecanarias.com\/web\/wp-json\/wp\/v2\/categories?post=63290"},{"taxonomy":"post_tag","embeddable":true,"href":"https:\/\/psoecanarias.com\/web\/wp-json\/wp\/v2\/tags?post=63290"}],"curies":[{"name":"wp","href":"https:\/\/api.w.org\/{rel}","templated":true}]}}