{"id":63294,"date":"2026-01-27T17:02:29","date_gmt":"2026-01-27T17:02:29","guid":{"rendered":"https:\/\/psoecanarias.com\/web\/?p=63294"},"modified":"2026-02-07T22:37:13","modified_gmt":"2026-02-07T22:37:13","slug":"corujo-carga-contra-el-pp-por-su-rechazo-a-la-subida-de-las-pensiones-prefieren-hacer-dano-antes-que-mejorar-la-vida-de-la-gente","status":"publish","type":"post","link":"https:\/\/psoecanarias.com\/web\/corujo-carga-contra-el-pp-por-su-rechazo-a-la-subida-de-las-pensiones-prefieren-hacer-dano-antes-que-mejorar-la-vida-de-la-gente\/","title":{"rendered":"Corujo carga contra el PP: \u201cPrefieren hacer da\u00f1o a mejorar la vida de la gente\u201d"},"content":{"rendered":"<p><strong>Canarias, 27 de enero de 2026.&#8211;<\/strong> La diputada y portavoz de las y los socialistas de Canarias en las Cortes Generales, Dolores Corujo, ha criticado con dureza el voto en contra de las derechas de este pa\u00eds, con el Partido Popular a la cabeza, a la subida de las pensiones impulsada por el Gobierno de Espa\u00f1a, una condici\u00f3n que en Canarias ostentan m\u00e1s de 340.000 personas.<\/p>\n<p>Corujo ha calificado esta posici\u00f3n como \u201cuna grave irresponsabilidad pol\u00edtica y social\u201d, al considerar que supone dar la espalda a miles de personas mayores que dependen de su pensi\u00f3n para vivir con dignidad. \u201cLe piden el voto a la ciudadan\u00eda y luego lo utilizan contra los m\u00e1s vulnerables. Entre mejorar la calidad de vida de quienes m\u00e1s lo necesitan o hacer da\u00f1o, han preferido esto \u00faltimo. Es lamentable\u201d, ha afirmado.<\/p>\n<p>La diputada socialista por la provincia de Las Palmas ha recordado que la revalorizaci\u00f3n de las pensiones conforme al IPC es una medida clave para proteger el poder adquisitivo de las personas pensionistas, especialmente en un contexto marcado por el encarecimiento del coste de la vida. \u201cEn una comunidad como Canarias, con los salarios m\u00e1s bajos y mayores dificultades sociales, votar en contra de la subida de las pensiones es un ataque directo a la cohesi\u00f3n social\u201d, ha subrayado.<\/p>\n<p>Dolores Corujo ha destacado que esta decisi\u00f3n afecta no solo a quienes perciben pensiones contributivas, sino tambi\u00e9n a quienes reciben pensiones m\u00ednimas y no contributivas, muchas de ellas mujeres. \u201cCuando el PP vota en contra de las pensiones, est\u00e1 votando contra miles de mayores que sostuvieron este pa\u00eds sin reconocimiento ni derechos suficientes\u201d, ha se\u00f1alado.<\/p>\n<p>Desde el PSOE Canarias se ha insistido en que la defensa del sistema p\u00fablico de pensiones es una l\u00ednea roja irrenunciable: \u201cLas pensiones no son una d\u00e1diva, son un derecho conquistado tras d\u00e9cadas de trabajo y esfuerzo. Defenderlas es defender la dignidad de nuestra gente\u201d.<\/p>\n<p>Corujo ha contrapuesto la postura del Partido Popular con la del Gobierno de Espa\u00f1a, que ha situado la justicia social en el centro de su acci\u00f3n pol\u00edtica: \u201cMientras unos utilizan el Parlamento para bloquear avances sociales, otros trabajamos para garantizar que nadie quede atr\u00e1s, especialmente quienes m\u00e1s lo necesitan\u201d.<\/p>\n<p>La dirigente socialista ha concluido asegurando que el PSOE seguir\u00e1 defendiendo en las Cortes Generales pol\u00edticas que refuercen el Estado del Bienestar y protejan a la mayor\u00eda social. \u201cCanarias necesita m\u00e1s derechos, no recortes encubiertos ni votos irresponsables que castigan a quienes ya lo han dado todo\u201d, ha sentenciado.<\/p>\n","protected":false},"excerpt":{"rendered":"<p>La diputada socialista acusa al principal partido de la derecha de utilizar su voto \u201ccontra quienes ya lo han dado todo\u201d<\/p>\n","protected":false},"author":1,"featured_media":63295,"comment_status":"open","ping_status":"open","sticky":false,"template":"","format":"standard","meta":{"footnotes":""},"categories":[1197,1184],"tags":[247],"class_list":["post-63294","post","type-post","status-publish","format-standard","has-post-thumbnail","hentry","category-cortes-generales","category-noticias","tag-dolores-corujo"],"featured_image_src":"https:\/\/psoecanarias.com\/web\/wp-content\/uploads\/2026\/01\/54196091241_3c7d9d25a6_k.jpg","author_info":{"display_name":"PSOE Canarias","author_link":"https:\/\/psoecanarias.com\/web\/author\/admin\/"},"yoast_head":"<!-- This site is optimized with the Yoast SEO plugin v27.2 - https:\/\/yoast.com\/product\/yoast-seo-wordpress\/ -->\n<title>Corujo carga contra el PP: \u201cPrefieren hacer da\u00f1o a mejorar la vida de la gente\u201d | PSOE Canarias<\/title>\n<meta name=\"robots\" content=\"index, follow, max-snippet:-1, max-image-preview:large, max-video-preview:-1\" \/>\n<link rel=\"canonical\" href=\"https:\/\/psoecanarias.com\/web\/corujo-carga-contra-el-pp-por-su-rechazo-a-la-subida-de-las-pensiones-prefieren-hacer-dano-antes-que-mejorar-la-vida-de-la-gente\/\" \/>\n<meta property=\"og:locale\" content=\"es_ES\" \/>\n<meta property=\"og:type\" content=\"article\" \/>\n<meta property=\"og:title\" content=\"Corujo carga contra el PP: \u201cPrefieren hacer da\u00f1o a mejorar la vida de la gente\u201d | PSOE Canarias\" \/>\n<meta property=\"og:description\" content=\"La diputada socialista acusa al principal partido de la derecha de utilizar su voto \u201ccontra quienes ya lo han dado todo\u201d\" \/>\n<meta property=\"og:url\" content=\"https:\/\/psoecanarias.com\/web\/corujo-carga-contra-el-pp-por-su-rechazo-a-la-subida-de-las-pensiones-prefieren-hacer-dano-antes-que-mejorar-la-vida-de-la-gente\/\" \/>\n<meta property=\"og:site_name\" content=\"PSOE Canarias\" \/>\n<meta property=\"article:published_time\" content=\"2026-01-27T17:02:29+00:00\" \/>\n<meta property=\"article:modified_time\" content=\"2026-02-07T22:37:13+00:00\" \/>\n<meta property=\"og:image\" content=\"https:\/\/psoecanarias.com\/web\/wp-content\/uploads\/2026\/01\/54196091241_3c7d9d25a6_k.jpg\" \/>\n\t<meta property=\"og:image:width\" content=\"2048\" \/>\n\t<meta property=\"og:image:height\" content=\"1365\" \/>\n\t<meta property=\"og:image:type\" content=\"image\/jpeg\" \/>\n<meta name=\"author\" content=\"PSOE Canarias\" \/>\n<meta name=\"twitter:card\" content=\"summary_large_image\" \/>\n<script type=\"application\/ld+json\" class=\"yoast-schema-graph\">{\"@context\":\"https:\/\/schema.org\",\"@graph\":[{\"@type\":\"Article\",\"@id\":\"https:\/\/psoecanarias.com\/web\/corujo-carga-contra-el-pp-por-su-rechazo-a-la-subida-de-las-pensiones-prefieren-hacer-dano-antes-que-mejorar-la-vida-de-la-gente\/#article\",\"isPartOf\":{\"@id\":\"https:\/\/psoecanarias.com\/web\/corujo-carga-contra-el-pp-por-su-rechazo-a-la-subida-de-las-pensiones-prefieren-hacer-dano-antes-que-mejorar-la-vida-de-la-gente\/\"},\"author\":{\"name\":\"PSOE Canarias\",\"@id\":\"https:\/\/psoecanarias.com\/web\/#\/schema\/person\/1ae43f9659d2fc599ca69c11e1dbf26f\"},\"headline\":\"Corujo carga contra el PP: \u201cPrefieren hacer da\u00f1o a mejorar la vida de la gente\u201d\",\"datePublished\":\"2026-01-27T17:02:29+00:00\",\"dateModified\":\"2026-02-07T22:37:13+00:00\",\"mainEntityOfPage\":{\"@id\":\"https:\/\/psoecanarias.com\/web\/corujo-carga-contra-el-pp-por-su-rechazo-a-la-subida-de-las-pensiones-prefieren-hacer-dano-antes-que-mejorar-la-vida-de-la-gente\/\"},\"wordCount\":458,\"commentCount\":0,\"image\":{\"@id\":\"https:\/\/psoecanarias.com\/web\/corujo-carga-contra-el-pp-por-su-rechazo-a-la-subida-de-las-pensiones-prefieren-hacer-dano-antes-que-mejorar-la-vida-de-la-gente\/#primaryimage\"},\"thumbnailUrl\":\"https:\/\/psoecanarias.com\/web\/wp-content\/uploads\/2026\/01\/54196091241_3c7d9d25a6_k.jpg\",\"keywords\":[\"Dolores Corujo\"],\"articleSection\":[\"Cortes Generales\",\"Noticias\"],\"inLanguage\":\"es\",\"potentialAction\":[{\"@type\":\"CommentAction\",\"name\":\"Comment\",\"target\":[\"https:\/\/psoecanarias.com\/web\/corujo-carga-contra-el-pp-por-su-rechazo-a-la-subida-de-las-pensiones-prefieren-hacer-dano-antes-que-mejorar-la-vida-de-la-gente\/#respond\"]}]},{\"@type\":\"WebPage\",\"@id\":\"https:\/\/psoecanarias.com\/web\/corujo-carga-contra-el-pp-por-su-rechazo-a-la-subida-de-las-pensiones-prefieren-hacer-dano-antes-que-mejorar-la-vida-de-la-gente\/\",\"url\":\"https:\/\/psoecanarias.com\/web\/corujo-carga-contra-el-pp-por-su-rechazo-a-la-subida-de-las-pensiones-prefieren-hacer-dano-antes-que-mejorar-la-vida-de-la-gente\/\",\"name\":\"Corujo carga contra el PP: \u201cPrefieren hacer da\u00f1o a mejorar la vida de la gente\u201d | PSOE Canarias\",\"isPartOf\":{\"@id\":\"https:\/\/psoecanarias.com\/web\/#website\"},\"primaryImageOfPage\":{\"@id\":\"https:\/\/psoecanarias.com\/web\/corujo-carga-contra-el-pp-por-su-rechazo-a-la-subida-de-las-pensiones-prefieren-hacer-dano-antes-que-mejorar-la-vida-de-la-gente\/#primaryimage\"},\"image\":{\"@id\":\"https:\/\/psoecanarias.com\/web\/corujo-carga-contra-el-pp-por-su-rechazo-a-la-subida-de-las-pensiones-prefieren-hacer-dano-antes-que-mejorar-la-vida-de-la-gente\/#primaryimage\"},\"thumbnailUrl\":\"https:\/\/psoecanarias.com\/web\/wp-content\/uploads\/2026\/01\/54196091241_3c7d9d25a6_k.jpg\",\"datePublished\":\"2026-01-27T17:02:29+00:00\",\"dateModified\":\"2026-02-07T22:37:13+00:00\",\"author\":{\"@id\":\"https:\/\/psoecanarias.com\/web\/#\/schema\/person\/1ae43f9659d2fc599ca69c11e1dbf26f\"},\"breadcrumb\":{\"@id\":\"https:\/\/psoecanarias.com\/web\/corujo-carga-contra-el-pp-por-su-rechazo-a-la-subida-de-las-pensiones-prefieren-hacer-dano-antes-que-mejorar-la-vida-de-la-gente\/#breadcrumb\"},\"inLanguage\":\"es\",\"potentialAction\":[{\"@type\":\"ReadAction\",\"target\":[\"https:\/\/psoecanarias.com\/web\/corujo-carga-contra-el-pp-por-su-rechazo-a-la-subida-de-las-pensiones-prefieren-hacer-dano-antes-que-mejorar-la-vida-de-la-gente\/\"]}]},{\"@type\":\"ImageObject\",\"inLanguage\":\"es\",\"@id\":\"https:\/\/psoecanarias.com\/web\/corujo-carga-contra-el-pp-por-su-rechazo-a-la-subida-de-las-pensiones-prefieren-hacer-dano-antes-que-mejorar-la-vida-de-la-gente\/#primaryimage\",\"url\":\"https:\/\/psoecanarias.com\/web\/wp-content\/uploads\/2026\/01\/54196091241_3c7d9d25a6_k.jpg\",\"contentUrl\":\"https:\/\/psoecanarias.com\/web\/wp-content\/uploads\/2026\/01\/54196091241_3c7d9d25a6_k.jpg\",\"width\":2048,\"height\":1365,\"caption\":\"Dolores Corujo, en una intervenci\u00f3n en el Congreso de los Diputados.\"},{\"@type\":\"BreadcrumbList\",\"@id\":\"https:\/\/psoecanarias.com\/web\/corujo-carga-contra-el-pp-por-su-rechazo-a-la-subida-de-las-pensiones-prefieren-hacer-dano-antes-que-mejorar-la-vida-de-la-gente\/#breadcrumb\",\"itemListElement\":[{\"@type\":\"ListItem\",\"position\":1,\"name\":\"Portada\",\"item\":\"https:\/\/psoecanarias.com\/web\/\"},{\"@type\":\"ListItem\",\"position\":2,\"name\":\"Corujo carga contra el PP: \u201cPrefieren hacer da\u00f1o a mejorar la vida de la gente\u201d\"}]},{\"@type\":\"WebSite\",\"@id\":\"https:\/\/psoecanarias.com\/web\/#website\",\"url\":\"https:\/\/psoecanarias.com\/web\/\",\"name\":\"PSOE Canarias\",\"description\":\"Partido Socialista Obrero Espa\u00f1ol Canarias\",\"potentialAction\":[{\"@type\":\"SearchAction\",\"target\":{\"@type\":\"EntryPoint\",\"urlTemplate\":\"https:\/\/psoecanarias.com\/web\/?s={search_term_string}\"},\"query-input\":{\"@type\":\"PropertyValueSpecification\",\"valueRequired\":true,\"valueName\":\"search_term_string\"}}],\"inLanguage\":\"es\"},{\"@type\":\"Person\",\"@id\":\"https:\/\/psoecanarias.com\/web\/#\/schema\/person\/1ae43f9659d2fc599ca69c11e1dbf26f\",\"name\":\"PSOE Canarias\",\"image\":{\"@type\":\"ImageObject\",\"inLanguage\":\"es\",\"@id\":\"https:\/\/secure.gravatar.com\/avatar\/4364d37f6f6f9cdb7af199b46151565f37d8a8c3c0e04c1d78c04e857a15e3a8?s=96&d=mm&r=g\",\"url\":\"https:\/\/secure.gravatar.com\/avatar\/4364d37f6f6f9cdb7af199b46151565f37d8a8c3c0e04c1d78c04e857a15e3a8?s=96&d=mm&r=g\",\"contentUrl\":\"https:\/\/secure.gravatar.com\/avatar\/4364d37f6f6f9cdb7af199b46151565f37d8a8c3c0e04c1d78c04e857a15e3a8?s=96&d=mm&r=g\",\"caption\":\"PSOE Canarias\"},\"url\":\"https:\/\/psoecanarias.com\/web\/author\/admin\/\"}]}<\/script>\n<!-- \/ Yoast SEO plugin. -->","yoast_head_json":{"title":"Corujo carga contra el PP: \u201cPrefieren hacer da\u00f1o a mejorar la vida de la gente\u201d | PSOE Canarias","robots":{"index":"index","follow":"follow","max-snippet":"max-snippet:-1","max-image-preview":"max-image-preview:large","max-video-preview":"max-video-preview:-1"},"canonical":"https:\/\/psoecanarias.com\/web\/corujo-carga-contra-el-pp-por-su-rechazo-a-la-subida-de-las-pensiones-prefieren-hacer-dano-antes-que-mejorar-la-vida-de-la-gente\/","og_locale":"es_ES","og_type":"article","og_title":"Corujo carga contra el PP: \u201cPrefieren hacer da\u00f1o a mejorar la vida de la gente\u201d | PSOE Canarias","og_description":"La diputada socialista acusa al principal partido de la derecha de utilizar su voto \u201ccontra quienes ya lo han dado todo\u201d","og_url":"https:\/\/psoecanarias.com\/web\/corujo-carga-contra-el-pp-por-su-rechazo-a-la-subida-de-las-pensiones-prefieren-hacer-dano-antes-que-mejorar-la-vida-de-la-gente\/","og_site_name":"PSOE Canarias","article_published_time":"2026-01-27T17:02:29+00:00","article_modified_time":"2026-02-07T22:37:13+00:00","og_image":[{"width":2048,"height":1365,"url":"https:\/\/psoecanarias.com\/web\/wp-content\/uploads\/2026\/01\/54196091241_3c7d9d25a6_k.jpg","type":"image\/jpeg"}],"author":"PSOE Canarias","twitter_card":"summary_large_image","schema":{"@context":"https:\/\/schema.org","@graph":[{"@type":"Article","@id":"https:\/\/psoecanarias.com\/web\/corujo-carga-contra-el-pp-por-su-rechazo-a-la-subida-de-las-pensiones-prefieren-hacer-dano-antes-que-mejorar-la-vida-de-la-gente\/#article","isPartOf":{"@id":"https:\/\/psoecanarias.com\/web\/corujo-carga-contra-el-pp-por-su-rechazo-a-la-subida-de-las-pensiones-prefieren-hacer-dano-antes-que-mejorar-la-vida-de-la-gente\/"},"author":{"name":"PSOE Canarias","@id":"https:\/\/psoecanarias.com\/web\/#\/schema\/person\/1ae43f9659d2fc599ca69c11e1dbf26f"},"headline":"Corujo carga contra el PP: \u201cPrefieren hacer da\u00f1o a mejorar la vida de la gente\u201d","datePublished":"2026-01-27T17:02:29+00:00","dateModified":"2026-02-07T22:37:13+00:00","mainEntityOfPage":{"@id":"https:\/\/psoecanarias.com\/web\/corujo-carga-contra-el-pp-por-su-rechazo-a-la-subida-de-las-pensiones-prefieren-hacer-dano-antes-que-mejorar-la-vida-de-la-gente\/"},"wordCount":458,"commentCount":0,"image":{"@id":"https:\/\/psoecanarias.com\/web\/corujo-carga-contra-el-pp-por-su-rechazo-a-la-subida-de-las-pensiones-prefieren-hacer-dano-antes-que-mejorar-la-vida-de-la-gente\/#primaryimage"},"thumbnailUrl":"https:\/\/psoecanarias.com\/web\/wp-content\/uploads\/2026\/01\/54196091241_3c7d9d25a6_k.jpg","keywords":["Dolores Corujo"],"articleSection":["Cortes Generales","Noticias"],"inLanguage":"es","potentialAction":[{"@type":"CommentAction","name":"Comment","target":["https:\/\/psoecanarias.com\/web\/corujo-carga-contra-el-pp-por-su-rechazo-a-la-subida-de-las-pensiones-prefieren-hacer-dano-antes-que-mejorar-la-vida-de-la-gente\/#respond"]}]},{"@type":"WebPage","@id":"https:\/\/psoecanarias.com\/web\/corujo-carga-contra-el-pp-por-su-rechazo-a-la-subida-de-las-pensiones-prefieren-hacer-dano-antes-que-mejorar-la-vida-de-la-gente\/","url":"https:\/\/psoecanarias.com\/web\/corujo-carga-contra-el-pp-por-su-rechazo-a-la-subida-de-las-pensiones-prefieren-hacer-dano-antes-que-mejorar-la-vida-de-la-gente\/","name":"Corujo carga contra el PP: \u201cPrefieren hacer da\u00f1o a mejorar la vida de la gente\u201d | PSOE Canarias","isPartOf":{"@id":"https:\/\/psoecanarias.com\/web\/#website"},"primaryImageOfPage":{"@id":"https:\/\/psoecanarias.com\/web\/corujo-carga-contra-el-pp-por-su-rechazo-a-la-subida-de-las-pensiones-prefieren-hacer-dano-antes-que-mejorar-la-vida-de-la-gente\/#primaryimage"},"image":{"@id":"https:\/\/psoecanarias.com\/web\/corujo-carga-contra-el-pp-por-su-rechazo-a-la-subida-de-las-pensiones-prefieren-hacer-dano-antes-que-mejorar-la-vida-de-la-gente\/#primaryimage"},"thumbnailUrl":"https:\/\/psoecanarias.com\/web\/wp-content\/uploads\/2026\/01\/54196091241_3c7d9d25a6_k.jpg","datePublished":"2026-01-27T17:02:29+00:00","dateModified":"2026-02-07T22:37:13+00:00","author":{"@id":"https:\/\/psoecanarias.com\/web\/#\/schema\/person\/1ae43f9659d2fc599ca69c11e1dbf26f"},"breadcrumb":{"@id":"https:\/\/psoecanarias.com\/web\/corujo-carga-contra-el-pp-por-su-rechazo-a-la-subida-de-las-pensiones-prefieren-hacer-dano-antes-que-mejorar-la-vida-de-la-gente\/#breadcrumb"},"inLanguage":"es","potentialAction":[{"@type":"ReadAction","target":["https:\/\/psoecanarias.com\/web\/corujo-carga-contra-el-pp-por-su-rechazo-a-la-subida-de-las-pensiones-prefieren-hacer-dano-antes-que-mejorar-la-vida-de-la-gente\/"]}]},{"@type":"ImageObject","inLanguage":"es","@id":"https:\/\/psoecanarias.com\/web\/corujo-carga-contra-el-pp-por-su-rechazo-a-la-subida-de-las-pensiones-prefieren-hacer-dano-antes-que-mejorar-la-vida-de-la-gente\/#primaryimage","url":"https:\/\/psoecanarias.com\/web\/wp-content\/uploads\/2026\/01\/54196091241_3c7d9d25a6_k.jpg","contentUrl":"https:\/\/psoecanarias.com\/web\/wp-content\/uploads\/2026\/01\/54196091241_3c7d9d25a6_k.jpg","width":2048,"height":1365,"caption":"Dolores Corujo, en una intervenci\u00f3n en el Congreso de los Diputados."},{"@type":"BreadcrumbList","@id":"https:\/\/psoecanarias.com\/web\/corujo-carga-contra-el-pp-por-su-rechazo-a-la-subida-de-las-pensiones-prefieren-hacer-dano-antes-que-mejorar-la-vida-de-la-gente\/#breadcrumb","itemListElement":[{"@type":"ListItem","position":1,"name":"Portada","item":"https:\/\/psoecanarias.com\/web\/"},{"@type":"ListItem","position":2,"name":"Corujo carga contra el PP: \u201cPrefieren hacer da\u00f1o a mejorar la vida de la gente\u201d"}]},{"@type":"WebSite","@id":"https:\/\/psoecanarias.com\/web\/#website","url":"https:\/\/psoecanarias.com\/web\/","name":"PSOE Canarias","description":"Partido Socialista Obrero Espa\u00f1ol Canarias","potentialAction":[{"@type":"SearchAction","target":{"@type":"EntryPoint","urlTemplate":"https:\/\/psoecanarias.com\/web\/?s={search_term_string}"},"query-input":{"@type":"PropertyValueSpecification","valueRequired":true,"valueName":"search_term_string"}}],"inLanguage":"es"},{"@type":"Person","@id":"https:\/\/psoecanarias.com\/web\/#\/schema\/person\/1ae43f9659d2fc599ca69c11e1dbf26f","name":"PSOE Canarias","image":{"@type":"ImageObject","inLanguage":"es","@id":"https:\/\/secure.gravatar.com\/avatar\/4364d37f6f6f9cdb7af199b46151565f37d8a8c3c0e04c1d78c04e857a15e3a8?s=96&d=mm&r=g","url":"https:\/\/secure.gravatar.com\/avatar\/4364d37f6f6f9cdb7af199b46151565f37d8a8c3c0e04c1d78c04e857a15e3a8?s=96&d=mm&r=g","contentUrl":"https:\/\/secure.gravatar.com\/avatar\/4364d37f6f6f9cdb7af199b46151565f37d8a8c3c0e04c1d78c04e857a15e3a8?s=96&d=mm&r=g","caption":"PSOE Canarias"},"url":"https:\/\/psoecanarias.com\/web\/author\/admin\/"}]}},"_links":{"self":[{"href":"https:\/\/psoecanarias.com\/web\/wp-json\/wp\/v2\/posts\/63294","targetHints":{"allow":["GET"]}}],"collection":[{"href":"https:\/\/psoecanarias.com\/web\/wp-json\/wp\/v2\/posts"}],"about":[{"href":"https:\/\/psoecanarias.com\/web\/wp-json\/wp\/v2\/types\/post"}],"author":[{"embeddable":true,"href":"https:\/\/psoecanarias.com\/web\/wp-json\/wp\/v2\/users\/1"}],"replies":[{"embeddable":true,"href":"https:\/\/psoecanarias.com\/web\/wp-json\/wp\/v2\/comments?post=63294"}],"version-history":[{"count":4,"href":"https:\/\/psoecanarias.com\/web\/wp-json\/wp\/v2\/posts\/63294\/revisions"}],"predecessor-version":[{"id":63525,"href":"https:\/\/psoecanarias.com\/web\/wp-json\/wp\/v2\/posts\/63294\/revisions\/63525"}],"wp:featuredmedia":[{"embeddable":true,"href":"https:\/\/psoecanarias.com\/web\/wp-json\/wp\/v2\/media\/63295"}],"wp:attachment":[{"href":"https:\/\/psoecanarias.com\/web\/wp-json\/wp\/v2\/media?parent=63294"}],"wp:term":[{"taxonomy":"category","embeddable":true,"href":"https:\/\/psoecanarias.com\/web\/wp-json\/wp\/v2\/categories?post=63294"},{"taxonomy":"post_tag","embeddable":true,"href":"https:\/\/psoecanarias.com\/web\/wp-json\/wp\/v2\/tags?post=63294"}],"curies":[{"name":"wp","href":"https:\/\/api.w.org\/{rel}","templated":true}]}}