{"id":63315,"date":"2026-01-28T15:55:01","date_gmt":"2026-01-28T15:55:01","guid":{"rendered":"https:\/\/psoecanarias.com\/web\/?p=63315"},"modified":"2026-02-07T22:38:11","modified_gmt":"2026-02-07T22:38:11","slug":"el-psoe-se-niega-a-sumarse-al-paripe-del-decreto-clavijo-y-rechaza-participar-en-su-teatro-politico","status":"publish","type":"post","link":"https:\/\/psoecanarias.com\/web\/el-psoe-se-niega-a-sumarse-al-paripe-del-decreto-clavijo-y-rechaza-participar-en-su-teatro-politico\/","title":{"rendered":"El PSOE rechaza sumarse al \u201cparip\u00e9\u201d del &#8216;decreto Clavijo&#8217; y lo tacha de \u201cteatro pol\u00edtico\u201d"},"content":{"rendered":"<p><strong>Canarias, 28 de enero 2026.-<\/strong> El portavoz del Grupo Parlamentario Socialista, Sebasti\u00e1n Franquis, ha calificado de \u201cparip\u00e9\u201d el nuevo documento sobre el Decreto Clavijo que ha elaborado el presidente del Gobierno canario, Fernando Clavijo, para presentar este jueves [29] en Presidencia del Gobierno a los grupos parlamentarios, y anuncia que los socialistas rechazan participar en su \u201cteatro pol\u00edtico\u201d ante el rechazo a todas las propuestas incluidas por los socialistas.<\/p>\n<p>Franquis critica la \u201cfalta total de voluntad pol\u00edtica\u201d del Gobierno de Canarias, que no ha incorporado \u201cni una sola\u201d de las aportaciones realizadas por el Grupo Socialista al documento que se negociar\u00e1 con el Gobierno de Espa\u00f1a, y denuncia que la participaci\u00f3n de la oposici\u00f3n ha sido un \u201caut\u00e9ntico parip\u00e9\u201d medi\u00e1tico y pol\u00edtico: \u201cLo que est\u00e1 haciendo Clavijo y su gobierno es puro teatro\u201d.<\/p>\n<p>Franquis acusa al Gobierno de Canarias de cerrar la puerta al di\u00e1logo, al no incorporar \u201cni una sola\u201d de las aportaciones del Grupo Socialista al decreto Clavijo, y califica todo el proceso como un \u201caut\u00e9ntico parip\u00e9\u201d medi\u00e1tico: \u201cClavijo y su gobierno est\u00e1n haciendo puro teatro pol\u00edtico\u201d.<\/p>\n<p>El portavoz socialista recuerda que el Grupo Socialista present\u00f3 una alternativa al Decreto Clavijo que el Gobierno de Canarias expuso a los grupos parlamentarios para que hicieran aportaciones al documento que Canarias quiere negociar con el Gobierno central.<\/p>\n<p>En este sentido, denuncia que las medidas presentadas por los socialistas no han sido tomadas en cuenta, a pesar de que el PSOE mostr\u00f3 su rechazo en su momento a este documento porque ya existe un pacto con el Ejecutivo central para un Real Decreto ley que aborde los asuntos urgentes de Canarias.<\/p>\n<p>Franquis vuelve a recalcar que Clavijo solo quiere pactar cuestiones cuando se refieren al Gobierno de Espa\u00f1a, pero no a las cuestiones que corresponden al Gobierno de Canarias, y acusa de nuevo al Ejecutivo auton\u00f3mico de \u201cenga\u00f1ar y enredar\u201d.<\/p>\n<p>Para el portavoz socialista, con este Decreto el Gobierno de Canarias est\u00e1 reclamando al Estado m\u00e1s de 3.000 millones de euros para financiar competencias que son exclusivamente suyas, porque ha decidido \u201cno planificar, no gestionar y pasarle la factura a Madrid\u201d.<\/p>\n<p>\u201cCuando un Gobierno necesita exigir al Estado m\u00e1s de 3.000 millones de euros para cubrir pol\u00edticas auton\u00f3micas ordinarias, el problema no es la financiaci\u00f3n: el problema es que ese Gobierno ha renunciado a planificar y gestionar\u201d, recuerda.<\/p>\n<p>Denuncia que este Decreto Canarias es un intento evidente de trasladar al Estado la financiaci\u00f3n estructural de pol\u00edticas p\u00fablicas que son competencia directa del Gobierno de Canarias: \u201cEste gobierno abandona sus obligaciones\u201d.<\/p>\n<p>Para Franquis, \u201cesto no es cooperaci\u00f3n institucional. Esto es abandonar sus obligaciones. Hablan de emergencia, de urgencia y de excepcionalidad, pero la realidad es mucho m\u00e1s simple: despu\u00e9s de casi tres a\u00f1os en el gobierno no han planificado, no han ejecutado y ahora buscan un culpable externo\u201d.<\/p>\n<p>El Grupo Socialista \u201cno va a avalar este enga\u00f1o. No vamos a convalidar una ficci\u00f3n jur\u00eddica que debilita al autogobierno y que ha sido dise\u00f1ada para ocultar la falta de proyecto, de gesti\u00f3n y de liderazgo del Gobierno de Canarias\u201d.<\/p>\n<p><strong>Propuestas socialistas: Transformaci\u00f3n del modelo socioecon\u00f3mico de las islas<\/strong><\/p>\n<p>El portavoz explica que las propuestas socialistas presentadas para la elaboraci\u00f3n del nuevo Decreto Clavijo pasaban por medidas para redefinir y transformar el modelo socioecon\u00f3mico de las islas, centradas en mejoras para vivienda, dependencia, pobreza y una reforma fiscal para reducir la desigualdad.<\/p>\n<p>En materia de vivienda, el Grupo Socialista incluy\u00f3 el incremento del parque p\u00fablico de viviendas, el aumento de las ayudas al alquiler y los derechos de adquisici\u00f3n preferente para el Gobierno canario en el mercado privado.<\/p>\n<p>Para dependencia, apostaba por generar m\u00e1s plazas con los cabildos insulares, y medidas para evitar la expulsi\u00f3n del sistema a 17.000 personas dependientes que est\u00e1n esperando su prestaci\u00f3n.<\/p>\n<p>En materia de educaci\u00f3n, la apuesta socialista pasa por garantizar la Educaci\u00f3n Infantil de 0 a 3 a\u00f1os, aprobar el III Plan de Infraestructuras educativas y un plan de atenci\u00f3n a la diversidad, as\u00ed como luchar contra los niveles de pobreza con el aumento de recursos con fondos propios.<\/p>\n<p>En sanidad, las medidas socialistas incluyen un plan de choque contra las listas de espera y la mejora de las infraestructuras sanitarias; la firma del contrato programa en universidades, y planes de formaci\u00f3n y empleo para mayores de 45 a\u00f1os.<\/p>\n<p>Desde el PSOE se presentan tambi\u00e9n distintas medidas para una \u201cfiscalidad justa\u201d, a trav\u00e9s de la introducci\u00f3n de nuevas pol\u00edticas y reformas estructurales, entre ellas la revisi\u00f3n del gasto p\u00fablico y reducci\u00f3n de la estructura del Gobierno auton\u00f3mico; propuestas fiscales nuevas (impuesto de estancias tur\u00edsticas, revisi\u00f3n de deducciones en IRPF, supresi\u00f3n de beneficios en herencias elevadas), y el refuerzo de derechos sociales mediante incrementos presupuestarios auton\u00f3micos detallados.<\/p>\n","protected":false},"excerpt":{"rendered":"<p>Los socialistas se desmarcan de la propuesta del presidente del Gobierno de Canarias, tras imponerla \u201ccomo un aut\u00e9ntico rodillo\u201d y rechazar sin di\u00e1logo todas las propuestas planteadas <\/p>\n","protected":false},"author":1,"featured_media":63316,"comment_status":"open","ping_status":"open","sticky":false,"template":"","format":"standard","meta":{"footnotes":""},"categories":[1185,1184],"tags":[299],"class_list":["post-63315","post","type-post","status-publish","format-standard","has-post-thumbnail","hentry","category-grupo-parlamentario","category-noticias","tag-sebastian-franquis"],"featured_image_src":"https:\/\/psoecanarias.com\/web\/wp-content\/uploads\/2026\/01\/foto-chano.jpeg","author_info":{"display_name":"PSOE Canarias","author_link":"https:\/\/psoecanarias.com\/web\/author\/admin\/"},"yoast_head":"<!-- This site is optimized with the Yoast SEO plugin v27.2 - https:\/\/yoast.com\/product\/yoast-seo-wordpress\/ -->\n<title>El PSOE rechaza sumarse al \u201cparip\u00e9\u201d del &#039;decreto Clavijo&#039; y lo tacha de \u201cteatro pol\u00edtico\u201d | PSOE Canarias<\/title>\n<meta name=\"robots\" content=\"index, follow, max-snippet:-1, max-image-preview:large, max-video-preview:-1\" \/>\n<link rel=\"canonical\" href=\"https:\/\/psoecanarias.com\/web\/el-psoe-se-niega-a-sumarse-al-paripe-del-decreto-clavijo-y-rechaza-participar-en-su-teatro-politico\/\" \/>\n<meta property=\"og:locale\" content=\"es_ES\" \/>\n<meta property=\"og:type\" content=\"article\" \/>\n<meta property=\"og:title\" content=\"El PSOE rechaza sumarse al \u201cparip\u00e9\u201d del &#039;decreto Clavijo&#039; y lo tacha de \u201cteatro pol\u00edtico\u201d | PSOE Canarias\" \/>\n<meta property=\"og:description\" content=\"Los socialistas se desmarcan de la propuesta del presidente del Gobierno de Canarias, tras imponerla \u201ccomo un aut\u00e9ntico rodillo\u201d y rechazar sin di\u00e1logo todas las propuestas planteadas\" \/>\n<meta property=\"og:url\" content=\"https:\/\/psoecanarias.com\/web\/el-psoe-se-niega-a-sumarse-al-paripe-del-decreto-clavijo-y-rechaza-participar-en-su-teatro-politico\/\" \/>\n<meta property=\"og:site_name\" content=\"PSOE Canarias\" \/>\n<meta property=\"article:published_time\" content=\"2026-01-28T15:55:01+00:00\" \/>\n<meta property=\"article:modified_time\" content=\"2026-02-07T22:38:11+00:00\" \/>\n<meta property=\"og:image\" content=\"https:\/\/psoecanarias.com\/web\/wp-content\/uploads\/2026\/01\/foto-chano.jpeg\" \/>\n\t<meta property=\"og:image:width\" content=\"1600\" \/>\n\t<meta property=\"og:image:height\" content=\"1066\" \/>\n\t<meta property=\"og:image:type\" content=\"image\/jpeg\" \/>\n<meta name=\"author\" content=\"PSOE Canarias\" \/>\n<meta name=\"twitter:card\" content=\"summary_large_image\" \/>\n<script type=\"application\/ld+json\" class=\"yoast-schema-graph\">{\"@context\":\"https:\/\/schema.org\",\"@graph\":[{\"@type\":\"Article\",\"@id\":\"https:\/\/psoecanarias.com\/web\/el-psoe-se-niega-a-sumarse-al-paripe-del-decreto-clavijo-y-rechaza-participar-en-su-teatro-politico\/#article\",\"isPartOf\":{\"@id\":\"https:\/\/psoecanarias.com\/web\/el-psoe-se-niega-a-sumarse-al-paripe-del-decreto-clavijo-y-rechaza-participar-en-su-teatro-politico\/\"},\"author\":{\"name\":\"PSOE Canarias\",\"@id\":\"https:\/\/psoecanarias.com\/web\/#\/schema\/person\/1ae43f9659d2fc599ca69c11e1dbf26f\"},\"headline\":\"El PSOE rechaza sumarse al \u201cparip\u00e9\u201d del &#8216;decreto Clavijo&#8217; y lo tacha de \u201cteatro pol\u00edtico\u201d\",\"datePublished\":\"2026-01-28T15:55:01+00:00\",\"dateModified\":\"2026-02-07T22:38:11+00:00\",\"mainEntityOfPage\":{\"@id\":\"https:\/\/psoecanarias.com\/web\/el-psoe-se-niega-a-sumarse-al-paripe-del-decreto-clavijo-y-rechaza-participar-en-su-teatro-politico\/\"},\"wordCount\":848,\"commentCount\":0,\"image\":{\"@id\":\"https:\/\/psoecanarias.com\/web\/el-psoe-se-niega-a-sumarse-al-paripe-del-decreto-clavijo-y-rechaza-participar-en-su-teatro-politico\/#primaryimage\"},\"thumbnailUrl\":\"https:\/\/psoecanarias.com\/web\/wp-content\/uploads\/2026\/01\/foto-chano.jpeg\",\"keywords\":[\"Sebasti\u00e1n Franquis\"],\"articleSection\":[\"Grupo Parlamentario\",\"Noticias\"],\"inLanguage\":\"es\",\"potentialAction\":[{\"@type\":\"CommentAction\",\"name\":\"Comment\",\"target\":[\"https:\/\/psoecanarias.com\/web\/el-psoe-se-niega-a-sumarse-al-paripe-del-decreto-clavijo-y-rechaza-participar-en-su-teatro-politico\/#respond\"]}]},{\"@type\":\"WebPage\",\"@id\":\"https:\/\/psoecanarias.com\/web\/el-psoe-se-niega-a-sumarse-al-paripe-del-decreto-clavijo-y-rechaza-participar-en-su-teatro-politico\/\",\"url\":\"https:\/\/psoecanarias.com\/web\/el-psoe-se-niega-a-sumarse-al-paripe-del-decreto-clavijo-y-rechaza-participar-en-su-teatro-politico\/\",\"name\":\"El PSOE rechaza sumarse al \u201cparip\u00e9\u201d del 'decreto Clavijo' y lo tacha de \u201cteatro pol\u00edtico\u201d | PSOE Canarias\",\"isPartOf\":{\"@id\":\"https:\/\/psoecanarias.com\/web\/#website\"},\"primaryImageOfPage\":{\"@id\":\"https:\/\/psoecanarias.com\/web\/el-psoe-se-niega-a-sumarse-al-paripe-del-decreto-clavijo-y-rechaza-participar-en-su-teatro-politico\/#primaryimage\"},\"image\":{\"@id\":\"https:\/\/psoecanarias.com\/web\/el-psoe-se-niega-a-sumarse-al-paripe-del-decreto-clavijo-y-rechaza-participar-en-su-teatro-politico\/#primaryimage\"},\"thumbnailUrl\":\"https:\/\/psoecanarias.com\/web\/wp-content\/uploads\/2026\/01\/foto-chano.jpeg\",\"datePublished\":\"2026-01-28T15:55:01+00:00\",\"dateModified\":\"2026-02-07T22:38:11+00:00\",\"author\":{\"@id\":\"https:\/\/psoecanarias.com\/web\/#\/schema\/person\/1ae43f9659d2fc599ca69c11e1dbf26f\"},\"breadcrumb\":{\"@id\":\"https:\/\/psoecanarias.com\/web\/el-psoe-se-niega-a-sumarse-al-paripe-del-decreto-clavijo-y-rechaza-participar-en-su-teatro-politico\/#breadcrumb\"},\"inLanguage\":\"es\",\"potentialAction\":[{\"@type\":\"ReadAction\",\"target\":[\"https:\/\/psoecanarias.com\/web\/el-psoe-se-niega-a-sumarse-al-paripe-del-decreto-clavijo-y-rechaza-participar-en-su-teatro-politico\/\"]}]},{\"@type\":\"ImageObject\",\"inLanguage\":\"es\",\"@id\":\"https:\/\/psoecanarias.com\/web\/el-psoe-se-niega-a-sumarse-al-paripe-del-decreto-clavijo-y-rechaza-participar-en-su-teatro-politico\/#primaryimage\",\"url\":\"https:\/\/psoecanarias.com\/web\/wp-content\/uploads\/2026\/01\/foto-chano.jpeg\",\"contentUrl\":\"https:\/\/psoecanarias.com\/web\/wp-content\/uploads\/2026\/01\/foto-chano.jpeg\",\"width\":1600,\"height\":1066,\"caption\":\"Sebasti\u00e1n Franquis, portavoz del Grupo Parlamentario Socialista\"},{\"@type\":\"BreadcrumbList\",\"@id\":\"https:\/\/psoecanarias.com\/web\/el-psoe-se-niega-a-sumarse-al-paripe-del-decreto-clavijo-y-rechaza-participar-en-su-teatro-politico\/#breadcrumb\",\"itemListElement\":[{\"@type\":\"ListItem\",\"position\":1,\"name\":\"Portada\",\"item\":\"https:\/\/psoecanarias.com\/web\/\"},{\"@type\":\"ListItem\",\"position\":2,\"name\":\"El PSOE rechaza sumarse al \u201cparip\u00e9\u201d del &#8216;decreto Clavijo&#8217; y lo tacha de \u201cteatro pol\u00edtico\u201d\"}]},{\"@type\":\"WebSite\",\"@id\":\"https:\/\/psoecanarias.com\/web\/#website\",\"url\":\"https:\/\/psoecanarias.com\/web\/\",\"name\":\"PSOE Canarias\",\"description\":\"Partido Socialista Obrero Espa\u00f1ol Canarias\",\"potentialAction\":[{\"@type\":\"SearchAction\",\"target\":{\"@type\":\"EntryPoint\",\"urlTemplate\":\"https:\/\/psoecanarias.com\/web\/?s={search_term_string}\"},\"query-input\":{\"@type\":\"PropertyValueSpecification\",\"valueRequired\":true,\"valueName\":\"search_term_string\"}}],\"inLanguage\":\"es\"},{\"@type\":\"Person\",\"@id\":\"https:\/\/psoecanarias.com\/web\/#\/schema\/person\/1ae43f9659d2fc599ca69c11e1dbf26f\",\"name\":\"PSOE Canarias\",\"image\":{\"@type\":\"ImageObject\",\"inLanguage\":\"es\",\"@id\":\"https:\/\/secure.gravatar.com\/avatar\/4364d37f6f6f9cdb7af199b46151565f37d8a8c3c0e04c1d78c04e857a15e3a8?s=96&d=mm&r=g\",\"url\":\"https:\/\/secure.gravatar.com\/avatar\/4364d37f6f6f9cdb7af199b46151565f37d8a8c3c0e04c1d78c04e857a15e3a8?s=96&d=mm&r=g\",\"contentUrl\":\"https:\/\/secure.gravatar.com\/avatar\/4364d37f6f6f9cdb7af199b46151565f37d8a8c3c0e04c1d78c04e857a15e3a8?s=96&d=mm&r=g\",\"caption\":\"PSOE Canarias\"},\"url\":\"https:\/\/psoecanarias.com\/web\/author\/admin\/\"}]}<\/script>\n<!-- \/ Yoast SEO plugin. -->","yoast_head_json":{"title":"El PSOE rechaza sumarse al \u201cparip\u00e9\u201d del 'decreto Clavijo' y lo tacha de \u201cteatro pol\u00edtico\u201d | PSOE Canarias","robots":{"index":"index","follow":"follow","max-snippet":"max-snippet:-1","max-image-preview":"max-image-preview:large","max-video-preview":"max-video-preview:-1"},"canonical":"https:\/\/psoecanarias.com\/web\/el-psoe-se-niega-a-sumarse-al-paripe-del-decreto-clavijo-y-rechaza-participar-en-su-teatro-politico\/","og_locale":"es_ES","og_type":"article","og_title":"El PSOE rechaza sumarse al \u201cparip\u00e9\u201d del 'decreto Clavijo' y lo tacha de \u201cteatro pol\u00edtico\u201d | PSOE Canarias","og_description":"Los socialistas se desmarcan de la propuesta del presidente del Gobierno de Canarias, tras imponerla \u201ccomo un aut\u00e9ntico rodillo\u201d y rechazar sin di\u00e1logo todas las propuestas planteadas","og_url":"https:\/\/psoecanarias.com\/web\/el-psoe-se-niega-a-sumarse-al-paripe-del-decreto-clavijo-y-rechaza-participar-en-su-teatro-politico\/","og_site_name":"PSOE Canarias","article_published_time":"2026-01-28T15:55:01+00:00","article_modified_time":"2026-02-07T22:38:11+00:00","og_image":[{"width":1600,"height":1066,"url":"https:\/\/psoecanarias.com\/web\/wp-content\/uploads\/2026\/01\/foto-chano.jpeg","type":"image\/jpeg"}],"author":"PSOE Canarias","twitter_card":"summary_large_image","schema":{"@context":"https:\/\/schema.org","@graph":[{"@type":"Article","@id":"https:\/\/psoecanarias.com\/web\/el-psoe-se-niega-a-sumarse-al-paripe-del-decreto-clavijo-y-rechaza-participar-en-su-teatro-politico\/#article","isPartOf":{"@id":"https:\/\/psoecanarias.com\/web\/el-psoe-se-niega-a-sumarse-al-paripe-del-decreto-clavijo-y-rechaza-participar-en-su-teatro-politico\/"},"author":{"name":"PSOE Canarias","@id":"https:\/\/psoecanarias.com\/web\/#\/schema\/person\/1ae43f9659d2fc599ca69c11e1dbf26f"},"headline":"El PSOE rechaza sumarse al \u201cparip\u00e9\u201d del &#8216;decreto Clavijo&#8217; y lo tacha de \u201cteatro pol\u00edtico\u201d","datePublished":"2026-01-28T15:55:01+00:00","dateModified":"2026-02-07T22:38:11+00:00","mainEntityOfPage":{"@id":"https:\/\/psoecanarias.com\/web\/el-psoe-se-niega-a-sumarse-al-paripe-del-decreto-clavijo-y-rechaza-participar-en-su-teatro-politico\/"},"wordCount":848,"commentCount":0,"image":{"@id":"https:\/\/psoecanarias.com\/web\/el-psoe-se-niega-a-sumarse-al-paripe-del-decreto-clavijo-y-rechaza-participar-en-su-teatro-politico\/#primaryimage"},"thumbnailUrl":"https:\/\/psoecanarias.com\/web\/wp-content\/uploads\/2026\/01\/foto-chano.jpeg","keywords":["Sebasti\u00e1n Franquis"],"articleSection":["Grupo Parlamentario","Noticias"],"inLanguage":"es","potentialAction":[{"@type":"CommentAction","name":"Comment","target":["https:\/\/psoecanarias.com\/web\/el-psoe-se-niega-a-sumarse-al-paripe-del-decreto-clavijo-y-rechaza-participar-en-su-teatro-politico\/#respond"]}]},{"@type":"WebPage","@id":"https:\/\/psoecanarias.com\/web\/el-psoe-se-niega-a-sumarse-al-paripe-del-decreto-clavijo-y-rechaza-participar-en-su-teatro-politico\/","url":"https:\/\/psoecanarias.com\/web\/el-psoe-se-niega-a-sumarse-al-paripe-del-decreto-clavijo-y-rechaza-participar-en-su-teatro-politico\/","name":"El PSOE rechaza sumarse al \u201cparip\u00e9\u201d del 'decreto Clavijo' y lo tacha de \u201cteatro pol\u00edtico\u201d | PSOE Canarias","isPartOf":{"@id":"https:\/\/psoecanarias.com\/web\/#website"},"primaryImageOfPage":{"@id":"https:\/\/psoecanarias.com\/web\/el-psoe-se-niega-a-sumarse-al-paripe-del-decreto-clavijo-y-rechaza-participar-en-su-teatro-politico\/#primaryimage"},"image":{"@id":"https:\/\/psoecanarias.com\/web\/el-psoe-se-niega-a-sumarse-al-paripe-del-decreto-clavijo-y-rechaza-participar-en-su-teatro-politico\/#primaryimage"},"thumbnailUrl":"https:\/\/psoecanarias.com\/web\/wp-content\/uploads\/2026\/01\/foto-chano.jpeg","datePublished":"2026-01-28T15:55:01+00:00","dateModified":"2026-02-07T22:38:11+00:00","author":{"@id":"https:\/\/psoecanarias.com\/web\/#\/schema\/person\/1ae43f9659d2fc599ca69c11e1dbf26f"},"breadcrumb":{"@id":"https:\/\/psoecanarias.com\/web\/el-psoe-se-niega-a-sumarse-al-paripe-del-decreto-clavijo-y-rechaza-participar-en-su-teatro-politico\/#breadcrumb"},"inLanguage":"es","potentialAction":[{"@type":"ReadAction","target":["https:\/\/psoecanarias.com\/web\/el-psoe-se-niega-a-sumarse-al-paripe-del-decreto-clavijo-y-rechaza-participar-en-su-teatro-politico\/"]}]},{"@type":"ImageObject","inLanguage":"es","@id":"https:\/\/psoecanarias.com\/web\/el-psoe-se-niega-a-sumarse-al-paripe-del-decreto-clavijo-y-rechaza-participar-en-su-teatro-politico\/#primaryimage","url":"https:\/\/psoecanarias.com\/web\/wp-content\/uploads\/2026\/01\/foto-chano.jpeg","contentUrl":"https:\/\/psoecanarias.com\/web\/wp-content\/uploads\/2026\/01\/foto-chano.jpeg","width":1600,"height":1066,"caption":"Sebasti\u00e1n Franquis, portavoz del Grupo Parlamentario Socialista"},{"@type":"BreadcrumbList","@id":"https:\/\/psoecanarias.com\/web\/el-psoe-se-niega-a-sumarse-al-paripe-del-decreto-clavijo-y-rechaza-participar-en-su-teatro-politico\/#breadcrumb","itemListElement":[{"@type":"ListItem","position":1,"name":"Portada","item":"https:\/\/psoecanarias.com\/web\/"},{"@type":"ListItem","position":2,"name":"El PSOE rechaza sumarse al \u201cparip\u00e9\u201d del &#8216;decreto Clavijo&#8217; y lo tacha de \u201cteatro pol\u00edtico\u201d"}]},{"@type":"WebSite","@id":"https:\/\/psoecanarias.com\/web\/#website","url":"https:\/\/psoecanarias.com\/web\/","name":"PSOE Canarias","description":"Partido Socialista Obrero Espa\u00f1ol Canarias","potentialAction":[{"@type":"SearchAction","target":{"@type":"EntryPoint","urlTemplate":"https:\/\/psoecanarias.com\/web\/?s={search_term_string}"},"query-input":{"@type":"PropertyValueSpecification","valueRequired":true,"valueName":"search_term_string"}}],"inLanguage":"es"},{"@type":"Person","@id":"https:\/\/psoecanarias.com\/web\/#\/schema\/person\/1ae43f9659d2fc599ca69c11e1dbf26f","name":"PSOE Canarias","image":{"@type":"ImageObject","inLanguage":"es","@id":"https:\/\/secure.gravatar.com\/avatar\/4364d37f6f6f9cdb7af199b46151565f37d8a8c3c0e04c1d78c04e857a15e3a8?s=96&d=mm&r=g","url":"https:\/\/secure.gravatar.com\/avatar\/4364d37f6f6f9cdb7af199b46151565f37d8a8c3c0e04c1d78c04e857a15e3a8?s=96&d=mm&r=g","contentUrl":"https:\/\/secure.gravatar.com\/avatar\/4364d37f6f6f9cdb7af199b46151565f37d8a8c3c0e04c1d78c04e857a15e3a8?s=96&d=mm&r=g","caption":"PSOE Canarias"},"url":"https:\/\/psoecanarias.com\/web\/author\/admin\/"}]}},"_links":{"self":[{"href":"https:\/\/psoecanarias.com\/web\/wp-json\/wp\/v2\/posts\/63315","targetHints":{"allow":["GET"]}}],"collection":[{"href":"https:\/\/psoecanarias.com\/web\/wp-json\/wp\/v2\/posts"}],"about":[{"href":"https:\/\/psoecanarias.com\/web\/wp-json\/wp\/v2\/types\/post"}],"author":[{"embeddable":true,"href":"https:\/\/psoecanarias.com\/web\/wp-json\/wp\/v2\/users\/1"}],"replies":[{"embeddable":true,"href":"https:\/\/psoecanarias.com\/web\/wp-json\/wp\/v2\/comments?post=63315"}],"version-history":[{"count":2,"href":"https:\/\/psoecanarias.com\/web\/wp-json\/wp\/v2\/posts\/63315\/revisions"}],"predecessor-version":[{"id":63526,"href":"https:\/\/psoecanarias.com\/web\/wp-json\/wp\/v2\/posts\/63315\/revisions\/63526"}],"wp:featuredmedia":[{"embeddable":true,"href":"https:\/\/psoecanarias.com\/web\/wp-json\/wp\/v2\/media\/63316"}],"wp:attachment":[{"href":"https:\/\/psoecanarias.com\/web\/wp-json\/wp\/v2\/media?parent=63315"}],"wp:term":[{"taxonomy":"category","embeddable":true,"href":"https:\/\/psoecanarias.com\/web\/wp-json\/wp\/v2\/categories?post=63315"},{"taxonomy":"post_tag","embeddable":true,"href":"https:\/\/psoecanarias.com\/web\/wp-json\/wp\/v2\/tags?post=63315"}],"curies":[{"name":"wp","href":"https:\/\/api.w.org\/{rel}","templated":true}]}}