{"id":63329,"date":"2026-01-29T09:35:47","date_gmt":"2026-01-29T09:35:47","guid":{"rendered":"https:\/\/psoecanarias.com\/web\/?p=63329"},"modified":"2026-02-07T22:36:03","modified_gmt":"2026-02-07T22:36:03","slug":"nira-fierro-el-aumento-del-abandono-escolar-en-canarias-retrata-la-gestion-del-gobierno-cc-pp","status":"publish","type":"post","link":"https:\/\/psoecanarias.com\/web\/nira-fierro-el-aumento-del-abandono-escolar-en-canarias-retrata-la-gestion-del-gobierno-cc-pp\/","title":{"rendered":"Fierro: &#8220;El aumento del abandono escolar en Canarias retrata la gesti\u00f3n de CC-PP&#8221;"},"content":{"rendered":"<p><strong>Canarias, 29 de enero de 2026.&#8211;<\/strong> El PSOE Canarias ha expresado su profunda preocupaci\u00f3n por el repunte de la tasa de abandono escolar temprano en el Archipi\u00e9lago, un indicador que vuelve a situar a Canarias entre las comunidades con peores resultados al mismo tiempo que el conjunto del pa\u00eds presenta el nivel m\u00e1s bajo de la serie hist\u00f3rica.<\/p>\n<p>Para la secretaria de Organizaci\u00f3n del PSOE Canarias, Nira Fierro, esta realidad evidencia el deterioro de la educaci\u00f3n p\u00fablica bajo la gesti\u00f3n del actual Gobierno de Coalici\u00f3n Canaria y Partido Popular, como demuestra tambi\u00e9n la falta de implantaci\u00f3n de la educaci\u00f3n de 0 a 3 a\u00f1os, los desprecio a la estrategia canaria de FP2, la asfixia a las universidades p\u00fablicas o el incumplimiento presupuestario del 5%.<\/p>\n<p>Nada que ver, ha a\u00f1adido, con el balance obtenido durante la anterior etapa con \u00c1ngel V\u00edctor Torres de presidente, un periodo de apuesta decidida por la inversi\u00f3n y la voluntad pol\u00edtica en materia educativa. \u201cEste Gobierno de Canarias, que hace frentes contra todo, contra el Gobierno de Espa\u00f1a y contra cualquier cogesti\u00f3n que se pone encima de la mesa, deber\u00eda ser igual de beligerante con los datos que estamos conociendo de los servicios p\u00fablicos esenciales\u201d, afirm\u00f3 Fierro.<\/p>\n<p>En este sentido, subray\u00f3 que la evoluci\u00f3n del abandono escolar refleja \u201cel maltrato y el abandono del Gobierno de Canarias a la educaci\u00f3n p\u00fablica\u201d, y contrasta de forma clara con la tendencia estatal y con los a\u00f1os del Pacto de las Flores. En 2022 el abandono educativo temprano se situ\u00f3 en Canarias el 11,7%, el nivel m\u00e1s bajo de la historia.<\/p>\n<p>\u201cLos datos demuestran que cuando hay inversi\u00f3n y voluntad pol\u00edtica, los resultados llegan. Canarias logr\u00f3 situar el abandono educativo en m\u00ednimos hist\u00f3ricos, por debajo de la media estatal, porque se apost\u00f3 de forma decidida por la educaci\u00f3n p\u00fablica. Hoy, el retroceso evidencia que el actual Gobierno ha abandonado esa prioridad y est\u00e1 dando la espalda al futuro de nuestros j\u00f3venes\u201d.<\/p>\n<p>Frente a esta realidad, los datos del Pacto de la Flores, con \u00c1ngel V\u00edctor Torres al frente. \u00a0\u201cEn 2019 la tasa rondaba el 20% y luego se situ\u00f3 en torno a los 10 puntos. Esa reducci\u00f3n no fue casualidad: se logr\u00f3 con recursos, planificaci\u00f3n y compromiso con la educaci\u00f3n p\u00fablica\u201d, se\u00f1al\u00f3 Fierro, quien recalc\u00f3 que el actual Ejecutivo de Coalici\u00f3n Canaria y Partido Popular \u201cha demostrado que ni tiene voluntad pol\u00edtica ni prioriza la inversi\u00f3n educativa\u201d.<\/p>\n<p>Los datos conocidos confirman, adem\u00e1s, que Canarias fue en 2025 la segunda comunidad aut\u00f3noma con mayor abandono escolar temprano, solo por detr\u00e1s de Murcia, y muy alejada de la senda descendente que sigue el conjunto del pa\u00eds, donde la tasa no solo ha bajado respecto a 2024, sino que se sit\u00faa en m\u00ednimos hist\u00f3ricos<\/p>\n<p>Para Fierro, este retroceso tiene consecuencias directas sobre la igualdad de oportunidades y el futuro de la juventud canaria. \u201cNo les interesa una comunidad aut\u00f3noma que avance, que garantice igualdad y que ofrezca a nuestros j\u00f3venes las mismas oportunidades de formaci\u00f3n. Solo buscan el ruido y la confrontaci\u00f3n, mientras descuidan lo esencial: la educaci\u00f3n p\u00fablica\u201d, concluy\u00f3.<\/p>\n","protected":false},"excerpt":{"rendered":"<p>Subraya la responsabilidad del actual Gobierno regional en los malos datos de fracaso en las aulas, rompiendo con la tendencia estatal y con los avances logrados con el Pacto de las Flores<\/p>\n","protected":false},"author":1,"featured_media":63330,"comment_status":"open","ping_status":"open","sticky":false,"template":"","format":"standard","meta":{"footnotes":""},"categories":[1184,7],"tags":[1200],"class_list":["post-63329","post","type-post","status-publish","format-standard","has-post-thumbnail","hentry","category-noticias","category-politica","tag-nira-fierro"],"featured_image_src":"https:\/\/psoecanarias.com\/web\/wp-content\/uploads\/2026\/01\/PSOE-UN-PLAN-P5.jpg","author_info":{"display_name":"PSOE Canarias","author_link":"https:\/\/psoecanarias.com\/web\/author\/admin\/"},"yoast_head":"<!-- This site is optimized with the Yoast SEO plugin v27.2 - https:\/\/yoast.com\/product\/yoast-seo-wordpress\/ -->\n<title>Fierro: &quot;El aumento del abandono escolar en Canarias retrata la gesti\u00f3n de CC-PP&quot; | PSOE Canarias<\/title>\n<meta name=\"robots\" content=\"index, follow, max-snippet:-1, max-image-preview:large, max-video-preview:-1\" \/>\n<link rel=\"canonical\" href=\"https:\/\/psoecanarias.com\/web\/nira-fierro-el-aumento-del-abandono-escolar-en-canarias-retrata-la-gestion-del-gobierno-cc-pp\/\" \/>\n<meta property=\"og:locale\" content=\"es_ES\" \/>\n<meta property=\"og:type\" content=\"article\" \/>\n<meta property=\"og:title\" content=\"Fierro: &quot;El aumento del abandono escolar en Canarias retrata la gesti\u00f3n de CC-PP&quot; | PSOE Canarias\" \/>\n<meta property=\"og:description\" content=\"Subraya la responsabilidad del actual Gobierno regional en los malos datos de fracaso en las aulas, rompiendo con la tendencia estatal y con los avances logrados con el Pacto de las Flores\" \/>\n<meta property=\"og:url\" content=\"https:\/\/psoecanarias.com\/web\/nira-fierro-el-aumento-del-abandono-escolar-en-canarias-retrata-la-gestion-del-gobierno-cc-pp\/\" \/>\n<meta property=\"og:site_name\" content=\"PSOE Canarias\" \/>\n<meta property=\"article:published_time\" content=\"2026-01-29T09:35:47+00:00\" \/>\n<meta property=\"article:modified_time\" content=\"2026-02-07T22:36:03+00:00\" \/>\n<meta property=\"og:image\" content=\"https:\/\/psoecanarias.com\/web\/wp-content\/uploads\/2026\/01\/PSOE-UN-PLAN-P5.jpg\" \/>\n\t<meta property=\"og:image:width\" content=\"1800\" \/>\n\t<meta property=\"og:image:height\" content=\"1200\" \/>\n\t<meta property=\"og:image:type\" content=\"image\/jpeg\" \/>\n<meta name=\"author\" content=\"PSOE Canarias\" \/>\n<meta name=\"twitter:card\" content=\"summary_large_image\" \/>\n<script type=\"application\/ld+json\" class=\"yoast-schema-graph\">{\"@context\":\"https:\/\/schema.org\",\"@graph\":[{\"@type\":\"Article\",\"@id\":\"https:\/\/psoecanarias.com\/web\/nira-fierro-el-aumento-del-abandono-escolar-en-canarias-retrata-la-gestion-del-gobierno-cc-pp\/#article\",\"isPartOf\":{\"@id\":\"https:\/\/psoecanarias.com\/web\/nira-fierro-el-aumento-del-abandono-escolar-en-canarias-retrata-la-gestion-del-gobierno-cc-pp\/\"},\"author\":{\"name\":\"PSOE Canarias\",\"@id\":\"https:\/\/psoecanarias.com\/web\/#\/schema\/person\/1ae43f9659d2fc599ca69c11e1dbf26f\"},\"headline\":\"Fierro: &#8220;El aumento del abandono escolar en Canarias retrata la gesti\u00f3n de CC-PP&#8221;\",\"datePublished\":\"2026-01-29T09:35:47+00:00\",\"dateModified\":\"2026-02-07T22:36:03+00:00\",\"mainEntityOfPage\":{\"@id\":\"https:\/\/psoecanarias.com\/web\/nira-fierro-el-aumento-del-abandono-escolar-en-canarias-retrata-la-gestion-del-gobierno-cc-pp\/\"},\"wordCount\":568,\"commentCount\":0,\"image\":{\"@id\":\"https:\/\/psoecanarias.com\/web\/nira-fierro-el-aumento-del-abandono-escolar-en-canarias-retrata-la-gestion-del-gobierno-cc-pp\/#primaryimage\"},\"thumbnailUrl\":\"https:\/\/psoecanarias.com\/web\/wp-content\/uploads\/2026\/01\/PSOE-UN-PLAN-P5.jpg\",\"keywords\":[\"Nira Fierro\"],\"articleSection\":[\"Noticias\",\"Pol\u00edtica\"],\"inLanguage\":\"es\",\"potentialAction\":[{\"@type\":\"CommentAction\",\"name\":\"Comment\",\"target\":[\"https:\/\/psoecanarias.com\/web\/nira-fierro-el-aumento-del-abandono-escolar-en-canarias-retrata-la-gestion-del-gobierno-cc-pp\/#respond\"]}]},{\"@type\":\"WebPage\",\"@id\":\"https:\/\/psoecanarias.com\/web\/nira-fierro-el-aumento-del-abandono-escolar-en-canarias-retrata-la-gestion-del-gobierno-cc-pp\/\",\"url\":\"https:\/\/psoecanarias.com\/web\/nira-fierro-el-aumento-del-abandono-escolar-en-canarias-retrata-la-gestion-del-gobierno-cc-pp\/\",\"name\":\"Fierro: \\\"El aumento del abandono escolar en Canarias retrata la gesti\u00f3n de CC-PP\\\" | PSOE Canarias\",\"isPartOf\":{\"@id\":\"https:\/\/psoecanarias.com\/web\/#website\"},\"primaryImageOfPage\":{\"@id\":\"https:\/\/psoecanarias.com\/web\/nira-fierro-el-aumento-del-abandono-escolar-en-canarias-retrata-la-gestion-del-gobierno-cc-pp\/#primaryimage\"},\"image\":{\"@id\":\"https:\/\/psoecanarias.com\/web\/nira-fierro-el-aumento-del-abandono-escolar-en-canarias-retrata-la-gestion-del-gobierno-cc-pp\/#primaryimage\"},\"thumbnailUrl\":\"https:\/\/psoecanarias.com\/web\/wp-content\/uploads\/2026\/01\/PSOE-UN-PLAN-P5.jpg\",\"datePublished\":\"2026-01-29T09:35:47+00:00\",\"dateModified\":\"2026-02-07T22:36:03+00:00\",\"author\":{\"@id\":\"https:\/\/psoecanarias.com\/web\/#\/schema\/person\/1ae43f9659d2fc599ca69c11e1dbf26f\"},\"breadcrumb\":{\"@id\":\"https:\/\/psoecanarias.com\/web\/nira-fierro-el-aumento-del-abandono-escolar-en-canarias-retrata-la-gestion-del-gobierno-cc-pp\/#breadcrumb\"},\"inLanguage\":\"es\",\"potentialAction\":[{\"@type\":\"ReadAction\",\"target\":[\"https:\/\/psoecanarias.com\/web\/nira-fierro-el-aumento-del-abandono-escolar-en-canarias-retrata-la-gestion-del-gobierno-cc-pp\/\"]}]},{\"@type\":\"ImageObject\",\"inLanguage\":\"es\",\"@id\":\"https:\/\/psoecanarias.com\/web\/nira-fierro-el-aumento-del-abandono-escolar-en-canarias-retrata-la-gestion-del-gobierno-cc-pp\/#primaryimage\",\"url\":\"https:\/\/psoecanarias.com\/web\/wp-content\/uploads\/2026\/01\/PSOE-UN-PLAN-P5.jpg\",\"contentUrl\":\"https:\/\/psoecanarias.com\/web\/wp-content\/uploads\/2026\/01\/PSOE-UN-PLAN-P5.jpg\",\"width\":1800,\"height\":1200,\"caption\":\"Nira Fierro, secretaria de Organizaci\u00f3n del PSOE Canarias\"},{\"@type\":\"BreadcrumbList\",\"@id\":\"https:\/\/psoecanarias.com\/web\/nira-fierro-el-aumento-del-abandono-escolar-en-canarias-retrata-la-gestion-del-gobierno-cc-pp\/#breadcrumb\",\"itemListElement\":[{\"@type\":\"ListItem\",\"position\":1,\"name\":\"Portada\",\"item\":\"https:\/\/psoecanarias.com\/web\/\"},{\"@type\":\"ListItem\",\"position\":2,\"name\":\"Fierro: &#8220;El aumento del abandono escolar en Canarias retrata la gesti\u00f3n de CC-PP&#8221;\"}]},{\"@type\":\"WebSite\",\"@id\":\"https:\/\/psoecanarias.com\/web\/#website\",\"url\":\"https:\/\/psoecanarias.com\/web\/\",\"name\":\"PSOE Canarias\",\"description\":\"Partido Socialista Obrero Espa\u00f1ol Canarias\",\"potentialAction\":[{\"@type\":\"SearchAction\",\"target\":{\"@type\":\"EntryPoint\",\"urlTemplate\":\"https:\/\/psoecanarias.com\/web\/?s={search_term_string}\"},\"query-input\":{\"@type\":\"PropertyValueSpecification\",\"valueRequired\":true,\"valueName\":\"search_term_string\"}}],\"inLanguage\":\"es\"},{\"@type\":\"Person\",\"@id\":\"https:\/\/psoecanarias.com\/web\/#\/schema\/person\/1ae43f9659d2fc599ca69c11e1dbf26f\",\"name\":\"PSOE Canarias\",\"image\":{\"@type\":\"ImageObject\",\"inLanguage\":\"es\",\"@id\":\"https:\/\/secure.gravatar.com\/avatar\/4364d37f6f6f9cdb7af199b46151565f37d8a8c3c0e04c1d78c04e857a15e3a8?s=96&d=mm&r=g\",\"url\":\"https:\/\/secure.gravatar.com\/avatar\/4364d37f6f6f9cdb7af199b46151565f37d8a8c3c0e04c1d78c04e857a15e3a8?s=96&d=mm&r=g\",\"contentUrl\":\"https:\/\/secure.gravatar.com\/avatar\/4364d37f6f6f9cdb7af199b46151565f37d8a8c3c0e04c1d78c04e857a15e3a8?s=96&d=mm&r=g\",\"caption\":\"PSOE Canarias\"},\"url\":\"https:\/\/psoecanarias.com\/web\/author\/admin\/\"}]}<\/script>\n<!-- \/ Yoast SEO plugin. -->","yoast_head_json":{"title":"Fierro: \"El aumento del abandono escolar en Canarias retrata la gesti\u00f3n de CC-PP\" | PSOE Canarias","robots":{"index":"index","follow":"follow","max-snippet":"max-snippet:-1","max-image-preview":"max-image-preview:large","max-video-preview":"max-video-preview:-1"},"canonical":"https:\/\/psoecanarias.com\/web\/nira-fierro-el-aumento-del-abandono-escolar-en-canarias-retrata-la-gestion-del-gobierno-cc-pp\/","og_locale":"es_ES","og_type":"article","og_title":"Fierro: \"El aumento del abandono escolar en Canarias retrata la gesti\u00f3n de CC-PP\" | PSOE Canarias","og_description":"Subraya la responsabilidad del actual Gobierno regional en los malos datos de fracaso en las aulas, rompiendo con la tendencia estatal y con los avances logrados con el Pacto de las Flores","og_url":"https:\/\/psoecanarias.com\/web\/nira-fierro-el-aumento-del-abandono-escolar-en-canarias-retrata-la-gestion-del-gobierno-cc-pp\/","og_site_name":"PSOE Canarias","article_published_time":"2026-01-29T09:35:47+00:00","article_modified_time":"2026-02-07T22:36:03+00:00","og_image":[{"width":1800,"height":1200,"url":"https:\/\/psoecanarias.com\/web\/wp-content\/uploads\/2026\/01\/PSOE-UN-PLAN-P5.jpg","type":"image\/jpeg"}],"author":"PSOE Canarias","twitter_card":"summary_large_image","schema":{"@context":"https:\/\/schema.org","@graph":[{"@type":"Article","@id":"https:\/\/psoecanarias.com\/web\/nira-fierro-el-aumento-del-abandono-escolar-en-canarias-retrata-la-gestion-del-gobierno-cc-pp\/#article","isPartOf":{"@id":"https:\/\/psoecanarias.com\/web\/nira-fierro-el-aumento-del-abandono-escolar-en-canarias-retrata-la-gestion-del-gobierno-cc-pp\/"},"author":{"name":"PSOE Canarias","@id":"https:\/\/psoecanarias.com\/web\/#\/schema\/person\/1ae43f9659d2fc599ca69c11e1dbf26f"},"headline":"Fierro: &#8220;El aumento del abandono escolar en Canarias retrata la gesti\u00f3n de CC-PP&#8221;","datePublished":"2026-01-29T09:35:47+00:00","dateModified":"2026-02-07T22:36:03+00:00","mainEntityOfPage":{"@id":"https:\/\/psoecanarias.com\/web\/nira-fierro-el-aumento-del-abandono-escolar-en-canarias-retrata-la-gestion-del-gobierno-cc-pp\/"},"wordCount":568,"commentCount":0,"image":{"@id":"https:\/\/psoecanarias.com\/web\/nira-fierro-el-aumento-del-abandono-escolar-en-canarias-retrata-la-gestion-del-gobierno-cc-pp\/#primaryimage"},"thumbnailUrl":"https:\/\/psoecanarias.com\/web\/wp-content\/uploads\/2026\/01\/PSOE-UN-PLAN-P5.jpg","keywords":["Nira Fierro"],"articleSection":["Noticias","Pol\u00edtica"],"inLanguage":"es","potentialAction":[{"@type":"CommentAction","name":"Comment","target":["https:\/\/psoecanarias.com\/web\/nira-fierro-el-aumento-del-abandono-escolar-en-canarias-retrata-la-gestion-del-gobierno-cc-pp\/#respond"]}]},{"@type":"WebPage","@id":"https:\/\/psoecanarias.com\/web\/nira-fierro-el-aumento-del-abandono-escolar-en-canarias-retrata-la-gestion-del-gobierno-cc-pp\/","url":"https:\/\/psoecanarias.com\/web\/nira-fierro-el-aumento-del-abandono-escolar-en-canarias-retrata-la-gestion-del-gobierno-cc-pp\/","name":"Fierro: \"El aumento del abandono escolar en Canarias retrata la gesti\u00f3n de CC-PP\" | PSOE Canarias","isPartOf":{"@id":"https:\/\/psoecanarias.com\/web\/#website"},"primaryImageOfPage":{"@id":"https:\/\/psoecanarias.com\/web\/nira-fierro-el-aumento-del-abandono-escolar-en-canarias-retrata-la-gestion-del-gobierno-cc-pp\/#primaryimage"},"image":{"@id":"https:\/\/psoecanarias.com\/web\/nira-fierro-el-aumento-del-abandono-escolar-en-canarias-retrata-la-gestion-del-gobierno-cc-pp\/#primaryimage"},"thumbnailUrl":"https:\/\/psoecanarias.com\/web\/wp-content\/uploads\/2026\/01\/PSOE-UN-PLAN-P5.jpg","datePublished":"2026-01-29T09:35:47+00:00","dateModified":"2026-02-07T22:36:03+00:00","author":{"@id":"https:\/\/psoecanarias.com\/web\/#\/schema\/person\/1ae43f9659d2fc599ca69c11e1dbf26f"},"breadcrumb":{"@id":"https:\/\/psoecanarias.com\/web\/nira-fierro-el-aumento-del-abandono-escolar-en-canarias-retrata-la-gestion-del-gobierno-cc-pp\/#breadcrumb"},"inLanguage":"es","potentialAction":[{"@type":"ReadAction","target":["https:\/\/psoecanarias.com\/web\/nira-fierro-el-aumento-del-abandono-escolar-en-canarias-retrata-la-gestion-del-gobierno-cc-pp\/"]}]},{"@type":"ImageObject","inLanguage":"es","@id":"https:\/\/psoecanarias.com\/web\/nira-fierro-el-aumento-del-abandono-escolar-en-canarias-retrata-la-gestion-del-gobierno-cc-pp\/#primaryimage","url":"https:\/\/psoecanarias.com\/web\/wp-content\/uploads\/2026\/01\/PSOE-UN-PLAN-P5.jpg","contentUrl":"https:\/\/psoecanarias.com\/web\/wp-content\/uploads\/2026\/01\/PSOE-UN-PLAN-P5.jpg","width":1800,"height":1200,"caption":"Nira Fierro, secretaria de Organizaci\u00f3n del PSOE Canarias"},{"@type":"BreadcrumbList","@id":"https:\/\/psoecanarias.com\/web\/nira-fierro-el-aumento-del-abandono-escolar-en-canarias-retrata-la-gestion-del-gobierno-cc-pp\/#breadcrumb","itemListElement":[{"@type":"ListItem","position":1,"name":"Portada","item":"https:\/\/psoecanarias.com\/web\/"},{"@type":"ListItem","position":2,"name":"Fierro: &#8220;El aumento del abandono escolar en Canarias retrata la gesti\u00f3n de CC-PP&#8221;"}]},{"@type":"WebSite","@id":"https:\/\/psoecanarias.com\/web\/#website","url":"https:\/\/psoecanarias.com\/web\/","name":"PSOE Canarias","description":"Partido Socialista Obrero Espa\u00f1ol Canarias","potentialAction":[{"@type":"SearchAction","target":{"@type":"EntryPoint","urlTemplate":"https:\/\/psoecanarias.com\/web\/?s={search_term_string}"},"query-input":{"@type":"PropertyValueSpecification","valueRequired":true,"valueName":"search_term_string"}}],"inLanguage":"es"},{"@type":"Person","@id":"https:\/\/psoecanarias.com\/web\/#\/schema\/person\/1ae43f9659d2fc599ca69c11e1dbf26f","name":"PSOE Canarias","image":{"@type":"ImageObject","inLanguage":"es","@id":"https:\/\/secure.gravatar.com\/avatar\/4364d37f6f6f9cdb7af199b46151565f37d8a8c3c0e04c1d78c04e857a15e3a8?s=96&d=mm&r=g","url":"https:\/\/secure.gravatar.com\/avatar\/4364d37f6f6f9cdb7af199b46151565f37d8a8c3c0e04c1d78c04e857a15e3a8?s=96&d=mm&r=g","contentUrl":"https:\/\/secure.gravatar.com\/avatar\/4364d37f6f6f9cdb7af199b46151565f37d8a8c3c0e04c1d78c04e857a15e3a8?s=96&d=mm&r=g","caption":"PSOE Canarias"},"url":"https:\/\/psoecanarias.com\/web\/author\/admin\/"}]}},"_links":{"self":[{"href":"https:\/\/psoecanarias.com\/web\/wp-json\/wp\/v2\/posts\/63329","targetHints":{"allow":["GET"]}}],"collection":[{"href":"https:\/\/psoecanarias.com\/web\/wp-json\/wp\/v2\/posts"}],"about":[{"href":"https:\/\/psoecanarias.com\/web\/wp-json\/wp\/v2\/types\/post"}],"author":[{"embeddable":true,"href":"https:\/\/psoecanarias.com\/web\/wp-json\/wp\/v2\/users\/1"}],"replies":[{"embeddable":true,"href":"https:\/\/psoecanarias.com\/web\/wp-json\/wp\/v2\/comments?post=63329"}],"version-history":[{"count":3,"href":"https:\/\/psoecanarias.com\/web\/wp-json\/wp\/v2\/posts\/63329\/revisions"}],"predecessor-version":[{"id":63523,"href":"https:\/\/psoecanarias.com\/web\/wp-json\/wp\/v2\/posts\/63329\/revisions\/63523"}],"wp:featuredmedia":[{"embeddable":true,"href":"https:\/\/psoecanarias.com\/web\/wp-json\/wp\/v2\/media\/63330"}],"wp:attachment":[{"href":"https:\/\/psoecanarias.com\/web\/wp-json\/wp\/v2\/media?parent=63329"}],"wp:term":[{"taxonomy":"category","embeddable":true,"href":"https:\/\/psoecanarias.com\/web\/wp-json\/wp\/v2\/categories?post=63329"},{"taxonomy":"post_tag","embeddable":true,"href":"https:\/\/psoecanarias.com\/web\/wp-json\/wp\/v2\/tags?post=63329"}],"curies":[{"name":"wp","href":"https:\/\/api.w.org\/{rel}","templated":true}]}}