{"id":64403,"date":"2026-03-13T14:01:01","date_gmt":"2026-03-13T14:01:01","guid":{"rendered":"https:\/\/psoecanarias.com\/web\/?p=64403"},"modified":"2026-03-13T14:01:01","modified_gmt":"2026-03-13T14:01:01","slug":"torres-destaca-el-impacto-que-tendra-en-canarias-la-mayor-convocatoria-de-becas-de-la-historia","status":"publish","type":"post","link":"https:\/\/psoecanarias.com\/web\/torres-destaca-el-impacto-que-tendra-en-canarias-la-mayor-convocatoria-de-becas-de-la-historia\/","title":{"rendered":"Torres destaca el impacto que tendr\u00e1 en Canarias la mayor convocatoria de becas de la historia"},"content":{"rendered":"<p><span style=\"font-size: large;\"><b>Canarias, 13 de marzo de 2026.\u2014\u00a0<\/b>El secretario general del PSOE Canarias y ministro de Pol\u00edtica Territorial, \u00c1ngel V\u00edctor Torres, ha valorado este viernes la nueva convocatoria de becas y ayudas al estudio aprobada esta semana por el Consejo de Ministros de Espa\u00f1a como \u201cuna apuesta clara por la igualdad de oportunidades y por garantizar que ning\u00fan joven abandone sus estudios por falta de recursos\u201d.<\/span><\/p>\n<p><span style=\"font-size: large;\">En comparecencia de prensa, acompa\u00f1ado por la portavoz de Juventud socialista en el Parlamento de Canarias, Alicia P\u00e9rez, y el secretario general de Juventudes Socialistas de Canarias, Borja Dur\u00e1n, Torres ha destacado que la iniciativa supone una inversi\u00f3n hist\u00f3rica de 2.559 millones de euros en todo el pa\u00eds, consolidando el mayor sistema de becas de la historia de Espa\u00f1a.<\/span><\/p>\n<p><span style=\"font-size: large;\">Se trata, adem\u00e1s, de la novena subida desde 2018, lo que ha permitido elevar la financiaci\u00f3n acumulada en un 83% y ampliar el n\u00famero de beneficiarios desde 780.000 estudiantes hasta cerca de un mill\u00f3n en todo el territorio nacional.<\/span><\/p>\n<p><span style=\"font-size: large;\">El l\u00edder socialista ha subrayado el impacto directo que esta pol\u00edtica tendr\u00e1 en el Archipi\u00e9lago. En concreto, la nueva convocatoria permitir\u00e1 que alrededor de 50.000 estudiantes canarios puedan beneficiarse de estas ayudas, una cifra r\u00e9cord que podr\u00eda traducirse en unos 120 millones de euros destinados a becas en Canarias.<\/span><\/p>\n<p><span style=\"font-size: large;\">\u201cEstamos hablando de un salto muy importante. En 2018 las becas estatales destinadas a estudiantes canarios rondaban los 70 millones de euros y hoy pueden alcanzar los 120 millones, lo que demuestra el compromiso del Gobierno de Espa\u00f1a con la educaci\u00f3n p\u00fablica y con las familias de las islas\u201d, ha afirmado Torres.<\/span><\/p>\n<p><span style=\"font-size: large;\">Adem\u00e1s, ha recordado que el Ejecutivo central mantiene otras l\u00edneas de apoyo al sistema educativo en Canarias, como 2,8 millones de euros para ayudas a libros de texto, distribuidas en funci\u00f3n de criterios objetivos como la tasa de pobreza y el n\u00famero de estudiantes matriculados.<\/span><\/p>\n<p><span style=\"font-size: large;\">Torres ha remarcado estas medidas en una estrategia m\u00e1s amplia de fortalecimiento del Estado del bienestar y de generaci\u00f3n de oportunidades a trav\u00e9s de la educaci\u00f3n. En este sentido, ha se\u00f1alado que Canarias ha recibido en estos a\u00f1os de gobierno de progreso 1.273 millones de euros para educaci\u00f3n, pasando de 78 millones anuales en 2018 a los 200 millones en la actualidad.<\/span><\/p>\n<p><span style=\"font-size: large;\">\u201cEl mensaje es claro: cuando gobierna el Partido Socialista, la educaci\u00f3n p\u00fablica se refuerza y las oportunidades llegan a m\u00e1s j\u00f3venes\u201d, ha dicho Torres, quien ha comparado este compromiso del Gobierno de Espa\u00f1a con Canarias con la actual gesti\u00f3n en educaci\u00f3n del Gobierno de Canarias, de los socios Coalici\u00f3n Canaria y Partido Popular.<\/span><\/p>\n<p><span style=\"font-size: large;\"><b>Comparativa con el Pacto de las Flores<\/b><\/span><\/p>\n<p><span style=\"font-size: large;\">En este sentido, \u00c1ngel V\u00edctor Torres ha lamentado que la apuesta por la educaci\u00f3n p\u00fablica y gratuita de 0 a 3, impulsada por el Pacto de las Flores, se haya visto frenada en la actual legislatura: \u201cTodo se hab\u00eda dejado perfectamente estructurado, y de haber seguido el gobierno del Pacto de las Flores, hoy tendr\u00edamos en Canarias 3.900 plazas de cero a 3 a\u00f1os en el conjunto de Canarias. Sin embargo, en estos momentos hay 1.200 menos y lo lamentamos, porque esto tambi\u00e9n es una respuesta de justicia social\u201d.<\/span><\/p>\n<p><span style=\"font-size: large;\">Algo similar pasa con las universidades: \u201cCerramos un acuerdo con los rectores que lo que hac\u00eda era implementar hasta el a\u00f1o 2030 cantidades econ\u00f3micas que supon\u00edan 60 millones de euros m\u00e1s que lo que recib\u00edan en el a\u00f1o 2023. Lamentablemente, el nuevo gobierno de Canarias le dio la espalda a ese compromiso, y apenas han aumentado tres millones por a\u00f1o\u201d.<\/span><\/p>\n<p><span style=\"font-size: large;\">Torres ha apuntado un tercer dato revelador de la ausencia de implicaci\u00f3n en educaci\u00f3n del Ejecutivo del presidente Clavijo: las cifras de abandono escolar. \u201cEn el a\u00f1o 22 est\u00e1bamos en un dato hist\u00f3rico de 11,7%, cambiando la tendencia, como lo hicimos con dependencia, y en estos momentos estamos en un 16%. Somos el farolillo rojo, junto con Murcia, que tiene mayor abandono escolar\u201d.<\/span><\/p>\n<p><span style=\"font-size: large;\">\u201cLa educaci\u00f3n es fundamental para una sociedad justa\u201d, ha insistido.<\/span><\/p>\n","protected":false},"excerpt":{"rendered":"<p>Afirma que cerca de 50.000 estudiantes de las islas podr\u00e1n beneficiarse de una inversi\u00f3n estatal r\u00e9cord, que en el Archipi\u00e9lago se elevar\u00eda hasta unos 120 millones de euros<\/p>\n","protected":false},"author":1,"featured_media":64404,"comment_status":"open","ping_status":"open","sticky":false,"template":"","format":"standard","meta":{"footnotes":""},"categories":[1184,7],"tags":[1269,892,1257],"class_list":["post-64403","post","type-post","status-publish","format-standard","has-post-thumbnail","hentry","category-noticias","category-politica","tag-alicia-perez","tag-angel-victor-torres","tag-borja-duran"],"featured_image_src":"https:\/\/psoecanarias.com\/web\/wp-content\/uploads\/2026\/03\/foto1.jpeg","author_info":{"display_name":"PSOE Canarias","author_link":"https:\/\/psoecanarias.com\/web\/author\/admin\/"},"yoast_head":"<!-- This site is optimized with the Yoast SEO plugin v27.2 - https:\/\/yoast.com\/product\/yoast-seo-wordpress\/ -->\n<title>Torres destaca el impacto que tendr\u00e1 en Canarias la mayor convocatoria de becas de la historia | PSOE Canarias<\/title>\n<meta name=\"robots\" content=\"index, follow, max-snippet:-1, max-image-preview:large, max-video-preview:-1\" \/>\n<link rel=\"canonical\" href=\"https:\/\/psoecanarias.com\/web\/torres-destaca-el-impacto-que-tendra-en-canarias-la-mayor-convocatoria-de-becas-de-la-historia\/\" \/>\n<meta property=\"og:locale\" content=\"es_ES\" \/>\n<meta property=\"og:type\" content=\"article\" \/>\n<meta property=\"og:title\" content=\"Torres destaca el impacto que tendr\u00e1 en Canarias la mayor convocatoria de becas de la historia | PSOE Canarias\" \/>\n<meta property=\"og:description\" content=\"Afirma que cerca de 50.000 estudiantes de las islas podr\u00e1n beneficiarse de una inversi\u00f3n estatal r\u00e9cord, que en el Archipi\u00e9lago se elevar\u00eda hasta unos 120 millones de euros\" \/>\n<meta property=\"og:url\" content=\"https:\/\/psoecanarias.com\/web\/torres-destaca-el-impacto-que-tendra-en-canarias-la-mayor-convocatoria-de-becas-de-la-historia\/\" \/>\n<meta property=\"og:site_name\" content=\"PSOE Canarias\" \/>\n<meta property=\"article:published_time\" content=\"2026-03-13T14:01:01+00:00\" \/>\n<meta property=\"og:image\" content=\"https:\/\/psoecanarias.com\/web\/wp-content\/uploads\/2026\/03\/foto1.jpeg\" \/>\n\t<meta property=\"og:image:width\" content=\"1600\" \/>\n\t<meta property=\"og:image:height\" content=\"1064\" \/>\n\t<meta property=\"og:image:type\" content=\"image\/jpeg\" \/>\n<meta name=\"author\" content=\"PSOE Canarias\" \/>\n<meta name=\"twitter:card\" content=\"summary_large_image\" \/>\n<script type=\"application\/ld+json\" class=\"yoast-schema-graph\">{\"@context\":\"https:\/\/schema.org\",\"@graph\":[{\"@type\":\"Article\",\"@id\":\"https:\/\/psoecanarias.com\/web\/torres-destaca-el-impacto-que-tendra-en-canarias-la-mayor-convocatoria-de-becas-de-la-historia\/#article\",\"isPartOf\":{\"@id\":\"https:\/\/psoecanarias.com\/web\/torres-destaca-el-impacto-que-tendra-en-canarias-la-mayor-convocatoria-de-becas-de-la-historia\/\"},\"author\":{\"name\":\"PSOE Canarias\",\"@id\":\"https:\/\/psoecanarias.com\/web\/#\/schema\/person\/1ae43f9659d2fc599ca69c11e1dbf26f\"},\"headline\":\"Torres destaca el impacto que tendr\u00e1 en Canarias la mayor convocatoria de becas de la historia\",\"datePublished\":\"2026-03-13T14:01:01+00:00\",\"mainEntityOfPage\":{\"@id\":\"https:\/\/psoecanarias.com\/web\/torres-destaca-el-impacto-que-tendra-en-canarias-la-mayor-convocatoria-de-becas-de-la-historia\/\"},\"wordCount\":705,\"commentCount\":0,\"image\":{\"@id\":\"https:\/\/psoecanarias.com\/web\/torres-destaca-el-impacto-que-tendra-en-canarias-la-mayor-convocatoria-de-becas-de-la-historia\/#primaryimage\"},\"thumbnailUrl\":\"https:\/\/psoecanarias.com\/web\/wp-content\/uploads\/2026\/03\/foto1.jpeg\",\"keywords\":[\"Alicia P\u00e9rez\",\"\u00c1ngel V\u00edctor Torres\",\"Borja Dur\u00e1n\"],\"articleSection\":[\"Noticias\",\"Pol\u00edtica\"],\"inLanguage\":\"es\",\"potentialAction\":[{\"@type\":\"CommentAction\",\"name\":\"Comment\",\"target\":[\"https:\/\/psoecanarias.com\/web\/torres-destaca-el-impacto-que-tendra-en-canarias-la-mayor-convocatoria-de-becas-de-la-historia\/#respond\"]}]},{\"@type\":\"WebPage\",\"@id\":\"https:\/\/psoecanarias.com\/web\/torres-destaca-el-impacto-que-tendra-en-canarias-la-mayor-convocatoria-de-becas-de-la-historia\/\",\"url\":\"https:\/\/psoecanarias.com\/web\/torres-destaca-el-impacto-que-tendra-en-canarias-la-mayor-convocatoria-de-becas-de-la-historia\/\",\"name\":\"Torres destaca el impacto que tendr\u00e1 en Canarias la mayor convocatoria de becas de la historia | PSOE Canarias\",\"isPartOf\":{\"@id\":\"https:\/\/psoecanarias.com\/web\/#website\"},\"primaryImageOfPage\":{\"@id\":\"https:\/\/psoecanarias.com\/web\/torres-destaca-el-impacto-que-tendra-en-canarias-la-mayor-convocatoria-de-becas-de-la-historia\/#primaryimage\"},\"image\":{\"@id\":\"https:\/\/psoecanarias.com\/web\/torres-destaca-el-impacto-que-tendra-en-canarias-la-mayor-convocatoria-de-becas-de-la-historia\/#primaryimage\"},\"thumbnailUrl\":\"https:\/\/psoecanarias.com\/web\/wp-content\/uploads\/2026\/03\/foto1.jpeg\",\"datePublished\":\"2026-03-13T14:01:01+00:00\",\"author\":{\"@id\":\"https:\/\/psoecanarias.com\/web\/#\/schema\/person\/1ae43f9659d2fc599ca69c11e1dbf26f\"},\"breadcrumb\":{\"@id\":\"https:\/\/psoecanarias.com\/web\/torres-destaca-el-impacto-que-tendra-en-canarias-la-mayor-convocatoria-de-becas-de-la-historia\/#breadcrumb\"},\"inLanguage\":\"es\",\"potentialAction\":[{\"@type\":\"ReadAction\",\"target\":[\"https:\/\/psoecanarias.com\/web\/torres-destaca-el-impacto-que-tendra-en-canarias-la-mayor-convocatoria-de-becas-de-la-historia\/\"]}]},{\"@type\":\"ImageObject\",\"inLanguage\":\"es\",\"@id\":\"https:\/\/psoecanarias.com\/web\/torres-destaca-el-impacto-que-tendra-en-canarias-la-mayor-convocatoria-de-becas-de-la-historia\/#primaryimage\",\"url\":\"https:\/\/psoecanarias.com\/web\/wp-content\/uploads\/2026\/03\/foto1.jpeg\",\"contentUrl\":\"https:\/\/psoecanarias.com\/web\/wp-content\/uploads\/2026\/03\/foto1.jpeg\",\"width\":1600,\"height\":1064,\"caption\":\"Rueda de prensa de este viernes en la sede de Las Palmas de Gran Canaria.\"},{\"@type\":\"BreadcrumbList\",\"@id\":\"https:\/\/psoecanarias.com\/web\/torres-destaca-el-impacto-que-tendra-en-canarias-la-mayor-convocatoria-de-becas-de-la-historia\/#breadcrumb\",\"itemListElement\":[{\"@type\":\"ListItem\",\"position\":1,\"name\":\"Portada\",\"item\":\"https:\/\/psoecanarias.com\/web\/\"},{\"@type\":\"ListItem\",\"position\":2,\"name\":\"Torres destaca el impacto que tendr\u00e1 en Canarias la mayor convocatoria de becas de la historia\"}]},{\"@type\":\"WebSite\",\"@id\":\"https:\/\/psoecanarias.com\/web\/#website\",\"url\":\"https:\/\/psoecanarias.com\/web\/\",\"name\":\"PSOE Canarias\",\"description\":\"Partido Socialista Obrero Espa\u00f1ol Canarias\",\"potentialAction\":[{\"@type\":\"SearchAction\",\"target\":{\"@type\":\"EntryPoint\",\"urlTemplate\":\"https:\/\/psoecanarias.com\/web\/?s={search_term_string}\"},\"query-input\":{\"@type\":\"PropertyValueSpecification\",\"valueRequired\":true,\"valueName\":\"search_term_string\"}}],\"inLanguage\":\"es\"},{\"@type\":\"Person\",\"@id\":\"https:\/\/psoecanarias.com\/web\/#\/schema\/person\/1ae43f9659d2fc599ca69c11e1dbf26f\",\"name\":\"PSOE Canarias\",\"image\":{\"@type\":\"ImageObject\",\"inLanguage\":\"es\",\"@id\":\"https:\/\/secure.gravatar.com\/avatar\/4364d37f6f6f9cdb7af199b46151565f37d8a8c3c0e04c1d78c04e857a15e3a8?s=96&d=mm&r=g\",\"url\":\"https:\/\/secure.gravatar.com\/avatar\/4364d37f6f6f9cdb7af199b46151565f37d8a8c3c0e04c1d78c04e857a15e3a8?s=96&d=mm&r=g\",\"contentUrl\":\"https:\/\/secure.gravatar.com\/avatar\/4364d37f6f6f9cdb7af199b46151565f37d8a8c3c0e04c1d78c04e857a15e3a8?s=96&d=mm&r=g\",\"caption\":\"PSOE Canarias\"},\"url\":\"https:\/\/psoecanarias.com\/web\/author\/admin\/\"}]}<\/script>\n<!-- \/ Yoast SEO plugin. -->","yoast_head_json":{"title":"Torres destaca el impacto que tendr\u00e1 en Canarias la mayor convocatoria de becas de la historia | PSOE Canarias","robots":{"index":"index","follow":"follow","max-snippet":"max-snippet:-1","max-image-preview":"max-image-preview:large","max-video-preview":"max-video-preview:-1"},"canonical":"https:\/\/psoecanarias.com\/web\/torres-destaca-el-impacto-que-tendra-en-canarias-la-mayor-convocatoria-de-becas-de-la-historia\/","og_locale":"es_ES","og_type":"article","og_title":"Torres destaca el impacto que tendr\u00e1 en Canarias la mayor convocatoria de becas de la historia | PSOE Canarias","og_description":"Afirma que cerca de 50.000 estudiantes de las islas podr\u00e1n beneficiarse de una inversi\u00f3n estatal r\u00e9cord, que en el Archipi\u00e9lago se elevar\u00eda hasta unos 120 millones de euros","og_url":"https:\/\/psoecanarias.com\/web\/torres-destaca-el-impacto-que-tendra-en-canarias-la-mayor-convocatoria-de-becas-de-la-historia\/","og_site_name":"PSOE Canarias","article_published_time":"2026-03-13T14:01:01+00:00","og_image":[{"width":1600,"height":1064,"url":"https:\/\/psoecanarias.com\/web\/wp-content\/uploads\/2026\/03\/foto1.jpeg","type":"image\/jpeg"}],"author":"PSOE Canarias","twitter_card":"summary_large_image","schema":{"@context":"https:\/\/schema.org","@graph":[{"@type":"Article","@id":"https:\/\/psoecanarias.com\/web\/torres-destaca-el-impacto-que-tendra-en-canarias-la-mayor-convocatoria-de-becas-de-la-historia\/#article","isPartOf":{"@id":"https:\/\/psoecanarias.com\/web\/torres-destaca-el-impacto-que-tendra-en-canarias-la-mayor-convocatoria-de-becas-de-la-historia\/"},"author":{"name":"PSOE Canarias","@id":"https:\/\/psoecanarias.com\/web\/#\/schema\/person\/1ae43f9659d2fc599ca69c11e1dbf26f"},"headline":"Torres destaca el impacto que tendr\u00e1 en Canarias la mayor convocatoria de becas de la historia","datePublished":"2026-03-13T14:01:01+00:00","mainEntityOfPage":{"@id":"https:\/\/psoecanarias.com\/web\/torres-destaca-el-impacto-que-tendra-en-canarias-la-mayor-convocatoria-de-becas-de-la-historia\/"},"wordCount":705,"commentCount":0,"image":{"@id":"https:\/\/psoecanarias.com\/web\/torres-destaca-el-impacto-que-tendra-en-canarias-la-mayor-convocatoria-de-becas-de-la-historia\/#primaryimage"},"thumbnailUrl":"https:\/\/psoecanarias.com\/web\/wp-content\/uploads\/2026\/03\/foto1.jpeg","keywords":["Alicia P\u00e9rez","\u00c1ngel V\u00edctor Torres","Borja Dur\u00e1n"],"articleSection":["Noticias","Pol\u00edtica"],"inLanguage":"es","potentialAction":[{"@type":"CommentAction","name":"Comment","target":["https:\/\/psoecanarias.com\/web\/torres-destaca-el-impacto-que-tendra-en-canarias-la-mayor-convocatoria-de-becas-de-la-historia\/#respond"]}]},{"@type":"WebPage","@id":"https:\/\/psoecanarias.com\/web\/torres-destaca-el-impacto-que-tendra-en-canarias-la-mayor-convocatoria-de-becas-de-la-historia\/","url":"https:\/\/psoecanarias.com\/web\/torres-destaca-el-impacto-que-tendra-en-canarias-la-mayor-convocatoria-de-becas-de-la-historia\/","name":"Torres destaca el impacto que tendr\u00e1 en Canarias la mayor convocatoria de becas de la historia | PSOE Canarias","isPartOf":{"@id":"https:\/\/psoecanarias.com\/web\/#website"},"primaryImageOfPage":{"@id":"https:\/\/psoecanarias.com\/web\/torres-destaca-el-impacto-que-tendra-en-canarias-la-mayor-convocatoria-de-becas-de-la-historia\/#primaryimage"},"image":{"@id":"https:\/\/psoecanarias.com\/web\/torres-destaca-el-impacto-que-tendra-en-canarias-la-mayor-convocatoria-de-becas-de-la-historia\/#primaryimage"},"thumbnailUrl":"https:\/\/psoecanarias.com\/web\/wp-content\/uploads\/2026\/03\/foto1.jpeg","datePublished":"2026-03-13T14:01:01+00:00","author":{"@id":"https:\/\/psoecanarias.com\/web\/#\/schema\/person\/1ae43f9659d2fc599ca69c11e1dbf26f"},"breadcrumb":{"@id":"https:\/\/psoecanarias.com\/web\/torres-destaca-el-impacto-que-tendra-en-canarias-la-mayor-convocatoria-de-becas-de-la-historia\/#breadcrumb"},"inLanguage":"es","potentialAction":[{"@type":"ReadAction","target":["https:\/\/psoecanarias.com\/web\/torres-destaca-el-impacto-que-tendra-en-canarias-la-mayor-convocatoria-de-becas-de-la-historia\/"]}]},{"@type":"ImageObject","inLanguage":"es","@id":"https:\/\/psoecanarias.com\/web\/torres-destaca-el-impacto-que-tendra-en-canarias-la-mayor-convocatoria-de-becas-de-la-historia\/#primaryimage","url":"https:\/\/psoecanarias.com\/web\/wp-content\/uploads\/2026\/03\/foto1.jpeg","contentUrl":"https:\/\/psoecanarias.com\/web\/wp-content\/uploads\/2026\/03\/foto1.jpeg","width":1600,"height":1064,"caption":"Rueda de prensa de este viernes en la sede de Las Palmas de Gran Canaria."},{"@type":"BreadcrumbList","@id":"https:\/\/psoecanarias.com\/web\/torres-destaca-el-impacto-que-tendra-en-canarias-la-mayor-convocatoria-de-becas-de-la-historia\/#breadcrumb","itemListElement":[{"@type":"ListItem","position":1,"name":"Portada","item":"https:\/\/psoecanarias.com\/web\/"},{"@type":"ListItem","position":2,"name":"Torres destaca el impacto que tendr\u00e1 en Canarias la mayor convocatoria de becas de la historia"}]},{"@type":"WebSite","@id":"https:\/\/psoecanarias.com\/web\/#website","url":"https:\/\/psoecanarias.com\/web\/","name":"PSOE Canarias","description":"Partido Socialista Obrero Espa\u00f1ol Canarias","potentialAction":[{"@type":"SearchAction","target":{"@type":"EntryPoint","urlTemplate":"https:\/\/psoecanarias.com\/web\/?s={search_term_string}"},"query-input":{"@type":"PropertyValueSpecification","valueRequired":true,"valueName":"search_term_string"}}],"inLanguage":"es"},{"@type":"Person","@id":"https:\/\/psoecanarias.com\/web\/#\/schema\/person\/1ae43f9659d2fc599ca69c11e1dbf26f","name":"PSOE Canarias","image":{"@type":"ImageObject","inLanguage":"es","@id":"https:\/\/secure.gravatar.com\/avatar\/4364d37f6f6f9cdb7af199b46151565f37d8a8c3c0e04c1d78c04e857a15e3a8?s=96&d=mm&r=g","url":"https:\/\/secure.gravatar.com\/avatar\/4364d37f6f6f9cdb7af199b46151565f37d8a8c3c0e04c1d78c04e857a15e3a8?s=96&d=mm&r=g","contentUrl":"https:\/\/secure.gravatar.com\/avatar\/4364d37f6f6f9cdb7af199b46151565f37d8a8c3c0e04c1d78c04e857a15e3a8?s=96&d=mm&r=g","caption":"PSOE Canarias"},"url":"https:\/\/psoecanarias.com\/web\/author\/admin\/"}]}},"_links":{"self":[{"href":"https:\/\/psoecanarias.com\/web\/wp-json\/wp\/v2\/posts\/64403","targetHints":{"allow":["GET"]}}],"collection":[{"href":"https:\/\/psoecanarias.com\/web\/wp-json\/wp\/v2\/posts"}],"about":[{"href":"https:\/\/psoecanarias.com\/web\/wp-json\/wp\/v2\/types\/post"}],"author":[{"embeddable":true,"href":"https:\/\/psoecanarias.com\/web\/wp-json\/wp\/v2\/users\/1"}],"replies":[{"embeddable":true,"href":"https:\/\/psoecanarias.com\/web\/wp-json\/wp\/v2\/comments?post=64403"}],"version-history":[{"count":1,"href":"https:\/\/psoecanarias.com\/web\/wp-json\/wp\/v2\/posts\/64403\/revisions"}],"predecessor-version":[{"id":64405,"href":"https:\/\/psoecanarias.com\/web\/wp-json\/wp\/v2\/posts\/64403\/revisions\/64405"}],"wp:featuredmedia":[{"embeddable":true,"href":"https:\/\/psoecanarias.com\/web\/wp-json\/wp\/v2\/media\/64404"}],"wp:attachment":[{"href":"https:\/\/psoecanarias.com\/web\/wp-json\/wp\/v2\/media?parent=64403"}],"wp:term":[{"taxonomy":"category","embeddable":true,"href":"https:\/\/psoecanarias.com\/web\/wp-json\/wp\/v2\/categories?post=64403"},{"taxonomy":"post_tag","embeddable":true,"href":"https:\/\/psoecanarias.com\/web\/wp-json\/wp\/v2\/tags?post=64403"}],"curies":[{"name":"wp","href":"https:\/\/api.w.org\/{rel}","templated":true}]}}