{"id":6514,"date":"2019-05-13T13:40:29","date_gmt":"2019-05-13T12:40:29","guid":{"rendered":"http:\/\/psoecanarias.com\/web\/?p=6514"},"modified":"2019-05-22T23:45:23","modified_gmt":"2019-05-22T22:45:23","slug":"psoe-canarias-adapta-su-programa-a-lectura-facil-para-personas-con-discapacidad","status":"publish","type":"post","link":"https:\/\/psoecanarias.com\/web\/psoe-canarias-adapta-su-programa-a-lectura-facil-para-personas-con-discapacidad\/","title":{"rendered":"PSOE Canarias adapta su programa a lectura f\u00e1cil para personas con discapacidad"},"content":{"rendered":"<p>El PSOE de Canarias, en su apuesta por la inclusi\u00f3n social y por la accesibilidad de la informaci\u00f3n para todas las personas,<a href=\"http:\/\/psoecanarias.com\/web\/voluntarixs\/\" target=\"_blank\" rel=\"noopener\">\u00a0ha adaptado a lectura f\u00e1cil<\/a> un resumen de su <a href=\"http:\/\/psoecanarias.com\/web\/implicate-2019\/\" target=\"_blank\" rel=\"noopener\">programa electoral<\/a>, para que las personas con dificultades de comprensi\u00f3n lectora o discapacidad intelectual puedan conocer sus propuestas para la pr\u00f3xima legislatura.<\/p>\n<p>Este resumen ha sido elaborado en colaboraci\u00f3n conjunta con el Servicio M\u00e1s F\u00e1cil de Plena inclusi\u00f3n Canarias, entidad garante del logo europeo de Lectura F\u00e1cil en Canarias y servicio profesional pionero que sigue la norma <em>UNE 153101:2018 EX<\/em> (Lectura F\u00e1cil. Pautas y recomendaciones para la elaboraci\u00f3n de documentos).<\/p>\n<p>La redacci\u00f3n de este documento ha contado con la validaci\u00f3n y el asesoramiento t\u00e9cnico de personas expertas con dificultades de comprensi\u00f3n lectora, cuyas aportaciones fundamentales garantizan la comprensibilidad.<\/p>\n<p>Este documento en Lectura F\u00e1cil recoge las 27 medidas principales del proyecto del PSOE de Canarias y se estructura en torno a tres ejes tem\u00e1ticos: justicia social, econom\u00eda solidaria y desarrollo sostenible. En este contexto, se destacan varias propuestas relacionadas con la erradicaci\u00f3n de la pobreza, el acceso a la vivienda, la inclusi\u00f3n social y el turismo sostenible, entre muchas otras. Culminamos con el objetivo b\u00e1sico de nuestro programa electoral: Cambia Canarias.<\/p>\n<p>La iniciativa del PSOE de Canarias supone un gran paso adelante hacia la accesibilidad de la informaci\u00f3n para todas las personas. Es, adem\u00e1s, un camino a seguir en el entorno pol\u00edtico, ya que acerca el proyecto socialista al conjunto de la ciudadan\u00eda.<\/p>\n<p>&nbsp;<\/p>\n<a href=\"https:\/\/psoecanarias.com\/web\/wp-content\/uploads\/2019\/05\/RESUMEN-PROGRAMA-PSOE.pdf\" class=\"pdfemb-viewer\" style=\"\" data-width=\"max\" data-height=\"max\" data-toolbar=\"both\" data-toolbar-fixed=\"on\">RESUMEN PROGRAMA PSOE<\/a>\n","protected":false},"excerpt":{"rendered":"<p>El PSOE de Canarias, en su apuesta por la inclusi\u00f3n social y por la accesibilidad de la informaci\u00f3n para todas las personas,\u00a0ha adaptado a lectura f\u00e1cil un resumen de su programa electoral, para que las personas con dificultades de comprensi\u00f3n lectora o discapacidad intelectual puedan conocer sus propuestas para la pr\u00f3xima legislatura. Este resumen ha [&hellip;]<\/p>\n","protected":false},"author":1,"featured_media":6515,"comment_status":"open","ping_status":"open","sticky":false,"template":"","format":"standard","meta":{"footnotes":""},"categories":[7],"tags":[],"class_list":["post-6514","post","type-post","status-publish","format-standard","has-post-thumbnail","hentry","category-politica"],"featured_image_src":"https:\/\/psoecanarias.com\/web\/wp-content\/uploads\/2019\/05\/lectura-facil.png","author_info":{"display_name":"PSOE Canarias","author_link":"https:\/\/psoecanarias.com\/web\/author\/admin\/"},"yoast_head":"<!-- This site is optimized with the Yoast SEO plugin v27.2 - https:\/\/yoast.com\/product\/yoast-seo-wordpress\/ -->\n<title>PSOE Canarias adapta su programa a lectura f\u00e1cil para personas con discapacidad | PSOE Canarias<\/title>\n<meta name=\"robots\" content=\"index, follow, max-snippet:-1, max-image-preview:large, max-video-preview:-1\" \/>\n<link rel=\"canonical\" href=\"https:\/\/psoecanarias.com\/web\/psoe-canarias-adapta-su-programa-a-lectura-facil-para-personas-con-discapacidad\/\" \/>\n<meta property=\"og:locale\" content=\"es_ES\" \/>\n<meta property=\"og:type\" content=\"article\" \/>\n<meta property=\"og:title\" content=\"PSOE Canarias adapta su programa a lectura f\u00e1cil para personas con discapacidad | PSOE Canarias\" \/>\n<meta property=\"og:description\" content=\"El PSOE de Canarias, en su apuesta por la inclusi\u00f3n social y por la accesibilidad de la informaci\u00f3n para todas las personas,\u00a0ha adaptado a lectura f\u00e1cil un resumen de su programa electoral, para que las personas con dificultades de comprensi\u00f3n lectora o discapacidad intelectual puedan conocer sus propuestas para la pr\u00f3xima legislatura. Este resumen ha [&hellip;]\" \/>\n<meta property=\"og:url\" content=\"https:\/\/psoecanarias.com\/web\/psoe-canarias-adapta-su-programa-a-lectura-facil-para-personas-con-discapacidad\/\" \/>\n<meta property=\"og:site_name\" content=\"PSOE Canarias\" \/>\n<meta property=\"article:published_time\" content=\"2019-05-13T12:40:29+00:00\" \/>\n<meta property=\"article:modified_time\" content=\"2019-05-22T22:45:23+00:00\" \/>\n<meta property=\"og:image\" content=\"https:\/\/psoecanarias.com\/web\/wp-content\/uploads\/2019\/05\/lectura-facil.png\" \/>\n\t<meta property=\"og:image:width\" content=\"1270\" \/>\n\t<meta property=\"og:image:height\" content=\"603\" \/>\n\t<meta property=\"og:image:type\" content=\"image\/png\" \/>\n<meta name=\"author\" content=\"PSOE Canarias\" \/>\n<meta name=\"twitter:card\" content=\"summary_large_image\" \/>\n<script type=\"application\/ld+json\" class=\"yoast-schema-graph\">{\"@context\":\"https:\/\/schema.org\",\"@graph\":[{\"@type\":\"Article\",\"@id\":\"https:\/\/psoecanarias.com\/web\/psoe-canarias-adapta-su-programa-a-lectura-facil-para-personas-con-discapacidad\/#article\",\"isPartOf\":{\"@id\":\"https:\/\/psoecanarias.com\/web\/psoe-canarias-adapta-su-programa-a-lectura-facil-para-personas-con-discapacidad\/\"},\"author\":{\"name\":\"PSOE Canarias\",\"@id\":\"https:\/\/psoecanarias.com\/web\/#\/schema\/person\/1ae43f9659d2fc599ca69c11e1dbf26f\"},\"headline\":\"PSOE Canarias adapta su programa a lectura f\u00e1cil para personas con discapacidad\",\"datePublished\":\"2019-05-13T12:40:29+00:00\",\"dateModified\":\"2019-05-22T22:45:23+00:00\",\"mainEntityOfPage\":{\"@id\":\"https:\/\/psoecanarias.com\/web\/psoe-canarias-adapta-su-programa-a-lectura-facil-para-personas-con-discapacidad\/\"},\"wordCount\":295,\"commentCount\":0,\"image\":{\"@id\":\"https:\/\/psoecanarias.com\/web\/psoe-canarias-adapta-su-programa-a-lectura-facil-para-personas-con-discapacidad\/#primaryimage\"},\"thumbnailUrl\":\"https:\/\/psoecanarias.com\/web\/wp-content\/uploads\/2019\/05\/lectura-facil.png\",\"articleSection\":[\"Pol\u00edtica\"],\"inLanguage\":\"es\",\"potentialAction\":[{\"@type\":\"CommentAction\",\"name\":\"Comment\",\"target\":[\"https:\/\/psoecanarias.com\/web\/psoe-canarias-adapta-su-programa-a-lectura-facil-para-personas-con-discapacidad\/#respond\"]}]},{\"@type\":\"WebPage\",\"@id\":\"https:\/\/psoecanarias.com\/web\/psoe-canarias-adapta-su-programa-a-lectura-facil-para-personas-con-discapacidad\/\",\"url\":\"https:\/\/psoecanarias.com\/web\/psoe-canarias-adapta-su-programa-a-lectura-facil-para-personas-con-discapacidad\/\",\"name\":\"PSOE Canarias adapta su programa a lectura f\u00e1cil para personas con discapacidad | PSOE Canarias\",\"isPartOf\":{\"@id\":\"https:\/\/psoecanarias.com\/web\/#website\"},\"primaryImageOfPage\":{\"@id\":\"https:\/\/psoecanarias.com\/web\/psoe-canarias-adapta-su-programa-a-lectura-facil-para-personas-con-discapacidad\/#primaryimage\"},\"image\":{\"@id\":\"https:\/\/psoecanarias.com\/web\/psoe-canarias-adapta-su-programa-a-lectura-facil-para-personas-con-discapacidad\/#primaryimage\"},\"thumbnailUrl\":\"https:\/\/psoecanarias.com\/web\/wp-content\/uploads\/2019\/05\/lectura-facil.png\",\"datePublished\":\"2019-05-13T12:40:29+00:00\",\"dateModified\":\"2019-05-22T22:45:23+00:00\",\"author\":{\"@id\":\"https:\/\/psoecanarias.com\/web\/#\/schema\/person\/1ae43f9659d2fc599ca69c11e1dbf26f\"},\"breadcrumb\":{\"@id\":\"https:\/\/psoecanarias.com\/web\/psoe-canarias-adapta-su-programa-a-lectura-facil-para-personas-con-discapacidad\/#breadcrumb\"},\"inLanguage\":\"es\",\"potentialAction\":[{\"@type\":\"ReadAction\",\"target\":[\"https:\/\/psoecanarias.com\/web\/psoe-canarias-adapta-su-programa-a-lectura-facil-para-personas-con-discapacidad\/\"]}]},{\"@type\":\"ImageObject\",\"inLanguage\":\"es\",\"@id\":\"https:\/\/psoecanarias.com\/web\/psoe-canarias-adapta-su-programa-a-lectura-facil-para-personas-con-discapacidad\/#primaryimage\",\"url\":\"https:\/\/psoecanarias.com\/web\/wp-content\/uploads\/2019\/05\/lectura-facil.png\",\"contentUrl\":\"https:\/\/psoecanarias.com\/web\/wp-content\/uploads\/2019\/05\/lectura-facil.png\",\"width\":1270,\"height\":603},{\"@type\":\"BreadcrumbList\",\"@id\":\"https:\/\/psoecanarias.com\/web\/psoe-canarias-adapta-su-programa-a-lectura-facil-para-personas-con-discapacidad\/#breadcrumb\",\"itemListElement\":[{\"@type\":\"ListItem\",\"position\":1,\"name\":\"Portada\",\"item\":\"https:\/\/psoecanarias.com\/web\/\"},{\"@type\":\"ListItem\",\"position\":2,\"name\":\"PSOE Canarias adapta su programa a lectura f\u00e1cil para personas con discapacidad\"}]},{\"@type\":\"WebSite\",\"@id\":\"https:\/\/psoecanarias.com\/web\/#website\",\"url\":\"https:\/\/psoecanarias.com\/web\/\",\"name\":\"PSOE Canarias\",\"description\":\"Partido Socialista Obrero Espa\u00f1ol Canarias\",\"potentialAction\":[{\"@type\":\"SearchAction\",\"target\":{\"@type\":\"EntryPoint\",\"urlTemplate\":\"https:\/\/psoecanarias.com\/web\/?s={search_term_string}\"},\"query-input\":{\"@type\":\"PropertyValueSpecification\",\"valueRequired\":true,\"valueName\":\"search_term_string\"}}],\"inLanguage\":\"es\"},{\"@type\":\"Person\",\"@id\":\"https:\/\/psoecanarias.com\/web\/#\/schema\/person\/1ae43f9659d2fc599ca69c11e1dbf26f\",\"name\":\"PSOE Canarias\",\"image\":{\"@type\":\"ImageObject\",\"inLanguage\":\"es\",\"@id\":\"https:\/\/secure.gravatar.com\/avatar\/4364d37f6f6f9cdb7af199b46151565f37d8a8c3c0e04c1d78c04e857a15e3a8?s=96&d=mm&r=g\",\"url\":\"https:\/\/secure.gravatar.com\/avatar\/4364d37f6f6f9cdb7af199b46151565f37d8a8c3c0e04c1d78c04e857a15e3a8?s=96&d=mm&r=g\",\"contentUrl\":\"https:\/\/secure.gravatar.com\/avatar\/4364d37f6f6f9cdb7af199b46151565f37d8a8c3c0e04c1d78c04e857a15e3a8?s=96&d=mm&r=g\",\"caption\":\"PSOE Canarias\"},\"url\":\"https:\/\/psoecanarias.com\/web\/author\/admin\/\"}]}<\/script>\n<!-- \/ Yoast SEO plugin. -->","yoast_head_json":{"title":"PSOE Canarias adapta su programa a lectura f\u00e1cil para personas con discapacidad | PSOE Canarias","robots":{"index":"index","follow":"follow","max-snippet":"max-snippet:-1","max-image-preview":"max-image-preview:large","max-video-preview":"max-video-preview:-1"},"canonical":"https:\/\/psoecanarias.com\/web\/psoe-canarias-adapta-su-programa-a-lectura-facil-para-personas-con-discapacidad\/","og_locale":"es_ES","og_type":"article","og_title":"PSOE Canarias adapta su programa a lectura f\u00e1cil para personas con discapacidad | PSOE Canarias","og_description":"El PSOE de Canarias, en su apuesta por la inclusi\u00f3n social y por la accesibilidad de la informaci\u00f3n para todas las personas,\u00a0ha adaptado a lectura f\u00e1cil un resumen de su programa electoral, para que las personas con dificultades de comprensi\u00f3n lectora o discapacidad intelectual puedan conocer sus propuestas para la pr\u00f3xima legislatura. Este resumen ha [&hellip;]","og_url":"https:\/\/psoecanarias.com\/web\/psoe-canarias-adapta-su-programa-a-lectura-facil-para-personas-con-discapacidad\/","og_site_name":"PSOE Canarias","article_published_time":"2019-05-13T12:40:29+00:00","article_modified_time":"2019-05-22T22:45:23+00:00","og_image":[{"width":1270,"height":603,"url":"https:\/\/psoecanarias.com\/web\/wp-content\/uploads\/2019\/05\/lectura-facil.png","type":"image\/png"}],"author":"PSOE Canarias","twitter_card":"summary_large_image","schema":{"@context":"https:\/\/schema.org","@graph":[{"@type":"Article","@id":"https:\/\/psoecanarias.com\/web\/psoe-canarias-adapta-su-programa-a-lectura-facil-para-personas-con-discapacidad\/#article","isPartOf":{"@id":"https:\/\/psoecanarias.com\/web\/psoe-canarias-adapta-su-programa-a-lectura-facil-para-personas-con-discapacidad\/"},"author":{"name":"PSOE Canarias","@id":"https:\/\/psoecanarias.com\/web\/#\/schema\/person\/1ae43f9659d2fc599ca69c11e1dbf26f"},"headline":"PSOE Canarias adapta su programa a lectura f\u00e1cil para personas con discapacidad","datePublished":"2019-05-13T12:40:29+00:00","dateModified":"2019-05-22T22:45:23+00:00","mainEntityOfPage":{"@id":"https:\/\/psoecanarias.com\/web\/psoe-canarias-adapta-su-programa-a-lectura-facil-para-personas-con-discapacidad\/"},"wordCount":295,"commentCount":0,"image":{"@id":"https:\/\/psoecanarias.com\/web\/psoe-canarias-adapta-su-programa-a-lectura-facil-para-personas-con-discapacidad\/#primaryimage"},"thumbnailUrl":"https:\/\/psoecanarias.com\/web\/wp-content\/uploads\/2019\/05\/lectura-facil.png","articleSection":["Pol\u00edtica"],"inLanguage":"es","potentialAction":[{"@type":"CommentAction","name":"Comment","target":["https:\/\/psoecanarias.com\/web\/psoe-canarias-adapta-su-programa-a-lectura-facil-para-personas-con-discapacidad\/#respond"]}]},{"@type":"WebPage","@id":"https:\/\/psoecanarias.com\/web\/psoe-canarias-adapta-su-programa-a-lectura-facil-para-personas-con-discapacidad\/","url":"https:\/\/psoecanarias.com\/web\/psoe-canarias-adapta-su-programa-a-lectura-facil-para-personas-con-discapacidad\/","name":"PSOE Canarias adapta su programa a lectura f\u00e1cil para personas con discapacidad | PSOE Canarias","isPartOf":{"@id":"https:\/\/psoecanarias.com\/web\/#website"},"primaryImageOfPage":{"@id":"https:\/\/psoecanarias.com\/web\/psoe-canarias-adapta-su-programa-a-lectura-facil-para-personas-con-discapacidad\/#primaryimage"},"image":{"@id":"https:\/\/psoecanarias.com\/web\/psoe-canarias-adapta-su-programa-a-lectura-facil-para-personas-con-discapacidad\/#primaryimage"},"thumbnailUrl":"https:\/\/psoecanarias.com\/web\/wp-content\/uploads\/2019\/05\/lectura-facil.png","datePublished":"2019-05-13T12:40:29+00:00","dateModified":"2019-05-22T22:45:23+00:00","author":{"@id":"https:\/\/psoecanarias.com\/web\/#\/schema\/person\/1ae43f9659d2fc599ca69c11e1dbf26f"},"breadcrumb":{"@id":"https:\/\/psoecanarias.com\/web\/psoe-canarias-adapta-su-programa-a-lectura-facil-para-personas-con-discapacidad\/#breadcrumb"},"inLanguage":"es","potentialAction":[{"@type":"ReadAction","target":["https:\/\/psoecanarias.com\/web\/psoe-canarias-adapta-su-programa-a-lectura-facil-para-personas-con-discapacidad\/"]}]},{"@type":"ImageObject","inLanguage":"es","@id":"https:\/\/psoecanarias.com\/web\/psoe-canarias-adapta-su-programa-a-lectura-facil-para-personas-con-discapacidad\/#primaryimage","url":"https:\/\/psoecanarias.com\/web\/wp-content\/uploads\/2019\/05\/lectura-facil.png","contentUrl":"https:\/\/psoecanarias.com\/web\/wp-content\/uploads\/2019\/05\/lectura-facil.png","width":1270,"height":603},{"@type":"BreadcrumbList","@id":"https:\/\/psoecanarias.com\/web\/psoe-canarias-adapta-su-programa-a-lectura-facil-para-personas-con-discapacidad\/#breadcrumb","itemListElement":[{"@type":"ListItem","position":1,"name":"Portada","item":"https:\/\/psoecanarias.com\/web\/"},{"@type":"ListItem","position":2,"name":"PSOE Canarias adapta su programa a lectura f\u00e1cil para personas con discapacidad"}]},{"@type":"WebSite","@id":"https:\/\/psoecanarias.com\/web\/#website","url":"https:\/\/psoecanarias.com\/web\/","name":"PSOE Canarias","description":"Partido Socialista Obrero Espa\u00f1ol Canarias","potentialAction":[{"@type":"SearchAction","target":{"@type":"EntryPoint","urlTemplate":"https:\/\/psoecanarias.com\/web\/?s={search_term_string}"},"query-input":{"@type":"PropertyValueSpecification","valueRequired":true,"valueName":"search_term_string"}}],"inLanguage":"es"},{"@type":"Person","@id":"https:\/\/psoecanarias.com\/web\/#\/schema\/person\/1ae43f9659d2fc599ca69c11e1dbf26f","name":"PSOE Canarias","image":{"@type":"ImageObject","inLanguage":"es","@id":"https:\/\/secure.gravatar.com\/avatar\/4364d37f6f6f9cdb7af199b46151565f37d8a8c3c0e04c1d78c04e857a15e3a8?s=96&d=mm&r=g","url":"https:\/\/secure.gravatar.com\/avatar\/4364d37f6f6f9cdb7af199b46151565f37d8a8c3c0e04c1d78c04e857a15e3a8?s=96&d=mm&r=g","contentUrl":"https:\/\/secure.gravatar.com\/avatar\/4364d37f6f6f9cdb7af199b46151565f37d8a8c3c0e04c1d78c04e857a15e3a8?s=96&d=mm&r=g","caption":"PSOE Canarias"},"url":"https:\/\/psoecanarias.com\/web\/author\/admin\/"}]}},"_links":{"self":[{"href":"https:\/\/psoecanarias.com\/web\/wp-json\/wp\/v2\/posts\/6514","targetHints":{"allow":["GET"]}}],"collection":[{"href":"https:\/\/psoecanarias.com\/web\/wp-json\/wp\/v2\/posts"}],"about":[{"href":"https:\/\/psoecanarias.com\/web\/wp-json\/wp\/v2\/types\/post"}],"author":[{"embeddable":true,"href":"https:\/\/psoecanarias.com\/web\/wp-json\/wp\/v2\/users\/1"}],"replies":[{"embeddable":true,"href":"https:\/\/psoecanarias.com\/web\/wp-json\/wp\/v2\/comments?post=6514"}],"version-history":[{"count":3,"href":"https:\/\/psoecanarias.com\/web\/wp-json\/wp\/v2\/posts\/6514\/revisions"}],"predecessor-version":[{"id":6518,"href":"https:\/\/psoecanarias.com\/web\/wp-json\/wp\/v2\/posts\/6514\/revisions\/6518"}],"wp:featuredmedia":[{"embeddable":true,"href":"https:\/\/psoecanarias.com\/web\/wp-json\/wp\/v2\/media\/6515"}],"wp:attachment":[{"href":"https:\/\/psoecanarias.com\/web\/wp-json\/wp\/v2\/media?parent=6514"}],"wp:term":[{"taxonomy":"category","embeddable":true,"href":"https:\/\/psoecanarias.com\/web\/wp-json\/wp\/v2\/categories?post=6514"},{"taxonomy":"post_tag","embeddable":true,"href":"https:\/\/psoecanarias.com\/web\/wp-json\/wp\/v2\/tags?post=6514"}],"curies":[{"name":"wp","href":"https:\/\/api.w.org\/{rel}","templated":true}]}}