{"id":65391,"date":"2026-04-27T11:44:20","date_gmt":"2026-04-27T10:44:20","guid":{"rendered":"https:\/\/psoecanarias.com\/web\/?p=65391"},"modified":"2026-04-27T11:44:26","modified_gmt":"2026-04-27T10:44:26","slug":"40-anos-de-la-ley-general-de-sanidad-la-gran-conquista-de-la-izquierda-que-debemos-defender","status":"publish","type":"post","link":"https:\/\/psoecanarias.com\/web\/40-anos-de-la-ley-general-de-sanidad-la-gran-conquista-de-la-izquierda-que-debemos-defender\/","title":{"rendered":"40 a\u00f1os de la Ley General de Sanidad: la gran conquista de la izquierda que debemos defender"},"content":{"rendered":"<p>A las tres de la madrugada, cuando una madre o un padre se despierta porque su hijo tiene fiebre, hay una pregunta que atraviesa todo: \u00bfqu\u00e9 hago ahora?<\/p>\n<p>Durante demasiado tiempo, la respuesta depend\u00eda del dinero, del trabajo o de la suerte. La enfermedad no solo era una tragedia biol\u00f3gica: era tambi\u00e9n una condena econ\u00f3mica.<\/p>\n<p>Eso cambi\u00f3 en Espa\u00f1a gracias a una decisi\u00f3n profundamente pol\u00edtica. Gracias a la izquierda.<\/p>\n<p>Hace ahora cuarenta a\u00f1os, nuestro pa\u00eds dio un paso hist\u00f3rico con la aprobaci\u00f3n de la Ley General de Sanidad. Fue el resultado de una convicci\u00f3n ideol\u00f3gica clara: que la salud deb\u00eda dejar de ser un privilegio para convertirse en un derecho.<\/p>\n<p>Detr\u00e1s de ese avance estuvo el impulso de un socialista imprescindible, Ernest Lluch, que entendi\u00f3 algo que hoy sigue estando radicalmente vigente: que un pa\u00eds solo progresa de verdad cuando el progreso se comparte. Que la sanidad p\u00fablica no es un gasto, sino una inversi\u00f3n en igualdad, en libertad y en dignidad.<\/p>\n<p>La Ley de 1986 no solo cre\u00f3 un sistema sanitario. Construy\u00f3 una idea de pa\u00eds: un pa\u00eds donde nadie tiene que elegir entre curarse o arruinarse; donde enfermar no te expulsa de la vida que has construido; donde la protecci\u00f3n frente a la enfermedad es un derecho garantizado por lo p\u00fablico y no una mercanc\u00eda al mejor postor.<\/p>\n<p>Ese es el modelo que la izquierda ha defendido siempre. Y ese es el modelo que hoy est\u00e1 en disputa.<\/p>\n<p>El presidente Pedro S\u00e1nchez ha sido claro: no hay Estado del Bienestar sin una sanidad p\u00fablica fuerte, universal y de calidad.<\/p>\n<p>Los datos lo avalan. Desde 1986 hemos ganado ocho a\u00f1os de esperanza de vida. Somos l\u00edderes mundiales en donaci\u00f3n y trasplantes. Nada de eso es casualidad: es el resultado de apostar por lo p\u00fablico.<\/p>\n<p>Y tambi\u00e9n lo avalan las pol\u00edticas actuales. Desde 2018, el Gobierno de Espa\u00f1a ha incrementado el gasto sanitario en un 30% y ha transferido a las comunidades aut\u00f3nomas m\u00e1s de 300.000 millones de euros adicionales para reforzar el Estado del Bienestar.<\/p>\n<p>Hoy estamos dando pasos importantes: m\u00e1s inversi\u00f3n en tecnolog\u00eda, impulso a la medicina personalizada, refuerzo de la investigaci\u00f3n y una apuesta decidida en la lucha contra el c\u00e1ncer. Hemos renovado y ampliado equipos de alta tecnolog\u00eda en hospitales de todo el pa\u00eds, impulsado terapias avanzadas como las CAR-T que ya est\u00e1n salvando vidas y situado a Espa\u00f1a como referente europeo en ensayos cl\u00ednicos. Hemos ampliado derechos, como el acceso a la reproducci\u00f3n asistida, reforzado la salud bucodental y puesto en marcha programas como el Plan Veo para garantizar gafas y lentillas a ni\u00f1os y adolescentes.<\/p>\n<p>Pero esos m\u00e1s de 300.000 millones de euros adicionales exigen resultados. Y la pregunta es inevitable: \u00bfqu\u00e9 est\u00e1 fallando en Canarias con el actual gobierno auton\u00f3mico de CC y PP? La respuesta es evidente: una p\u00e9sima gesti\u00f3n y una preocupante derivaci\u00f3n hacia la sanidad privada que pone en riesgo una de las mayores conquistas sociales de nuestro pa\u00eds.<\/p>\n<p>La realidad es inaceptable: listas de espera disparadas, urgencias saturadas, una atenci\u00f3n primaria desbordada y profesionales sanitarios trabajando bajo una presi\u00f3n insostenible. Cuando la sanidad p\u00fablica falla, se resiente la igualdad.<\/p>\n<p>Y basta mirar fuera para entender lo que est\u00e1 en juego. En Estados Unidos, la principal causa de bancarrota de las familias est\u00e1 relacionada con los gastos sanitarios. All\u00ed, enfermar puede significar perderlo todo.<\/p>\n<p>\u00bfQu\u00e9 clase de pa\u00eds queremos ser?<\/p>\n<p>\u00bfUno donde el lugar de residencia o la renta determinen tu derecho a la salud? \u00bfO uno donde, cuando te despiertas con fiebre a las tres de la ma\u00f1ana, sabes que habr\u00e1 alguien para atenderte?<\/p>\n<p>La izquierda lo tenemos claro. Este es el pa\u00eds que queremos. Y, cuarenta a\u00f1os despu\u00e9s, nos corresponde cuidar, defender y proteger nuestro mayor tesoro: la sanidad p\u00fablica.<\/p>\n","protected":false},"excerpt":{"rendered":"<p>Art\u00edculo de opini\u00f3n de la senadora y miembro de nuestra Ejecutiva Regional con motivo del aniversario de la Sanidad p\u00fablica en Espa\u00f1a. <\/p>\n","protected":false},"author":1,"featured_media":65392,"comment_status":"open","ping_status":"open","sticky":false,"template":"","format":"standard","meta":{"footnotes":""},"categories":[1186],"tags":[1251],"class_list":["post-65391","post","type-post","status-publish","format-standard","has-post-thumbnail","hentry","category-opinion","tag-marta-arocha"],"featured_image_src":"https:\/\/psoecanarias.com\/web\/wp-content\/uploads\/2026\/04\/opinion-marta.png","author_info":{"display_name":"PSOE Canarias","author_link":"https:\/\/psoecanarias.com\/web\/author\/admin\/"},"yoast_head":"<!-- This site is optimized with the Yoast SEO plugin v27.2 - https:\/\/yoast.com\/product\/yoast-seo-wordpress\/ -->\n<title>40 a\u00f1os de la Ley General de Sanidad: la gran conquista de la izquierda que debemos defender | PSOE Canarias<\/title>\n<meta name=\"robots\" content=\"index, follow, max-snippet:-1, max-image-preview:large, max-video-preview:-1\" \/>\n<link rel=\"canonical\" href=\"https:\/\/psoecanarias.com\/web\/40-anos-de-la-ley-general-de-sanidad-la-gran-conquista-de-la-izquierda-que-debemos-defender\/\" \/>\n<meta property=\"og:locale\" content=\"es_ES\" \/>\n<meta property=\"og:type\" content=\"article\" \/>\n<meta property=\"og:title\" content=\"40 a\u00f1os de la Ley General de Sanidad: la gran conquista de la izquierda que debemos defender | PSOE Canarias\" \/>\n<meta property=\"og:description\" content=\"Art\u00edculo de opini\u00f3n de la senadora y miembro de nuestra Ejecutiva Regional con motivo del aniversario de la Sanidad p\u00fablica en Espa\u00f1a.\" \/>\n<meta property=\"og:url\" content=\"https:\/\/psoecanarias.com\/web\/40-anos-de-la-ley-general-de-sanidad-la-gran-conquista-de-la-izquierda-que-debemos-defender\/\" \/>\n<meta property=\"og:site_name\" content=\"PSOE Canarias\" \/>\n<meta property=\"article:published_time\" content=\"2026-04-27T10:44:20+00:00\" \/>\n<meta property=\"article:modified_time\" content=\"2026-04-27T10:44:26+00:00\" \/>\n<meta property=\"og:image\" content=\"https:\/\/psoecanarias.com\/web\/wp-content\/uploads\/2026\/04\/opinion-marta.png\" \/>\n\t<meta property=\"og:image:width\" content=\"2048\" \/>\n\t<meta property=\"og:image:height\" content=\"1151\" \/>\n\t<meta property=\"og:image:type\" content=\"image\/png\" \/>\n<meta name=\"author\" content=\"PSOE Canarias\" \/>\n<meta name=\"twitter:card\" content=\"summary_large_image\" \/>\n<script type=\"application\/ld+json\" class=\"yoast-schema-graph\">{\"@context\":\"https:\/\/schema.org\",\"@graph\":[{\"@type\":\"Article\",\"@id\":\"https:\/\/psoecanarias.com\/web\/40-anos-de-la-ley-general-de-sanidad-la-gran-conquista-de-la-izquierda-que-debemos-defender\/#article\",\"isPartOf\":{\"@id\":\"https:\/\/psoecanarias.com\/web\/40-anos-de-la-ley-general-de-sanidad-la-gran-conquista-de-la-izquierda-que-debemos-defender\/\"},\"author\":{\"name\":\"PSOE Canarias\",\"@id\":\"https:\/\/psoecanarias.com\/web\/#\/schema\/person\/1ae43f9659d2fc599ca69c11e1dbf26f\"},\"headline\":\"40 a\u00f1os de la Ley General de Sanidad: la gran conquista de la izquierda que debemos defender\",\"datePublished\":\"2026-04-27T10:44:20+00:00\",\"dateModified\":\"2026-04-27T10:44:26+00:00\",\"mainEntityOfPage\":{\"@id\":\"https:\/\/psoecanarias.com\/web\/40-anos-de-la-ley-general-de-sanidad-la-gran-conquista-de-la-izquierda-que-debemos-defender\/\"},\"wordCount\":694,\"commentCount\":0,\"image\":{\"@id\":\"https:\/\/psoecanarias.com\/web\/40-anos-de-la-ley-general-de-sanidad-la-gran-conquista-de-la-izquierda-que-debemos-defender\/#primaryimage\"},\"thumbnailUrl\":\"https:\/\/psoecanarias.com\/web\/wp-content\/uploads\/2026\/04\/opinion-marta.png\",\"keywords\":[\"Marta Arocha\"],\"articleSection\":[\"Opini\u00f3n\"],\"inLanguage\":\"es\",\"potentialAction\":[{\"@type\":\"CommentAction\",\"name\":\"Comment\",\"target\":[\"https:\/\/psoecanarias.com\/web\/40-anos-de-la-ley-general-de-sanidad-la-gran-conquista-de-la-izquierda-que-debemos-defender\/#respond\"]}]},{\"@type\":\"WebPage\",\"@id\":\"https:\/\/psoecanarias.com\/web\/40-anos-de-la-ley-general-de-sanidad-la-gran-conquista-de-la-izquierda-que-debemos-defender\/\",\"url\":\"https:\/\/psoecanarias.com\/web\/40-anos-de-la-ley-general-de-sanidad-la-gran-conquista-de-la-izquierda-que-debemos-defender\/\",\"name\":\"40 a\u00f1os de la Ley General de Sanidad: la gran conquista de la izquierda que debemos defender | PSOE Canarias\",\"isPartOf\":{\"@id\":\"https:\/\/psoecanarias.com\/web\/#website\"},\"primaryImageOfPage\":{\"@id\":\"https:\/\/psoecanarias.com\/web\/40-anos-de-la-ley-general-de-sanidad-la-gran-conquista-de-la-izquierda-que-debemos-defender\/#primaryimage\"},\"image\":{\"@id\":\"https:\/\/psoecanarias.com\/web\/40-anos-de-la-ley-general-de-sanidad-la-gran-conquista-de-la-izquierda-que-debemos-defender\/#primaryimage\"},\"thumbnailUrl\":\"https:\/\/psoecanarias.com\/web\/wp-content\/uploads\/2026\/04\/opinion-marta.png\",\"datePublished\":\"2026-04-27T10:44:20+00:00\",\"dateModified\":\"2026-04-27T10:44:26+00:00\",\"author\":{\"@id\":\"https:\/\/psoecanarias.com\/web\/#\/schema\/person\/1ae43f9659d2fc599ca69c11e1dbf26f\"},\"breadcrumb\":{\"@id\":\"https:\/\/psoecanarias.com\/web\/40-anos-de-la-ley-general-de-sanidad-la-gran-conquista-de-la-izquierda-que-debemos-defender\/#breadcrumb\"},\"inLanguage\":\"es\",\"potentialAction\":[{\"@type\":\"ReadAction\",\"target\":[\"https:\/\/psoecanarias.com\/web\/40-anos-de-la-ley-general-de-sanidad-la-gran-conquista-de-la-izquierda-que-debemos-defender\/\"]}]},{\"@type\":\"ImageObject\",\"inLanguage\":\"es\",\"@id\":\"https:\/\/psoecanarias.com\/web\/40-anos-de-la-ley-general-de-sanidad-la-gran-conquista-de-la-izquierda-que-debemos-defender\/#primaryimage\",\"url\":\"https:\/\/psoecanarias.com\/web\/wp-content\/uploads\/2026\/04\/opinion-marta.png\",\"contentUrl\":\"https:\/\/psoecanarias.com\/web\/wp-content\/uploads\/2026\/04\/opinion-marta.png\",\"width\":2048,\"height\":1151,\"caption\":\"Art\u00edculo de opini\u00f3n de Marta Arocha, senadora y miembro de la ejecutiva regional socialista.\"},{\"@type\":\"BreadcrumbList\",\"@id\":\"https:\/\/psoecanarias.com\/web\/40-anos-de-la-ley-general-de-sanidad-la-gran-conquista-de-la-izquierda-que-debemos-defender\/#breadcrumb\",\"itemListElement\":[{\"@type\":\"ListItem\",\"position\":1,\"name\":\"Portada\",\"item\":\"https:\/\/psoecanarias.com\/web\/\"},{\"@type\":\"ListItem\",\"position\":2,\"name\":\"40 a\u00f1os de la Ley General de Sanidad: la gran conquista de la izquierda que debemos defender\"}]},{\"@type\":\"WebSite\",\"@id\":\"https:\/\/psoecanarias.com\/web\/#website\",\"url\":\"https:\/\/psoecanarias.com\/web\/\",\"name\":\"PSOE Canarias\",\"description\":\"Partido Socialista Obrero Espa\u00f1ol Canarias\",\"potentialAction\":[{\"@type\":\"SearchAction\",\"target\":{\"@type\":\"EntryPoint\",\"urlTemplate\":\"https:\/\/psoecanarias.com\/web\/?s={search_term_string}\"},\"query-input\":{\"@type\":\"PropertyValueSpecification\",\"valueRequired\":true,\"valueName\":\"search_term_string\"}}],\"inLanguage\":\"es\"},{\"@type\":\"Person\",\"@id\":\"https:\/\/psoecanarias.com\/web\/#\/schema\/person\/1ae43f9659d2fc599ca69c11e1dbf26f\",\"name\":\"PSOE Canarias\",\"image\":{\"@type\":\"ImageObject\",\"inLanguage\":\"es\",\"@id\":\"https:\/\/secure.gravatar.com\/avatar\/4364d37f6f6f9cdb7af199b46151565f37d8a8c3c0e04c1d78c04e857a15e3a8?s=96&d=mm&r=g\",\"url\":\"https:\/\/secure.gravatar.com\/avatar\/4364d37f6f6f9cdb7af199b46151565f37d8a8c3c0e04c1d78c04e857a15e3a8?s=96&d=mm&r=g\",\"contentUrl\":\"https:\/\/secure.gravatar.com\/avatar\/4364d37f6f6f9cdb7af199b46151565f37d8a8c3c0e04c1d78c04e857a15e3a8?s=96&d=mm&r=g\",\"caption\":\"PSOE Canarias\"},\"url\":\"https:\/\/psoecanarias.com\/web\/author\/admin\/\"}]}<\/script>\n<!-- \/ Yoast SEO plugin. -->","yoast_head_json":{"title":"40 a\u00f1os de la Ley General de Sanidad: la gran conquista de la izquierda que debemos defender | PSOE Canarias","robots":{"index":"index","follow":"follow","max-snippet":"max-snippet:-1","max-image-preview":"max-image-preview:large","max-video-preview":"max-video-preview:-1"},"canonical":"https:\/\/psoecanarias.com\/web\/40-anos-de-la-ley-general-de-sanidad-la-gran-conquista-de-la-izquierda-que-debemos-defender\/","og_locale":"es_ES","og_type":"article","og_title":"40 a\u00f1os de la Ley General de Sanidad: la gran conquista de la izquierda que debemos defender | PSOE Canarias","og_description":"Art\u00edculo de opini\u00f3n de la senadora y miembro de nuestra Ejecutiva Regional con motivo del aniversario de la Sanidad p\u00fablica en Espa\u00f1a.","og_url":"https:\/\/psoecanarias.com\/web\/40-anos-de-la-ley-general-de-sanidad-la-gran-conquista-de-la-izquierda-que-debemos-defender\/","og_site_name":"PSOE Canarias","article_published_time":"2026-04-27T10:44:20+00:00","article_modified_time":"2026-04-27T10:44:26+00:00","og_image":[{"width":2048,"height":1151,"url":"https:\/\/psoecanarias.com\/web\/wp-content\/uploads\/2026\/04\/opinion-marta.png","type":"image\/png"}],"author":"PSOE Canarias","twitter_card":"summary_large_image","schema":{"@context":"https:\/\/schema.org","@graph":[{"@type":"Article","@id":"https:\/\/psoecanarias.com\/web\/40-anos-de-la-ley-general-de-sanidad-la-gran-conquista-de-la-izquierda-que-debemos-defender\/#article","isPartOf":{"@id":"https:\/\/psoecanarias.com\/web\/40-anos-de-la-ley-general-de-sanidad-la-gran-conquista-de-la-izquierda-que-debemos-defender\/"},"author":{"name":"PSOE Canarias","@id":"https:\/\/psoecanarias.com\/web\/#\/schema\/person\/1ae43f9659d2fc599ca69c11e1dbf26f"},"headline":"40 a\u00f1os de la Ley General de Sanidad: la gran conquista de la izquierda que debemos defender","datePublished":"2026-04-27T10:44:20+00:00","dateModified":"2026-04-27T10:44:26+00:00","mainEntityOfPage":{"@id":"https:\/\/psoecanarias.com\/web\/40-anos-de-la-ley-general-de-sanidad-la-gran-conquista-de-la-izquierda-que-debemos-defender\/"},"wordCount":694,"commentCount":0,"image":{"@id":"https:\/\/psoecanarias.com\/web\/40-anos-de-la-ley-general-de-sanidad-la-gran-conquista-de-la-izquierda-que-debemos-defender\/#primaryimage"},"thumbnailUrl":"https:\/\/psoecanarias.com\/web\/wp-content\/uploads\/2026\/04\/opinion-marta.png","keywords":["Marta Arocha"],"articleSection":["Opini\u00f3n"],"inLanguage":"es","potentialAction":[{"@type":"CommentAction","name":"Comment","target":["https:\/\/psoecanarias.com\/web\/40-anos-de-la-ley-general-de-sanidad-la-gran-conquista-de-la-izquierda-que-debemos-defender\/#respond"]}]},{"@type":"WebPage","@id":"https:\/\/psoecanarias.com\/web\/40-anos-de-la-ley-general-de-sanidad-la-gran-conquista-de-la-izquierda-que-debemos-defender\/","url":"https:\/\/psoecanarias.com\/web\/40-anos-de-la-ley-general-de-sanidad-la-gran-conquista-de-la-izquierda-que-debemos-defender\/","name":"40 a\u00f1os de la Ley General de Sanidad: la gran conquista de la izquierda que debemos defender | PSOE Canarias","isPartOf":{"@id":"https:\/\/psoecanarias.com\/web\/#website"},"primaryImageOfPage":{"@id":"https:\/\/psoecanarias.com\/web\/40-anos-de-la-ley-general-de-sanidad-la-gran-conquista-de-la-izquierda-que-debemos-defender\/#primaryimage"},"image":{"@id":"https:\/\/psoecanarias.com\/web\/40-anos-de-la-ley-general-de-sanidad-la-gran-conquista-de-la-izquierda-que-debemos-defender\/#primaryimage"},"thumbnailUrl":"https:\/\/psoecanarias.com\/web\/wp-content\/uploads\/2026\/04\/opinion-marta.png","datePublished":"2026-04-27T10:44:20+00:00","dateModified":"2026-04-27T10:44:26+00:00","author":{"@id":"https:\/\/psoecanarias.com\/web\/#\/schema\/person\/1ae43f9659d2fc599ca69c11e1dbf26f"},"breadcrumb":{"@id":"https:\/\/psoecanarias.com\/web\/40-anos-de-la-ley-general-de-sanidad-la-gran-conquista-de-la-izquierda-que-debemos-defender\/#breadcrumb"},"inLanguage":"es","potentialAction":[{"@type":"ReadAction","target":["https:\/\/psoecanarias.com\/web\/40-anos-de-la-ley-general-de-sanidad-la-gran-conquista-de-la-izquierda-que-debemos-defender\/"]}]},{"@type":"ImageObject","inLanguage":"es","@id":"https:\/\/psoecanarias.com\/web\/40-anos-de-la-ley-general-de-sanidad-la-gran-conquista-de-la-izquierda-que-debemos-defender\/#primaryimage","url":"https:\/\/psoecanarias.com\/web\/wp-content\/uploads\/2026\/04\/opinion-marta.png","contentUrl":"https:\/\/psoecanarias.com\/web\/wp-content\/uploads\/2026\/04\/opinion-marta.png","width":2048,"height":1151,"caption":"Art\u00edculo de opini\u00f3n de Marta Arocha, senadora y miembro de la ejecutiva regional socialista."},{"@type":"BreadcrumbList","@id":"https:\/\/psoecanarias.com\/web\/40-anos-de-la-ley-general-de-sanidad-la-gran-conquista-de-la-izquierda-que-debemos-defender\/#breadcrumb","itemListElement":[{"@type":"ListItem","position":1,"name":"Portada","item":"https:\/\/psoecanarias.com\/web\/"},{"@type":"ListItem","position":2,"name":"40 a\u00f1os de la Ley General de Sanidad: la gran conquista de la izquierda que debemos defender"}]},{"@type":"WebSite","@id":"https:\/\/psoecanarias.com\/web\/#website","url":"https:\/\/psoecanarias.com\/web\/","name":"PSOE Canarias","description":"Partido Socialista Obrero Espa\u00f1ol Canarias","potentialAction":[{"@type":"SearchAction","target":{"@type":"EntryPoint","urlTemplate":"https:\/\/psoecanarias.com\/web\/?s={search_term_string}"},"query-input":{"@type":"PropertyValueSpecification","valueRequired":true,"valueName":"search_term_string"}}],"inLanguage":"es"},{"@type":"Person","@id":"https:\/\/psoecanarias.com\/web\/#\/schema\/person\/1ae43f9659d2fc599ca69c11e1dbf26f","name":"PSOE Canarias","image":{"@type":"ImageObject","inLanguage":"es","@id":"https:\/\/secure.gravatar.com\/avatar\/4364d37f6f6f9cdb7af199b46151565f37d8a8c3c0e04c1d78c04e857a15e3a8?s=96&d=mm&r=g","url":"https:\/\/secure.gravatar.com\/avatar\/4364d37f6f6f9cdb7af199b46151565f37d8a8c3c0e04c1d78c04e857a15e3a8?s=96&d=mm&r=g","contentUrl":"https:\/\/secure.gravatar.com\/avatar\/4364d37f6f6f9cdb7af199b46151565f37d8a8c3c0e04c1d78c04e857a15e3a8?s=96&d=mm&r=g","caption":"PSOE Canarias"},"url":"https:\/\/psoecanarias.com\/web\/author\/admin\/"}]}},"_links":{"self":[{"href":"https:\/\/psoecanarias.com\/web\/wp-json\/wp\/v2\/posts\/65391","targetHints":{"allow":["GET"]}}],"collection":[{"href":"https:\/\/psoecanarias.com\/web\/wp-json\/wp\/v2\/posts"}],"about":[{"href":"https:\/\/psoecanarias.com\/web\/wp-json\/wp\/v2\/types\/post"}],"author":[{"embeddable":true,"href":"https:\/\/psoecanarias.com\/web\/wp-json\/wp\/v2\/users\/1"}],"replies":[{"embeddable":true,"href":"https:\/\/psoecanarias.com\/web\/wp-json\/wp\/v2\/comments?post=65391"}],"version-history":[{"count":3,"href":"https:\/\/psoecanarias.com\/web\/wp-json\/wp\/v2\/posts\/65391\/revisions"}],"predecessor-version":[{"id":65395,"href":"https:\/\/psoecanarias.com\/web\/wp-json\/wp\/v2\/posts\/65391\/revisions\/65395"}],"wp:featuredmedia":[{"embeddable":true,"href":"https:\/\/psoecanarias.com\/web\/wp-json\/wp\/v2\/media\/65392"}],"wp:attachment":[{"href":"https:\/\/psoecanarias.com\/web\/wp-json\/wp\/v2\/media?parent=65391"}],"wp:term":[{"taxonomy":"category","embeddable":true,"href":"https:\/\/psoecanarias.com\/web\/wp-json\/wp\/v2\/categories?post=65391"},{"taxonomy":"post_tag","embeddable":true,"href":"https:\/\/psoecanarias.com\/web\/wp-json\/wp\/v2\/tags?post=65391"}],"curies":[{"name":"wp","href":"https:\/\/api.w.org\/{rel}","templated":true}]}}