{"id":65440,"date":"2026-04-29T14:59:02","date_gmt":"2026-04-29T13:59:02","guid":{"rendered":"https:\/\/psoecanarias.com\/web\/?p=65440"},"modified":"2026-04-29T14:59:02","modified_gmt":"2026-04-29T13:59:02","slug":"franquis-en-otras-comunidades-se-actua-en-canarias-solo-se-aparenta","status":"publish","type":"post","link":"https:\/\/psoecanarias.com\/web\/franquis-en-otras-comunidades-se-actua-en-canarias-solo-se-aparenta\/","title":{"rendered":"Franquis: \u201cEn otras comunidades se act\u00faa, en Canarias solo se aparenta\u201d"},"content":{"rendered":"<p><strong>Canarias, 29 de abril de 2026.-<\/strong> El portavoz del Grupo Parlamentario Socialista, Sebasti\u00e1n Franquis, ha acusado este mi\u00e9rcoles [24] en el Pleno de la C\u00e1mara regional al Gobierno de Canarias de \u201csolo aparentar\u201d y no actuar a la hora de tomar medidas para proteger a las familias canarias frente a las consecuencias de la crisis en Oriente Medio, en referencia al \u201cinsuficiente\u201d Decreto Ley elaborado por el Ejecutivo auton\u00f3mico.<\/p>\n<p>Franquis intervino en el debate para la convalidaci\u00f3n del Decreto Ley de medidas adoptadas como consecuencia de la crisis en Oriente Medio, al que calific\u00f3 como \u201ctard\u00edo, claramente insuficiente\u201d y como reflejo de una \u201cpreocupante falta de sensibilidad social\u201d.<\/p>\n<p>En este sentido, aclar\u00f3 que no se exige al Ejecutivo auton\u00f3mico resolver la compleja situaci\u00f3n geopol\u00edtica internacional, pero s\u00ed actuar con rapidez, compromiso y eficacia para proteger a las familias canarias y al tejido econ\u00f3mico del archipi\u00e9lago. Por ello, reproch\u00f3 al Gobierno de Canarias que haya renunciado a ejercer plenamente el autogobierno, eludiendo responsabilidades y priorizando \u201cel relato frente a la realidad\u201d.<\/p>\n<p>En este sentido, critic\u00f3 al vicepresidente del Gobierno y l\u00edder del PP en las islas, Manuel Dom\u00ednguez, por no gestionar los principales problemas del Archipi\u00e9lago y vender una gesti\u00f3n inexistente, como intentar vender en Bruselas como un logro la presentaci\u00f3n de una enmienda para el refuerzo y mantenimiento del POSEI, cuando fue firmada por todos los diputados del Parlamento europeo y defendida por una eurodiputada socialista.<\/p>\n<p>Franquis denunci\u00f3 que el Ejecutivo ha seguido un patr\u00f3n ya conocido, caracterizado por \u201cmucho postureo medi\u00e1tico, mucha confrontaci\u00f3n y muy poca eficacia\u201d, adem\u00e1s de una creciente desconexi\u00f3n con los problemas reales de la ciudadan\u00eda.<\/p>\n<p>Como ejemplo, destac\u00f3 el retraso de 40 d\u00edas en la aprobaci\u00f3n del Decreto-Ley, un periodo durante el cual, afirm\u00f3, las familias han tenido que afrontar en solitario el encarecimiento de la energ\u00eda, el combustible y los productos b\u00e1sicos.<\/p>\n<p>El portavoz socialista recalc\u00f3 la dotaci\u00f3n econ\u00f3mica del paquete de medidas, cifrado en 29,8 millones de euros, que consider\u00f3 \u201cclaramente insuficiente\u201d para hacer frente a una crisis que impacta directamente en hogares, aut\u00f3nomos y peque\u00f1as empresas. Adem\u00e1s, se\u00f1al\u00f3 que esta cantidad resulta pr\u00e1cticamente equivalente al incremento presupuestario destinado este a\u00f1o a la Presidencia del Gobierno, lo que, a su juicio, evidencia las prioridades pol\u00edticas del Ejecutivo.<\/p>\n<p><strong>Impacto imperceptible en la rebaja al combustible y productos: \u201cEsto no es serio\u201d<\/strong><\/p>\n<p>Tambi\u00e9n cuestion\u00f3 tambi\u00e9n la eficacia de las medidas adoptadas, y critic\u00f3 la rebaja del IGIC en el combustible, que pasa del 1% al 0%, al considerar que su impacto \u2014aproximadamente un c\u00e9ntimo por litro\u2014 es \u201cpr\u00e1cticamente imperceptible\u201d para las familias. Asimismo, calific\u00f3 de enga\u00f1oso el anuncio de rebajas fiscales en productos b\u00e1sicos que, en su mayor\u00eda, ya tributaban a tipo cero desde hace a\u00f1os.<br \/>\n\u201cEsto no es serio\u201d, afirm\u00f3, planteando si la actuaci\u00f3n del Gobierno responde a \u201cinsolvencia o mala fe\u201d.<\/p>\n<p>Franquis se hizo eco de las cr\u00edticas de algunos sectores productivos de Canarias con respecto a las medidas anunciadas por el Gobierno canario, que han coincidido en se\u00f1alar que el Ejecutivo \u201cse ha mojado muy poco\u201d con las familias, calificando algunas de las medidas como \u201cuna tomadura de pelo\u201d y reclamando una actuaci\u00f3n m\u00e1s ambiciosa y eficaz.<\/p>\n<p>Para Franquis, la situaci\u00f3n trasciende lo t\u00e9cnico y afecta directamente a la vida cotidiana de las personas, que ven c\u00f3mo pierden poder adquisitivo sin recibir una respuesta adecuada por parte de su Ejecutivo.<\/p>\n<p>El portavoz socialista compar\u00f3 la actuaci\u00f3n de Canarias con la de otros territorios, como el Pa\u00eds Vasco, que ha movilizado m\u00e1s de 1.047 millones de euros, o comunidades como Catalu\u00f1a y la Comunidad Valenciana, con paquetes de 400 millones, y Galicia, con 150 millones. Frente a ello, critic\u00f3 que Canarias, con mayores tasas de paro, pobreza y desigualdad, haya respondido con una cuant\u00eda muy inferior.<\/p>\n<p>Adem\u00e1s, insisti\u00f3 en que la diferencia no es solo econ\u00f3mica, sino de modelo y de compromiso con la ciudadan\u00eda. \u201cAll\u00ed se act\u00faa; aqu\u00ed se aparenta\u201d, sentenci\u00f3.<\/p>\n<p>Asimismo, lament\u00f3 la ausencia de medidas de impacto social, como prestaciones extraordinarias para beneficiarios de la Renta Canaria de Ciudadan\u00eda, deducciones en el IRPF o l\u00edneas de avales espec\u00edficas para pymes y aut\u00f3nomos.<\/p>\n<p>Franquis denunci\u00f3 la falta de coherencia del Ejecutivo auton\u00f3mico, recordando que s\u00ed actu\u00f3 con rapidez y determinaci\u00f3n cuando se trat\u00f3 de aprobar rebajas fiscales dirigidas a las rentas m\u00e1s altas. \u201cLas familias canarias no necesitaban gestos ni titulares, sino un Gobierno a la altura\u201d, concluy\u00f3.<\/p>\n","protected":false},"excerpt":{"rendered":"<p>El portavoz socialista denuncia en el Pleno de la C\u00e1mara regional el retraso y la escasa dotaci\u00f3n del Decreto Ley del Gobierno canario de medidas adoptadas como consecuencia de la crisis en Oriente Medio, que considera \u201cinsuficiente\u201d para proteger a las familias canarias <\/p>\n","protected":false},"author":1,"featured_media":65441,"comment_status":"open","ping_status":"open","sticky":false,"template":"","format":"standard","meta":{"footnotes":""},"categories":[1185,1184],"tags":[278],"class_list":["post-65440","post","type-post","status-publish","format-standard","has-post-thumbnail","hentry","category-grupo-parlamentario","category-noticias","tag-chano-franquis"],"featured_image_src":"https:\/\/psoecanarias.com\/web\/wp-content\/uploads\/2026\/04\/foto-chano.jpeg","author_info":{"display_name":"PSOE Canarias","author_link":"https:\/\/psoecanarias.com\/web\/author\/admin\/"},"yoast_head":"<!-- This site is optimized with the Yoast SEO plugin v27.2 - https:\/\/yoast.com\/product\/yoast-seo-wordpress\/ -->\n<title>Franquis: \u201cEn otras comunidades se act\u00faa, en Canarias solo se aparenta\u201d | PSOE Canarias<\/title>\n<meta name=\"robots\" content=\"index, follow, max-snippet:-1, max-image-preview:large, max-video-preview:-1\" \/>\n<link rel=\"canonical\" href=\"https:\/\/psoecanarias.com\/web\/franquis-en-otras-comunidades-se-actua-en-canarias-solo-se-aparenta\/\" \/>\n<meta property=\"og:locale\" content=\"es_ES\" \/>\n<meta property=\"og:type\" content=\"article\" \/>\n<meta property=\"og:title\" content=\"Franquis: \u201cEn otras comunidades se act\u00faa, en Canarias solo se aparenta\u201d | PSOE Canarias\" \/>\n<meta property=\"og:description\" content=\"El portavoz socialista denuncia en el Pleno de la C\u00e1mara regional el retraso y la escasa dotaci\u00f3n del Decreto Ley del Gobierno canario de medidas adoptadas como consecuencia de la crisis en Oriente Medio, que considera \u201cinsuficiente\u201d para proteger a las familias canarias\" \/>\n<meta property=\"og:url\" content=\"https:\/\/psoecanarias.com\/web\/franquis-en-otras-comunidades-se-actua-en-canarias-solo-se-aparenta\/\" \/>\n<meta property=\"og:site_name\" content=\"PSOE Canarias\" \/>\n<meta property=\"article:published_time\" content=\"2026-04-29T13:59:02+00:00\" \/>\n<meta property=\"og:image\" content=\"https:\/\/psoecanarias.com\/web\/wp-content\/uploads\/2026\/04\/foto-chano.jpeg\" \/>\n\t<meta property=\"og:image:width\" content=\"1600\" \/>\n\t<meta property=\"og:image:height\" content=\"1066\" \/>\n\t<meta property=\"og:image:type\" content=\"image\/jpeg\" \/>\n<meta name=\"author\" content=\"PSOE Canarias\" \/>\n<meta name=\"twitter:card\" content=\"summary_large_image\" \/>\n<script type=\"application\/ld+json\" class=\"yoast-schema-graph\">{\"@context\":\"https:\/\/schema.org\",\"@graph\":[{\"@type\":\"Article\",\"@id\":\"https:\/\/psoecanarias.com\/web\/franquis-en-otras-comunidades-se-actua-en-canarias-solo-se-aparenta\/#article\",\"isPartOf\":{\"@id\":\"https:\/\/psoecanarias.com\/web\/franquis-en-otras-comunidades-se-actua-en-canarias-solo-se-aparenta\/\"},\"author\":{\"name\":\"PSOE Canarias\",\"@id\":\"https:\/\/psoecanarias.com\/web\/#\/schema\/person\/1ae43f9659d2fc599ca69c11e1dbf26f\"},\"headline\":\"Franquis: \u201cEn otras comunidades se act\u00faa, en Canarias solo se aparenta\u201d\",\"datePublished\":\"2026-04-29T13:59:02+00:00\",\"mainEntityOfPage\":{\"@id\":\"https:\/\/psoecanarias.com\/web\/franquis-en-otras-comunidades-se-actua-en-canarias-solo-se-aparenta\/\"},\"wordCount\":797,\"commentCount\":0,\"image\":{\"@id\":\"https:\/\/psoecanarias.com\/web\/franquis-en-otras-comunidades-se-actua-en-canarias-solo-se-aparenta\/#primaryimage\"},\"thumbnailUrl\":\"https:\/\/psoecanarias.com\/web\/wp-content\/uploads\/2026\/04\/foto-chano.jpeg\",\"keywords\":[\"Chano Franquis\"],\"articleSection\":[\"Grupo Parlamentario\",\"Noticias\"],\"inLanguage\":\"es\",\"potentialAction\":[{\"@type\":\"CommentAction\",\"name\":\"Comment\",\"target\":[\"https:\/\/psoecanarias.com\/web\/franquis-en-otras-comunidades-se-actua-en-canarias-solo-se-aparenta\/#respond\"]}]},{\"@type\":\"WebPage\",\"@id\":\"https:\/\/psoecanarias.com\/web\/franquis-en-otras-comunidades-se-actua-en-canarias-solo-se-aparenta\/\",\"url\":\"https:\/\/psoecanarias.com\/web\/franquis-en-otras-comunidades-se-actua-en-canarias-solo-se-aparenta\/\",\"name\":\"Franquis: \u201cEn otras comunidades se act\u00faa, en Canarias solo se aparenta\u201d | PSOE Canarias\",\"isPartOf\":{\"@id\":\"https:\/\/psoecanarias.com\/web\/#website\"},\"primaryImageOfPage\":{\"@id\":\"https:\/\/psoecanarias.com\/web\/franquis-en-otras-comunidades-se-actua-en-canarias-solo-se-aparenta\/#primaryimage\"},\"image\":{\"@id\":\"https:\/\/psoecanarias.com\/web\/franquis-en-otras-comunidades-se-actua-en-canarias-solo-se-aparenta\/#primaryimage\"},\"thumbnailUrl\":\"https:\/\/psoecanarias.com\/web\/wp-content\/uploads\/2026\/04\/foto-chano.jpeg\",\"datePublished\":\"2026-04-29T13:59:02+00:00\",\"author\":{\"@id\":\"https:\/\/psoecanarias.com\/web\/#\/schema\/person\/1ae43f9659d2fc599ca69c11e1dbf26f\"},\"breadcrumb\":{\"@id\":\"https:\/\/psoecanarias.com\/web\/franquis-en-otras-comunidades-se-actua-en-canarias-solo-se-aparenta\/#breadcrumb\"},\"inLanguage\":\"es\",\"potentialAction\":[{\"@type\":\"ReadAction\",\"target\":[\"https:\/\/psoecanarias.com\/web\/franquis-en-otras-comunidades-se-actua-en-canarias-solo-se-aparenta\/\"]}]},{\"@type\":\"ImageObject\",\"inLanguage\":\"es\",\"@id\":\"https:\/\/psoecanarias.com\/web\/franquis-en-otras-comunidades-se-actua-en-canarias-solo-se-aparenta\/#primaryimage\",\"url\":\"https:\/\/psoecanarias.com\/web\/wp-content\/uploads\/2026\/04\/foto-chano.jpeg\",\"contentUrl\":\"https:\/\/psoecanarias.com\/web\/wp-content\/uploads\/2026\/04\/foto-chano.jpeg\",\"width\":1600,\"height\":1066,\"caption\":\"Sebasti\u00e1n Franquis, portavoz socialista.\"},{\"@type\":\"BreadcrumbList\",\"@id\":\"https:\/\/psoecanarias.com\/web\/franquis-en-otras-comunidades-se-actua-en-canarias-solo-se-aparenta\/#breadcrumb\",\"itemListElement\":[{\"@type\":\"ListItem\",\"position\":1,\"name\":\"Portada\",\"item\":\"https:\/\/psoecanarias.com\/web\/\"},{\"@type\":\"ListItem\",\"position\":2,\"name\":\"Franquis: \u201cEn otras comunidades se act\u00faa, en Canarias solo se aparenta\u201d\"}]},{\"@type\":\"WebSite\",\"@id\":\"https:\/\/psoecanarias.com\/web\/#website\",\"url\":\"https:\/\/psoecanarias.com\/web\/\",\"name\":\"PSOE Canarias\",\"description\":\"Partido Socialista Obrero Espa\u00f1ol Canarias\",\"potentialAction\":[{\"@type\":\"SearchAction\",\"target\":{\"@type\":\"EntryPoint\",\"urlTemplate\":\"https:\/\/psoecanarias.com\/web\/?s={search_term_string}\"},\"query-input\":{\"@type\":\"PropertyValueSpecification\",\"valueRequired\":true,\"valueName\":\"search_term_string\"}}],\"inLanguage\":\"es\"},{\"@type\":\"Person\",\"@id\":\"https:\/\/psoecanarias.com\/web\/#\/schema\/person\/1ae43f9659d2fc599ca69c11e1dbf26f\",\"name\":\"PSOE Canarias\",\"image\":{\"@type\":\"ImageObject\",\"inLanguage\":\"es\",\"@id\":\"https:\/\/secure.gravatar.com\/avatar\/4364d37f6f6f9cdb7af199b46151565f37d8a8c3c0e04c1d78c04e857a15e3a8?s=96&d=mm&r=g\",\"url\":\"https:\/\/secure.gravatar.com\/avatar\/4364d37f6f6f9cdb7af199b46151565f37d8a8c3c0e04c1d78c04e857a15e3a8?s=96&d=mm&r=g\",\"contentUrl\":\"https:\/\/secure.gravatar.com\/avatar\/4364d37f6f6f9cdb7af199b46151565f37d8a8c3c0e04c1d78c04e857a15e3a8?s=96&d=mm&r=g\",\"caption\":\"PSOE Canarias\"},\"url\":\"https:\/\/psoecanarias.com\/web\/author\/admin\/\"}]}<\/script>\n<!-- \/ Yoast SEO plugin. -->","yoast_head_json":{"title":"Franquis: \u201cEn otras comunidades se act\u00faa, en Canarias solo se aparenta\u201d | PSOE Canarias","robots":{"index":"index","follow":"follow","max-snippet":"max-snippet:-1","max-image-preview":"max-image-preview:large","max-video-preview":"max-video-preview:-1"},"canonical":"https:\/\/psoecanarias.com\/web\/franquis-en-otras-comunidades-se-actua-en-canarias-solo-se-aparenta\/","og_locale":"es_ES","og_type":"article","og_title":"Franquis: \u201cEn otras comunidades se act\u00faa, en Canarias solo se aparenta\u201d | PSOE Canarias","og_description":"El portavoz socialista denuncia en el Pleno de la C\u00e1mara regional el retraso y la escasa dotaci\u00f3n del Decreto Ley del Gobierno canario de medidas adoptadas como consecuencia de la crisis en Oriente Medio, que considera \u201cinsuficiente\u201d para proteger a las familias canarias","og_url":"https:\/\/psoecanarias.com\/web\/franquis-en-otras-comunidades-se-actua-en-canarias-solo-se-aparenta\/","og_site_name":"PSOE Canarias","article_published_time":"2026-04-29T13:59:02+00:00","og_image":[{"width":1600,"height":1066,"url":"https:\/\/psoecanarias.com\/web\/wp-content\/uploads\/2026\/04\/foto-chano.jpeg","type":"image\/jpeg"}],"author":"PSOE Canarias","twitter_card":"summary_large_image","schema":{"@context":"https:\/\/schema.org","@graph":[{"@type":"Article","@id":"https:\/\/psoecanarias.com\/web\/franquis-en-otras-comunidades-se-actua-en-canarias-solo-se-aparenta\/#article","isPartOf":{"@id":"https:\/\/psoecanarias.com\/web\/franquis-en-otras-comunidades-se-actua-en-canarias-solo-se-aparenta\/"},"author":{"name":"PSOE Canarias","@id":"https:\/\/psoecanarias.com\/web\/#\/schema\/person\/1ae43f9659d2fc599ca69c11e1dbf26f"},"headline":"Franquis: \u201cEn otras comunidades se act\u00faa, en Canarias solo se aparenta\u201d","datePublished":"2026-04-29T13:59:02+00:00","mainEntityOfPage":{"@id":"https:\/\/psoecanarias.com\/web\/franquis-en-otras-comunidades-se-actua-en-canarias-solo-se-aparenta\/"},"wordCount":797,"commentCount":0,"image":{"@id":"https:\/\/psoecanarias.com\/web\/franquis-en-otras-comunidades-se-actua-en-canarias-solo-se-aparenta\/#primaryimage"},"thumbnailUrl":"https:\/\/psoecanarias.com\/web\/wp-content\/uploads\/2026\/04\/foto-chano.jpeg","keywords":["Chano Franquis"],"articleSection":["Grupo Parlamentario","Noticias"],"inLanguage":"es","potentialAction":[{"@type":"CommentAction","name":"Comment","target":["https:\/\/psoecanarias.com\/web\/franquis-en-otras-comunidades-se-actua-en-canarias-solo-se-aparenta\/#respond"]}]},{"@type":"WebPage","@id":"https:\/\/psoecanarias.com\/web\/franquis-en-otras-comunidades-se-actua-en-canarias-solo-se-aparenta\/","url":"https:\/\/psoecanarias.com\/web\/franquis-en-otras-comunidades-se-actua-en-canarias-solo-se-aparenta\/","name":"Franquis: \u201cEn otras comunidades se act\u00faa, en Canarias solo se aparenta\u201d | PSOE Canarias","isPartOf":{"@id":"https:\/\/psoecanarias.com\/web\/#website"},"primaryImageOfPage":{"@id":"https:\/\/psoecanarias.com\/web\/franquis-en-otras-comunidades-se-actua-en-canarias-solo-se-aparenta\/#primaryimage"},"image":{"@id":"https:\/\/psoecanarias.com\/web\/franquis-en-otras-comunidades-se-actua-en-canarias-solo-se-aparenta\/#primaryimage"},"thumbnailUrl":"https:\/\/psoecanarias.com\/web\/wp-content\/uploads\/2026\/04\/foto-chano.jpeg","datePublished":"2026-04-29T13:59:02+00:00","author":{"@id":"https:\/\/psoecanarias.com\/web\/#\/schema\/person\/1ae43f9659d2fc599ca69c11e1dbf26f"},"breadcrumb":{"@id":"https:\/\/psoecanarias.com\/web\/franquis-en-otras-comunidades-se-actua-en-canarias-solo-se-aparenta\/#breadcrumb"},"inLanguage":"es","potentialAction":[{"@type":"ReadAction","target":["https:\/\/psoecanarias.com\/web\/franquis-en-otras-comunidades-se-actua-en-canarias-solo-se-aparenta\/"]}]},{"@type":"ImageObject","inLanguage":"es","@id":"https:\/\/psoecanarias.com\/web\/franquis-en-otras-comunidades-se-actua-en-canarias-solo-se-aparenta\/#primaryimage","url":"https:\/\/psoecanarias.com\/web\/wp-content\/uploads\/2026\/04\/foto-chano.jpeg","contentUrl":"https:\/\/psoecanarias.com\/web\/wp-content\/uploads\/2026\/04\/foto-chano.jpeg","width":1600,"height":1066,"caption":"Sebasti\u00e1n Franquis, portavoz socialista."},{"@type":"BreadcrumbList","@id":"https:\/\/psoecanarias.com\/web\/franquis-en-otras-comunidades-se-actua-en-canarias-solo-se-aparenta\/#breadcrumb","itemListElement":[{"@type":"ListItem","position":1,"name":"Portada","item":"https:\/\/psoecanarias.com\/web\/"},{"@type":"ListItem","position":2,"name":"Franquis: \u201cEn otras comunidades se act\u00faa, en Canarias solo se aparenta\u201d"}]},{"@type":"WebSite","@id":"https:\/\/psoecanarias.com\/web\/#website","url":"https:\/\/psoecanarias.com\/web\/","name":"PSOE Canarias","description":"Partido Socialista Obrero Espa\u00f1ol Canarias","potentialAction":[{"@type":"SearchAction","target":{"@type":"EntryPoint","urlTemplate":"https:\/\/psoecanarias.com\/web\/?s={search_term_string}"},"query-input":{"@type":"PropertyValueSpecification","valueRequired":true,"valueName":"search_term_string"}}],"inLanguage":"es"},{"@type":"Person","@id":"https:\/\/psoecanarias.com\/web\/#\/schema\/person\/1ae43f9659d2fc599ca69c11e1dbf26f","name":"PSOE Canarias","image":{"@type":"ImageObject","inLanguage":"es","@id":"https:\/\/secure.gravatar.com\/avatar\/4364d37f6f6f9cdb7af199b46151565f37d8a8c3c0e04c1d78c04e857a15e3a8?s=96&d=mm&r=g","url":"https:\/\/secure.gravatar.com\/avatar\/4364d37f6f6f9cdb7af199b46151565f37d8a8c3c0e04c1d78c04e857a15e3a8?s=96&d=mm&r=g","contentUrl":"https:\/\/secure.gravatar.com\/avatar\/4364d37f6f6f9cdb7af199b46151565f37d8a8c3c0e04c1d78c04e857a15e3a8?s=96&d=mm&r=g","caption":"PSOE Canarias"},"url":"https:\/\/psoecanarias.com\/web\/author\/admin\/"}]}},"_links":{"self":[{"href":"https:\/\/psoecanarias.com\/web\/wp-json\/wp\/v2\/posts\/65440","targetHints":{"allow":["GET"]}}],"collection":[{"href":"https:\/\/psoecanarias.com\/web\/wp-json\/wp\/v2\/posts"}],"about":[{"href":"https:\/\/psoecanarias.com\/web\/wp-json\/wp\/v2\/types\/post"}],"author":[{"embeddable":true,"href":"https:\/\/psoecanarias.com\/web\/wp-json\/wp\/v2\/users\/1"}],"replies":[{"embeddable":true,"href":"https:\/\/psoecanarias.com\/web\/wp-json\/wp\/v2\/comments?post=65440"}],"version-history":[{"count":1,"href":"https:\/\/psoecanarias.com\/web\/wp-json\/wp\/v2\/posts\/65440\/revisions"}],"predecessor-version":[{"id":65442,"href":"https:\/\/psoecanarias.com\/web\/wp-json\/wp\/v2\/posts\/65440\/revisions\/65442"}],"wp:featuredmedia":[{"embeddable":true,"href":"https:\/\/psoecanarias.com\/web\/wp-json\/wp\/v2\/media\/65441"}],"wp:attachment":[{"href":"https:\/\/psoecanarias.com\/web\/wp-json\/wp\/v2\/media?parent=65440"}],"wp:term":[{"taxonomy":"category","embeddable":true,"href":"https:\/\/psoecanarias.com\/web\/wp-json\/wp\/v2\/categories?post=65440"},{"taxonomy":"post_tag","embeddable":true,"href":"https:\/\/psoecanarias.com\/web\/wp-json\/wp\/v2\/tags?post=65440"}],"curies":[{"name":"wp","href":"https:\/\/api.w.org\/{rel}","templated":true}]}}