{"id":68073,"date":"2026-09-02T09:37:55","date_gmt":"2026-09-02T08:37:55","guid":{"rendered":"https:\/\/psoecanarias.com\/web\/?p=68073"},"modified":"2026-09-02T11:30:11","modified_gmt":"2026-09-02T10:30:11","slug":"el-psoe-lleva-al-senado-la-situacion-del-transporte-sanitario-en-canarias-y-pide-escuchar-a-sus-trabajadores","status":"publish","type":"post","link":"https:\/\/psoecanarias.com\/web\/el-psoe-lleva-al-senado-la-situacion-del-transporte-sanitario-en-canarias-y-pide-escuchar-a-sus-trabajadores\/","title":{"rendered":"El PSOE lleva al Senado la situaci\u00f3n del transporte sanitario en Canarias y pide escuchar a sus trabajadores"},"content":{"rendered":"<p><strong>Canarias, 2 de septiembre de 2026.&#8211;<\/strong> El PSOE Canarias llevar\u00e1 a las Cortes Generales la delicada situaci\u00f3n por la que atraviesa actualmente el servicio de transporte sanitario en Canarias.<\/p>\n<p>Con ese prop\u00f3sito, el Grupo Territorial Socialistas de Canarias en el Senado ha solicitado la comparecencia en la Comisi\u00f3n Mixta sobre Insularidad de los representantes sindicales Jonathan Gonz\u00e1lez Rodr\u00edguez, responsable provincial del transporte sanitario de USO Canarias, y Enrique \u00c1ngel Espi Eduardo, responsable del sector de transporte.<\/p>\n<p>La solicitud fue registrada el pasado d\u00eda 25 de agosto y cuenta con la firma de los ocho senadores del PSOE Canarias en esta XV legislatura: Kilian S\u00e1nchez San Juan por La Palma; Marta Arocha y Pedro Mart\u00edn por Tenerife; Manuel Fajardo por Lanzarote; Ram\u00f3n Morales y Marta Saavedra por Gran Canaria, Paloma Hern\u00e1ndez por Fuerteventura y Jos\u00e9 Antonio Valbuena por la comunidad aut\u00f3noma.<\/p>\n<p>La iniciativa se produce en un contexto de conflicto laboral de los trabajadores del transporte sanitario, relacionado con la negociaci\u00f3n de sus condiciones laborales y con dificultades que, seg\u00fan recoge la solicitud parlamentaria, afectan tanto a la estabilidad del empleo como a la adecuada prestaci\u00f3n del servicio.<\/p>\n<p>&#8220;Las condiciones de los profesionales y la calidad del servicio est\u00e1n directamente relacionadas. Por eso creemos necesario conocer de primera mano sus problemas y analizar tambi\u00e9n c\u00f3mo incide la insularidad en la organizaci\u00f3n, financiaci\u00f3n y funcionamiento del transporte sanitario&#8221;, se\u00f1ala el portavoz de Sanidad del Grupo Parlamentario Socialista en la C\u00e1mara Alta y senador por La Palma, Kilian S\u00e1nchez San Juan.<\/p>\n<p>Afirma que el transporte sanitario no es un servicio m\u00e1s: \u201cEs una pieza fundamental para garantizar que cualquier ciudadano pueda acceder a la asistencia sanitaria en condiciones de igualdad, seguridad y con las m\u00e1ximas garant\u00edas, viva en la isla que viva. Es una cuesti\u00f3n de vida\u201d.<\/p>\n<p>S\u00e1nchez San Juan destaca que la fragmentaci\u00f3n territorial, la doble insularidad, la dispersi\u00f3n de la poblaci\u00f3n y la necesidad de coordinar recursos entre diferentes islas introducen condicionantes espec\u00edficos en la organizaci\u00f3n y funcionamiento del servicio: \u201cCanarias tiene una realidad territorial que debe ser tenida en cuenta. Queremos escuchar a quienes conocen el servicio desde dentro y analizar qu\u00e9 medidas pueden contribuir a mejorarlo\u201d.<\/p>\n<p>La comparecencia pretende servir para evaluar estas singularidades y estudiar posibles medidas que permitan garantizar una atenci\u00f3n sanitaria de calidad en todas las islas.<\/p>\n","protected":false},"excerpt":{"rendered":"<p>Kilian S\u00e1nchez San Juan advierte de que la insularidad, la dispersi\u00f3n territorial y la doble insularidad condicionan un servicio &#8220;fundamental para garantizar la igualdad en el acceso a la sanidad&#8221;<\/p>\n","protected":false},"author":1,"featured_media":68074,"comment_status":"open","ping_status":"open","sticky":false,"template":"","format":"standard","meta":{"footnotes":""},"categories":[1197,1184],"tags":[1226],"class_list":["post-68073","post","type-post","status-publish","format-standard","has-post-thumbnail","hentry","category-cortes-generales","category-noticias","tag-kilian-sanchez"],"featured_image_src":"https:\/\/psoecanarias.com\/web\/wp-content\/uploads\/2026\/09\/Kilian-Sanchez-foto.jpg","author_info":{"display_name":"PSOE Canarias","author_link":"https:\/\/psoecanarias.com\/web\/author\/admin\/"},"yoast_head":"<!-- This site is optimized with the Yoast SEO plugin v27.8 - https:\/\/yoast.com\/product\/yoast-seo-wordpress\/ -->\n<title>El PSOE lleva al Senado la situaci\u00f3n del transporte sanitario en Canarias y pide escuchar a sus trabajadores | PSOE Canarias<\/title>\n<meta name=\"robots\" content=\"index, follow, max-snippet:-1, max-image-preview:large, max-video-preview:-1\" \/>\n<link rel=\"canonical\" href=\"https:\/\/psoecanarias.com\/web\/el-psoe-lleva-al-senado-la-situacion-del-transporte-sanitario-en-canarias-y-pide-escuchar-a-sus-trabajadores\/\" \/>\n<meta property=\"og:locale\" content=\"es_ES\" \/>\n<meta property=\"og:type\" content=\"article\" \/>\n<meta property=\"og:title\" content=\"El PSOE lleva al Senado la situaci\u00f3n del transporte sanitario en Canarias y pide escuchar a sus trabajadores | PSOE Canarias\" \/>\n<meta property=\"og:description\" content=\"Kilian S\u00e1nchez San Juan advierte de que la insularidad, la dispersi\u00f3n territorial y la doble insularidad condicionan un servicio &quot;fundamental para garantizar la igualdad en el acceso a la sanidad&quot;\" \/>\n<meta property=\"og:url\" content=\"https:\/\/psoecanarias.com\/web\/el-psoe-lleva-al-senado-la-situacion-del-transporte-sanitario-en-canarias-y-pide-escuchar-a-sus-trabajadores\/\" \/>\n<meta property=\"og:site_name\" content=\"PSOE Canarias\" \/>\n<meta property=\"article:published_time\" content=\"2026-09-02T08:37:55+00:00\" \/>\n<meta property=\"article:modified_time\" content=\"2026-09-02T10:30:11+00:00\" \/>\n<meta property=\"og:image\" content=\"https:\/\/psoecanarias.com\/web\/wp-content\/uploads\/2026\/09\/Kilian-Sanchez-foto.jpg\" \/>\n\t<meta property=\"og:image:width\" content=\"2048\" \/>\n\t<meta property=\"og:image:height\" content=\"1366\" \/>\n\t<meta property=\"og:image:type\" content=\"image\/jpeg\" \/>\n<meta name=\"author\" content=\"PSOE Canarias\" \/>\n<meta name=\"twitter:card\" content=\"summary_large_image\" \/>\n<script type=\"application\/ld+json\" class=\"yoast-schema-graph\">{\"@context\":\"https:\\\/\\\/schema.org\",\"@graph\":[{\"@type\":\"Article\",\"@id\":\"https:\\\/\\\/psoecanarias.com\\\/web\\\/el-psoe-lleva-al-senado-la-situacion-del-transporte-sanitario-en-canarias-y-pide-escuchar-a-sus-trabajadores\\\/#article\",\"isPartOf\":{\"@id\":\"https:\\\/\\\/psoecanarias.com\\\/web\\\/el-psoe-lleva-al-senado-la-situacion-del-transporte-sanitario-en-canarias-y-pide-escuchar-a-sus-trabajadores\\\/\"},\"author\":{\"name\":\"PSOE Canarias\",\"@id\":\"https:\\\/\\\/psoecanarias.com\\\/web\\\/#\\\/schema\\\/person\\\/1ae43f9659d2fc599ca69c11e1dbf26f\"},\"headline\":\"El PSOE lleva al Senado la situaci\u00f3n del transporte sanitario en Canarias y pide escuchar a sus trabajadores\",\"datePublished\":\"2026-09-02T08:37:55+00:00\",\"dateModified\":\"2026-09-02T10:30:11+00:00\",\"mainEntityOfPage\":{\"@id\":\"https:\\\/\\\/psoecanarias.com\\\/web\\\/el-psoe-lleva-al-senado-la-situacion-del-transporte-sanitario-en-canarias-y-pide-escuchar-a-sus-trabajadores\\\/\"},\"wordCount\":431,\"commentCount\":0,\"image\":{\"@id\":\"https:\\\/\\\/psoecanarias.com\\\/web\\\/el-psoe-lleva-al-senado-la-situacion-del-transporte-sanitario-en-canarias-y-pide-escuchar-a-sus-trabajadores\\\/#primaryimage\"},\"thumbnailUrl\":\"https:\\\/\\\/psoecanarias.com\\\/web\\\/wp-content\\\/uploads\\\/2026\\\/09\\\/Kilian-Sanchez-foto.jpg\",\"keywords\":[\"Kilian S\u00e1nchez\"],\"articleSection\":[\"Cortes Generales\",\"Noticias\"],\"inLanguage\":\"es\",\"potentialAction\":[{\"@type\":\"CommentAction\",\"name\":\"Comment\",\"target\":[\"https:\\\/\\\/psoecanarias.com\\\/web\\\/el-psoe-lleva-al-senado-la-situacion-del-transporte-sanitario-en-canarias-y-pide-escuchar-a-sus-trabajadores\\\/#respond\"]}]},{\"@type\":\"WebPage\",\"@id\":\"https:\\\/\\\/psoecanarias.com\\\/web\\\/el-psoe-lleva-al-senado-la-situacion-del-transporte-sanitario-en-canarias-y-pide-escuchar-a-sus-trabajadores\\\/\",\"url\":\"https:\\\/\\\/psoecanarias.com\\\/web\\\/el-psoe-lleva-al-senado-la-situacion-del-transporte-sanitario-en-canarias-y-pide-escuchar-a-sus-trabajadores\\\/\",\"name\":\"El PSOE lleva al Senado la situaci\u00f3n del transporte sanitario en Canarias y pide escuchar a sus trabajadores | PSOE Canarias\",\"isPartOf\":{\"@id\":\"https:\\\/\\\/psoecanarias.com\\\/web\\\/#website\"},\"primaryImageOfPage\":{\"@id\":\"https:\\\/\\\/psoecanarias.com\\\/web\\\/el-psoe-lleva-al-senado-la-situacion-del-transporte-sanitario-en-canarias-y-pide-escuchar-a-sus-trabajadores\\\/#primaryimage\"},\"image\":{\"@id\":\"https:\\\/\\\/psoecanarias.com\\\/web\\\/el-psoe-lleva-al-senado-la-situacion-del-transporte-sanitario-en-canarias-y-pide-escuchar-a-sus-trabajadores\\\/#primaryimage\"},\"thumbnailUrl\":\"https:\\\/\\\/psoecanarias.com\\\/web\\\/wp-content\\\/uploads\\\/2026\\\/09\\\/Kilian-Sanchez-foto.jpg\",\"datePublished\":\"2026-09-02T08:37:55+00:00\",\"dateModified\":\"2026-09-02T10:30:11+00:00\",\"author\":{\"@id\":\"https:\\\/\\\/psoecanarias.com\\\/web\\\/#\\\/schema\\\/person\\\/1ae43f9659d2fc599ca69c11e1dbf26f\"},\"breadcrumb\":{\"@id\":\"https:\\\/\\\/psoecanarias.com\\\/web\\\/el-psoe-lleva-al-senado-la-situacion-del-transporte-sanitario-en-canarias-y-pide-escuchar-a-sus-trabajadores\\\/#breadcrumb\"},\"inLanguage\":\"es\",\"potentialAction\":[{\"@type\":\"ReadAction\",\"target\":[\"https:\\\/\\\/psoecanarias.com\\\/web\\\/el-psoe-lleva-al-senado-la-situacion-del-transporte-sanitario-en-canarias-y-pide-escuchar-a-sus-trabajadores\\\/\"]}]},{\"@type\":\"ImageObject\",\"inLanguage\":\"es\",\"@id\":\"https:\\\/\\\/psoecanarias.com\\\/web\\\/el-psoe-lleva-al-senado-la-situacion-del-transporte-sanitario-en-canarias-y-pide-escuchar-a-sus-trabajadores\\\/#primaryimage\",\"url\":\"https:\\\/\\\/psoecanarias.com\\\/web\\\/wp-content\\\/uploads\\\/2026\\\/09\\\/Kilian-Sanchez-foto.jpg\",\"contentUrl\":\"https:\\\/\\\/psoecanarias.com\\\/web\\\/wp-content\\\/uploads\\\/2026\\\/09\\\/Kilian-Sanchez-foto.jpg\",\"width\":2048,\"height\":1366,\"caption\":\"El portavoz de Sanidad del Grupo Parlamentario Socialista en la C\u00e1mara Alta y senador por La Palma, Kilian S\u00e1nchez San Juan.\"},{\"@type\":\"BreadcrumbList\",\"@id\":\"https:\\\/\\\/psoecanarias.com\\\/web\\\/el-psoe-lleva-al-senado-la-situacion-del-transporte-sanitario-en-canarias-y-pide-escuchar-a-sus-trabajadores\\\/#breadcrumb\",\"itemListElement\":[{\"@type\":\"ListItem\",\"position\":1,\"name\":\"Portada\",\"item\":\"https:\\\/\\\/psoecanarias.com\\\/web\\\/\"},{\"@type\":\"ListItem\",\"position\":2,\"name\":\"El PSOE lleva al Senado la situaci\u00f3n del transporte sanitario en Canarias y pide escuchar a sus trabajadores\"}]},{\"@type\":\"WebSite\",\"@id\":\"https:\\\/\\\/psoecanarias.com\\\/web\\\/#website\",\"url\":\"https:\\\/\\\/psoecanarias.com\\\/web\\\/\",\"name\":\"PSOE Canarias\",\"description\":\"Partido Socialista Obrero Espa\u00f1ol Canarias\",\"potentialAction\":[{\"@type\":\"SearchAction\",\"target\":{\"@type\":\"EntryPoint\",\"urlTemplate\":\"https:\\\/\\\/psoecanarias.com\\\/web\\\/?s={search_term_string}\"},\"query-input\":{\"@type\":\"PropertyValueSpecification\",\"valueRequired\":true,\"valueName\":\"search_term_string\"}}],\"inLanguage\":\"es\"},{\"@type\":\"Person\",\"@id\":\"https:\\\/\\\/psoecanarias.com\\\/web\\\/#\\\/schema\\\/person\\\/1ae43f9659d2fc599ca69c11e1dbf26f\",\"name\":\"PSOE Canarias\",\"image\":{\"@type\":\"ImageObject\",\"inLanguage\":\"es\",\"@id\":\"https:\\\/\\\/secure.gravatar.com\\\/avatar\\\/4364d37f6f6f9cdb7af199b46151565f37d8a8c3c0e04c1d78c04e857a15e3a8?s=96&d=mm&r=g\",\"url\":\"https:\\\/\\\/secure.gravatar.com\\\/avatar\\\/4364d37f6f6f9cdb7af199b46151565f37d8a8c3c0e04c1d78c04e857a15e3a8?s=96&d=mm&r=g\",\"contentUrl\":\"https:\\\/\\\/secure.gravatar.com\\\/avatar\\\/4364d37f6f6f9cdb7af199b46151565f37d8a8c3c0e04c1d78c04e857a15e3a8?s=96&d=mm&r=g\",\"caption\":\"PSOE Canarias\"},\"url\":\"https:\\\/\\\/psoecanarias.com\\\/web\\\/author\\\/admin\\\/\"}]}<\/script>\n<!-- \/ Yoast SEO plugin. -->","yoast_head_json":{"title":"El PSOE lleva al Senado la situaci\u00f3n del transporte sanitario en Canarias y pide escuchar a sus trabajadores | PSOE Canarias","robots":{"index":"index","follow":"follow","max-snippet":"max-snippet:-1","max-image-preview":"max-image-preview:large","max-video-preview":"max-video-preview:-1"},"canonical":"https:\/\/psoecanarias.com\/web\/el-psoe-lleva-al-senado-la-situacion-del-transporte-sanitario-en-canarias-y-pide-escuchar-a-sus-trabajadores\/","og_locale":"es_ES","og_type":"article","og_title":"El PSOE lleva al Senado la situaci\u00f3n del transporte sanitario en Canarias y pide escuchar a sus trabajadores | PSOE Canarias","og_description":"Kilian S\u00e1nchez San Juan advierte de que la insularidad, la dispersi\u00f3n territorial y la doble insularidad condicionan un servicio \"fundamental para garantizar la igualdad en el acceso a la sanidad\"","og_url":"https:\/\/psoecanarias.com\/web\/el-psoe-lleva-al-senado-la-situacion-del-transporte-sanitario-en-canarias-y-pide-escuchar-a-sus-trabajadores\/","og_site_name":"PSOE Canarias","article_published_time":"2026-09-02T08:37:55+00:00","article_modified_time":"2026-09-02T10:30:11+00:00","og_image":[{"width":2048,"height":1366,"url":"https:\/\/psoecanarias.com\/web\/wp-content\/uploads\/2026\/09\/Kilian-Sanchez-foto.jpg","type":"image\/jpeg"}],"author":"PSOE Canarias","twitter_card":"summary_large_image","schema":{"@context":"https:\/\/schema.org","@graph":[{"@type":"Article","@id":"https:\/\/psoecanarias.com\/web\/el-psoe-lleva-al-senado-la-situacion-del-transporte-sanitario-en-canarias-y-pide-escuchar-a-sus-trabajadores\/#article","isPartOf":{"@id":"https:\/\/psoecanarias.com\/web\/el-psoe-lleva-al-senado-la-situacion-del-transporte-sanitario-en-canarias-y-pide-escuchar-a-sus-trabajadores\/"},"author":{"name":"PSOE Canarias","@id":"https:\/\/psoecanarias.com\/web\/#\/schema\/person\/1ae43f9659d2fc599ca69c11e1dbf26f"},"headline":"El PSOE lleva al Senado la situaci\u00f3n del transporte sanitario en Canarias y pide escuchar a sus trabajadores","datePublished":"2026-09-02T08:37:55+00:00","dateModified":"2026-09-02T10:30:11+00:00","mainEntityOfPage":{"@id":"https:\/\/psoecanarias.com\/web\/el-psoe-lleva-al-senado-la-situacion-del-transporte-sanitario-en-canarias-y-pide-escuchar-a-sus-trabajadores\/"},"wordCount":431,"commentCount":0,"image":{"@id":"https:\/\/psoecanarias.com\/web\/el-psoe-lleva-al-senado-la-situacion-del-transporte-sanitario-en-canarias-y-pide-escuchar-a-sus-trabajadores\/#primaryimage"},"thumbnailUrl":"https:\/\/psoecanarias.com\/web\/wp-content\/uploads\/2026\/09\/Kilian-Sanchez-foto.jpg","keywords":["Kilian S\u00e1nchez"],"articleSection":["Cortes Generales","Noticias"],"inLanguage":"es","potentialAction":[{"@type":"CommentAction","name":"Comment","target":["https:\/\/psoecanarias.com\/web\/el-psoe-lleva-al-senado-la-situacion-del-transporte-sanitario-en-canarias-y-pide-escuchar-a-sus-trabajadores\/#respond"]}]},{"@type":"WebPage","@id":"https:\/\/psoecanarias.com\/web\/el-psoe-lleva-al-senado-la-situacion-del-transporte-sanitario-en-canarias-y-pide-escuchar-a-sus-trabajadores\/","url":"https:\/\/psoecanarias.com\/web\/el-psoe-lleva-al-senado-la-situacion-del-transporte-sanitario-en-canarias-y-pide-escuchar-a-sus-trabajadores\/","name":"El PSOE lleva al Senado la situaci\u00f3n del transporte sanitario en Canarias y pide escuchar a sus trabajadores | PSOE Canarias","isPartOf":{"@id":"https:\/\/psoecanarias.com\/web\/#website"},"primaryImageOfPage":{"@id":"https:\/\/psoecanarias.com\/web\/el-psoe-lleva-al-senado-la-situacion-del-transporte-sanitario-en-canarias-y-pide-escuchar-a-sus-trabajadores\/#primaryimage"},"image":{"@id":"https:\/\/psoecanarias.com\/web\/el-psoe-lleva-al-senado-la-situacion-del-transporte-sanitario-en-canarias-y-pide-escuchar-a-sus-trabajadores\/#primaryimage"},"thumbnailUrl":"https:\/\/psoecanarias.com\/web\/wp-content\/uploads\/2026\/09\/Kilian-Sanchez-foto.jpg","datePublished":"2026-09-02T08:37:55+00:00","dateModified":"2026-09-02T10:30:11+00:00","author":{"@id":"https:\/\/psoecanarias.com\/web\/#\/schema\/person\/1ae43f9659d2fc599ca69c11e1dbf26f"},"breadcrumb":{"@id":"https:\/\/psoecanarias.com\/web\/el-psoe-lleva-al-senado-la-situacion-del-transporte-sanitario-en-canarias-y-pide-escuchar-a-sus-trabajadores\/#breadcrumb"},"inLanguage":"es","potentialAction":[{"@type":"ReadAction","target":["https:\/\/psoecanarias.com\/web\/el-psoe-lleva-al-senado-la-situacion-del-transporte-sanitario-en-canarias-y-pide-escuchar-a-sus-trabajadores\/"]}]},{"@type":"ImageObject","inLanguage":"es","@id":"https:\/\/psoecanarias.com\/web\/el-psoe-lleva-al-senado-la-situacion-del-transporte-sanitario-en-canarias-y-pide-escuchar-a-sus-trabajadores\/#primaryimage","url":"https:\/\/psoecanarias.com\/web\/wp-content\/uploads\/2026\/09\/Kilian-Sanchez-foto.jpg","contentUrl":"https:\/\/psoecanarias.com\/web\/wp-content\/uploads\/2026\/09\/Kilian-Sanchez-foto.jpg","width":2048,"height":1366,"caption":"El portavoz de Sanidad del Grupo Parlamentario Socialista en la C\u00e1mara Alta y senador por La Palma, Kilian S\u00e1nchez San Juan."},{"@type":"BreadcrumbList","@id":"https:\/\/psoecanarias.com\/web\/el-psoe-lleva-al-senado-la-situacion-del-transporte-sanitario-en-canarias-y-pide-escuchar-a-sus-trabajadores\/#breadcrumb","itemListElement":[{"@type":"ListItem","position":1,"name":"Portada","item":"https:\/\/psoecanarias.com\/web\/"},{"@type":"ListItem","position":2,"name":"El PSOE lleva al Senado la situaci\u00f3n del transporte sanitario en Canarias y pide escuchar a sus trabajadores"}]},{"@type":"WebSite","@id":"https:\/\/psoecanarias.com\/web\/#website","url":"https:\/\/psoecanarias.com\/web\/","name":"PSOE Canarias","description":"Partido Socialista Obrero Espa\u00f1ol Canarias","potentialAction":[{"@type":"SearchAction","target":{"@type":"EntryPoint","urlTemplate":"https:\/\/psoecanarias.com\/web\/?s={search_term_string}"},"query-input":{"@type":"PropertyValueSpecification","valueRequired":true,"valueName":"search_term_string"}}],"inLanguage":"es"},{"@type":"Person","@id":"https:\/\/psoecanarias.com\/web\/#\/schema\/person\/1ae43f9659d2fc599ca69c11e1dbf26f","name":"PSOE Canarias","image":{"@type":"ImageObject","inLanguage":"es","@id":"https:\/\/secure.gravatar.com\/avatar\/4364d37f6f6f9cdb7af199b46151565f37d8a8c3c0e04c1d78c04e857a15e3a8?s=96&d=mm&r=g","url":"https:\/\/secure.gravatar.com\/avatar\/4364d37f6f6f9cdb7af199b46151565f37d8a8c3c0e04c1d78c04e857a15e3a8?s=96&d=mm&r=g","contentUrl":"https:\/\/secure.gravatar.com\/avatar\/4364d37f6f6f9cdb7af199b46151565f37d8a8c3c0e04c1d78c04e857a15e3a8?s=96&d=mm&r=g","caption":"PSOE Canarias"},"url":"https:\/\/psoecanarias.com\/web\/author\/admin\/"}]}},"_links":{"self":[{"href":"https:\/\/psoecanarias.com\/web\/wp-json\/wp\/v2\/posts\/68073","targetHints":{"allow":["GET"]}}],"collection":[{"href":"https:\/\/psoecanarias.com\/web\/wp-json\/wp\/v2\/posts"}],"about":[{"href":"https:\/\/psoecanarias.com\/web\/wp-json\/wp\/v2\/types\/post"}],"author":[{"embeddable":true,"href":"https:\/\/psoecanarias.com\/web\/wp-json\/wp\/v2\/users\/1"}],"replies":[{"embeddable":true,"href":"https:\/\/psoecanarias.com\/web\/wp-json\/wp\/v2\/comments?post=68073"}],"version-history":[{"count":2,"href":"https:\/\/psoecanarias.com\/web\/wp-json\/wp\/v2\/posts\/68073\/revisions"}],"predecessor-version":[{"id":68080,"href":"https:\/\/psoecanarias.com\/web\/wp-json\/wp\/v2\/posts\/68073\/revisions\/68080"}],"wp:featuredmedia":[{"embeddable":true,"href":"https:\/\/psoecanarias.com\/web\/wp-json\/wp\/v2\/media\/68074"}],"wp:attachment":[{"href":"https:\/\/psoecanarias.com\/web\/wp-json\/wp\/v2\/media?parent=68073"}],"wp:term":[{"taxonomy":"category","embeddable":true,"href":"https:\/\/psoecanarias.com\/web\/wp-json\/wp\/v2\/categories?post=68073"},{"taxonomy":"post_tag","embeddable":true,"href":"https:\/\/psoecanarias.com\/web\/wp-json\/wp\/v2\/tags?post=68073"}],"curies":[{"name":"wp","href":"https:\/\/api.w.org\/{rel}","templated":true}]}}