{"id":68232,"date":"2026-09-04T12:49:48","date_gmt":"2026-09-04T11:49:48","guid":{"rendered":"https:\/\/psoecanarias.com\/web\/?p=68232"},"modified":"2026-09-04T12:50:44","modified_gmt":"2026-09-04T11:50:44","slug":"el-psoe-rechaza-que-canarias-se-autoexcluya-del-abono-unico-estatal","status":"publish","type":"post","link":"https:\/\/psoecanarias.com\/web\/el-psoe-rechaza-que-canarias-se-autoexcluya-del-abono-unico-estatal\/","title":{"rendered":"El PSOE rechaza que Canarias se autoexcluya del Abono \u00danico estatal"},"content":{"rendered":"<p><strong>Canarias, 4 de septiembre de 2026.&#8211;<\/strong> Ram\u00f3n Morales, senador por Gran Canaria y portavoz socialista de Transportes y Movilidad en la C\u00e1mara Alta, ha calificado de \u201cprecipitadas\u201d las cr\u00edticas efectuadas por el Gobierno de Canarias al Programa de fomento del transporte p\u00fablico a trav\u00e9s de un sistema de Abono \u00danico, del Ministerio de Transportes y Movilidad Sostenible. Morales ha dejado claro que el programa s\u00ed \u201cpermite dar cabida a la singularidad canaria\u201d.<\/p>\n<p>El senador socialista ha destacado que la orden que regula el programa fue sometida a un proceso de informaci\u00f3n p\u00fablica sin que se presentara ninguna alegaci\u00f3n desde Canarias. \u201cEl Gobierno auton\u00f3mico tuvo la oportunidad de plantear sus dudas, objeciones o propuestas antes de la aprobaci\u00f3n del programa, pero no lo hizo. Por eso resulta precipitado hablar ahora de exclusi\u00f3n\u201d, ha afirmado.<\/p>\n<p>Morales ha explicado que el Abono \u00danico pretende fomentar el uso del transporte p\u00fablico y permite incorporar progresivamente servicios urbanos, metropolitanos e interurbanos que son competencia de las comunidades aut\u00f3nomas y las entidades locales.<\/p>\n<p>En Canarias, estas competencias corresponden al Gobierno auton\u00f3mico, los cabildos y los ayuntamientos. Por ello, \u201cla f\u00f3rmula concreta de adhesi\u00f3n deber\u00e1 acordarse entre las administraciones implicadas, respetando la distribuci\u00f3n competencial y las caracter\u00edsticas del sistema de transporte de las islas\u201d.<\/p>\n<p>El portavoz socialista ha insistido en que las dudas deben resolverse mediante el di\u00e1logo y el trabajo t\u00e9cnico, puesto que los modelos de transporte son diferentes en cada territorio. La incorporaci\u00f3n tendr\u00e1 que formalizarse mediante el convenio o instrumento jur\u00eddico correspondiente, en el que se determinen las funciones y obligaciones de cada Administraci\u00f3n.<\/p>\n<p>Morales ha apuntado que el T\u00edtulo \u00danico Canario que desarrollan las instituciones del Archipi\u00e9lago podr\u00eda facilitar la incorporaci\u00f3n al programa estatal, aunque ha precisado que se trata de iniciativas distintas. \u201cEl Abono \u00danico tiene sus propias condiciones, pero su configuraci\u00f3n permite atender las particularidades de Canarias\u201d, ha se\u00f1alado.<\/p>\n<p>Por todo ello, ha pedido al Ejecutivo auton\u00f3mico que participe en la definici\u00f3n del modelo y evite conclusiones anticipadas. \u201cSi durante el proceso de informaci\u00f3n p\u00fablica no se present\u00f3 ninguna alegaci\u00f3n desde Canarias, lo razonable ahora es estudiar las posibilidades del programa y trabajar para que tambi\u00e9n beneficie a quienes utilizan diariamente el transporte p\u00fablico en las islas\u201d, ha concluido.<\/p>\n","protected":false},"excerpt":{"rendered":"<p>El senador Ram\u00f3n Morales considera \u201cprecipitadas\u201d las cr\u00edticas del Gobierno auton\u00f3mico y reclama di\u00e1logo para acordar la incorporaci\u00f3n al programa de &#8220;la singularidad de las islas&#8221;<\/p>\n","protected":false},"author":1,"featured_media":68233,"comment_status":"open","ping_status":"open","sticky":false,"template":"","format":"standard","meta":{"footnotes":""},"categories":[1197,1184,7],"tags":[1192],"class_list":["post-68232","post","type-post","status-publish","format-standard","has-post-thumbnail","hentry","category-cortes-generales","category-noticias","category-politica","tag-ramon-morales"],"featured_image_src":"https:\/\/psoecanarias.com\/web\/wp-content\/uploads\/2026\/09\/ramon-morales-foto.png","author_info":{"display_name":"PSOE Canarias","author_link":"https:\/\/psoecanarias.com\/web\/author\/admin\/"},"yoast_head":"<!-- This site is optimized with the Yoast SEO plugin v28.4 - https:\/\/yoast.com\/product\/yoast-seo-wordpress\/ -->\n<title>El PSOE rechaza que Canarias se autoexcluya del Abono \u00danico estatal | PSOE Canarias<\/title>\n<meta name=\"robots\" content=\"index, follow, max-snippet:-1, max-image-preview:large, max-video-preview:-1\" \/>\n<link rel=\"canonical\" href=\"https:\/\/psoecanarias.com\/web\/el-psoe-rechaza-que-canarias-se-autoexcluya-del-abono-unico-estatal\/\" \/>\n<meta property=\"og:locale\" content=\"es_ES\" \/>\n<meta property=\"og:type\" content=\"article\" \/>\n<meta property=\"og:title\" content=\"El PSOE rechaza que Canarias se autoexcluya del Abono \u00danico estatal | PSOE Canarias\" \/>\n<meta property=\"og:description\" content=\"El senador Ram\u00f3n Morales considera \u201cprecipitadas\u201d las cr\u00edticas del Gobierno auton\u00f3mico y reclama di\u00e1logo para acordar la incorporaci\u00f3n al programa de &quot;la singularidad de las islas&quot;\" \/>\n<meta property=\"og:url\" content=\"https:\/\/psoecanarias.com\/web\/el-psoe-rechaza-que-canarias-se-autoexcluya-del-abono-unico-estatal\/\" \/>\n<meta property=\"og:site_name\" content=\"PSOE Canarias\" \/>\n<meta property=\"article:published_time\" content=\"2026-09-04T11:49:48+00:00\" \/>\n<meta property=\"article:modified_time\" content=\"2026-09-04T11:50:44+00:00\" \/>\n<meta property=\"og:image\" content=\"https:\/\/psoecanarias.com\/web\/wp-content\/uploads\/2026\/09\/ramon-morales-foto.png\" \/>\n\t<meta property=\"og:image:width\" content=\"1673\" \/>\n\t<meta property=\"og:image:height\" content=\"940\" \/>\n\t<meta property=\"og:image:type\" content=\"image\/png\" \/>\n<meta name=\"author\" content=\"PSOE Canarias\" \/>\n<meta name=\"twitter:card\" content=\"summary_large_image\" \/>\n<script type=\"application\/ld+json\" class=\"yoast-schema-graph\">{\"@context\":\"https:\\\/\\\/schema.org\",\"@graph\":[{\"@type\":\"Article\",\"@id\":\"https:\\\/\\\/psoecanarias.com\\\/web\\\/el-psoe-rechaza-que-canarias-se-autoexcluya-del-abono-unico-estatal\\\/#article\",\"isPartOf\":{\"@id\":\"https:\\\/\\\/psoecanarias.com\\\/web\\\/el-psoe-rechaza-que-canarias-se-autoexcluya-del-abono-unico-estatal\\\/\"},\"author\":{\"name\":\"PSOE Canarias\",\"@id\":\"https:\\\/\\\/psoecanarias.com\\\/web\\\/#\\\/schema\\\/person\\\/1ae43f9659d2fc599ca69c11e1dbf26f\"},\"headline\":\"El PSOE rechaza que Canarias se autoexcluya del Abono \u00danico estatal\",\"datePublished\":\"2026-09-04T11:49:48+00:00\",\"dateModified\":\"2026-09-04T11:50:44+00:00\",\"mainEntityOfPage\":{\"@id\":\"https:\\\/\\\/psoecanarias.com\\\/web\\\/el-psoe-rechaza-que-canarias-se-autoexcluya-del-abono-unico-estatal\\\/\"},\"wordCount\":414,\"commentCount\":0,\"image\":{\"@id\":\"https:\\\/\\\/psoecanarias.com\\\/web\\\/el-psoe-rechaza-que-canarias-se-autoexcluya-del-abono-unico-estatal\\\/#primaryimage\"},\"thumbnailUrl\":\"https:\\\/\\\/psoecanarias.com\\\/web\\\/wp-content\\\/uploads\\\/2026\\\/09\\\/ramon-morales-foto.png\",\"keywords\":[\"Ram\u00f3n Morales\"],\"articleSection\":[\"Cortes Generales\",\"Noticias\",\"Pol\u00edtica\"],\"inLanguage\":\"es\",\"potentialAction\":[{\"@type\":\"CommentAction\",\"name\":\"Comment\",\"target\":[\"https:\\\/\\\/psoecanarias.com\\\/web\\\/el-psoe-rechaza-que-canarias-se-autoexcluya-del-abono-unico-estatal\\\/#respond\"]}]},{\"@type\":\"WebPage\",\"@id\":\"https:\\\/\\\/psoecanarias.com\\\/web\\\/el-psoe-rechaza-que-canarias-se-autoexcluya-del-abono-unico-estatal\\\/\",\"url\":\"https:\\\/\\\/psoecanarias.com\\\/web\\\/el-psoe-rechaza-que-canarias-se-autoexcluya-del-abono-unico-estatal\\\/\",\"name\":\"El PSOE rechaza que Canarias se autoexcluya del Abono \u00danico estatal | PSOE Canarias\",\"isPartOf\":{\"@id\":\"https:\\\/\\\/psoecanarias.com\\\/web\\\/#website\"},\"primaryImageOfPage\":{\"@id\":\"https:\\\/\\\/psoecanarias.com\\\/web\\\/el-psoe-rechaza-que-canarias-se-autoexcluya-del-abono-unico-estatal\\\/#primaryimage\"},\"image\":{\"@id\":\"https:\\\/\\\/psoecanarias.com\\\/web\\\/el-psoe-rechaza-que-canarias-se-autoexcluya-del-abono-unico-estatal\\\/#primaryimage\"},\"thumbnailUrl\":\"https:\\\/\\\/psoecanarias.com\\\/web\\\/wp-content\\\/uploads\\\/2026\\\/09\\\/ramon-morales-foto.png\",\"datePublished\":\"2026-09-04T11:49:48+00:00\",\"dateModified\":\"2026-09-04T11:50:44+00:00\",\"author\":{\"@id\":\"https:\\\/\\\/psoecanarias.com\\\/web\\\/#\\\/schema\\\/person\\\/1ae43f9659d2fc599ca69c11e1dbf26f\"},\"breadcrumb\":{\"@id\":\"https:\\\/\\\/psoecanarias.com\\\/web\\\/el-psoe-rechaza-que-canarias-se-autoexcluya-del-abono-unico-estatal\\\/#breadcrumb\"},\"inLanguage\":\"es\",\"potentialAction\":[{\"@type\":\"ReadAction\",\"target\":[\"https:\\\/\\\/psoecanarias.com\\\/web\\\/el-psoe-rechaza-que-canarias-se-autoexcluya-del-abono-unico-estatal\\\/\"]}]},{\"@type\":\"ImageObject\",\"inLanguage\":\"es\",\"@id\":\"https:\\\/\\\/psoecanarias.com\\\/web\\\/el-psoe-rechaza-que-canarias-se-autoexcluya-del-abono-unico-estatal\\\/#primaryimage\",\"url\":\"https:\\\/\\\/psoecanarias.com\\\/web\\\/wp-content\\\/uploads\\\/2026\\\/09\\\/ramon-morales-foto.png\",\"contentUrl\":\"https:\\\/\\\/psoecanarias.com\\\/web\\\/wp-content\\\/uploads\\\/2026\\\/09\\\/ramon-morales-foto.png\",\"width\":1673,\"height\":940,\"caption\":\"Ram\u00f3n Morales, senador socialista por Gran Canaria.\"},{\"@type\":\"BreadcrumbList\",\"@id\":\"https:\\\/\\\/psoecanarias.com\\\/web\\\/el-psoe-rechaza-que-canarias-se-autoexcluya-del-abono-unico-estatal\\\/#breadcrumb\",\"itemListElement\":[{\"@type\":\"ListItem\",\"position\":1,\"name\":\"Portada\",\"item\":\"https:\\\/\\\/psoecanarias.com\\\/web\\\/\"},{\"@type\":\"ListItem\",\"position\":2,\"name\":\"El PSOE rechaza que Canarias se autoexcluya del Abono \u00danico estatal\"}]},{\"@type\":\"WebSite\",\"@id\":\"https:\\\/\\\/psoecanarias.com\\\/web\\\/#website\",\"url\":\"https:\\\/\\\/psoecanarias.com\\\/web\\\/\",\"name\":\"PSOE Canarias\",\"description\":\"Partido Socialista Obrero Espa\u00f1ol Canarias\",\"potentialAction\":[{\"@type\":\"SearchAction\",\"target\":{\"@type\":\"EntryPoint\",\"urlTemplate\":\"https:\\\/\\\/psoecanarias.com\\\/web\\\/?s={search_term_string}\"},\"query-input\":{\"@type\":\"PropertyValueSpecification\",\"valueRequired\":true,\"valueName\":\"search_term_string\"}}],\"inLanguage\":\"es\"},{\"@type\":\"Person\",\"@id\":\"https:\\\/\\\/psoecanarias.com\\\/web\\\/#\\\/schema\\\/person\\\/1ae43f9659d2fc599ca69c11e1dbf26f\",\"name\":\"PSOE Canarias\",\"image\":{\"@type\":\"ImageObject\",\"inLanguage\":\"es\",\"@id\":\"https:\\\/\\\/secure.gravatar.com\\\/avatar\\\/4364d37f6f6f9cdb7af199b46151565f37d8a8c3c0e04c1d78c04e857a15e3a8?s=96&d=mm&r=g\",\"url\":\"https:\\\/\\\/secure.gravatar.com\\\/avatar\\\/4364d37f6f6f9cdb7af199b46151565f37d8a8c3c0e04c1d78c04e857a15e3a8?s=96&d=mm&r=g\",\"contentUrl\":\"https:\\\/\\\/secure.gravatar.com\\\/avatar\\\/4364d37f6f6f9cdb7af199b46151565f37d8a8c3c0e04c1d78c04e857a15e3a8?s=96&d=mm&r=g\",\"caption\":\"PSOE Canarias\"},\"url\":\"https:\\\/\\\/psoecanarias.com\\\/web\\\/author\\\/admin\\\/\"}]}<\/script>\n<!-- \/ Yoast SEO plugin. -->","yoast_head_json":{"title":"El PSOE rechaza que Canarias se autoexcluya del Abono \u00danico estatal | PSOE Canarias","robots":{"index":"index","follow":"follow","max-snippet":"max-snippet:-1","max-image-preview":"max-image-preview:large","max-video-preview":"max-video-preview:-1"},"canonical":"https:\/\/psoecanarias.com\/web\/el-psoe-rechaza-que-canarias-se-autoexcluya-del-abono-unico-estatal\/","og_locale":"es_ES","og_type":"article","og_title":"El PSOE rechaza que Canarias se autoexcluya del Abono \u00danico estatal | PSOE Canarias","og_description":"El senador Ram\u00f3n Morales considera \u201cprecipitadas\u201d las cr\u00edticas del Gobierno auton\u00f3mico y reclama di\u00e1logo para acordar la incorporaci\u00f3n al programa de \"la singularidad de las islas\"","og_url":"https:\/\/psoecanarias.com\/web\/el-psoe-rechaza-que-canarias-se-autoexcluya-del-abono-unico-estatal\/","og_site_name":"PSOE Canarias","article_published_time":"2026-09-04T11:49:48+00:00","article_modified_time":"2026-09-04T11:50:44+00:00","og_image":[{"width":1673,"height":940,"url":"https:\/\/psoecanarias.com\/web\/wp-content\/uploads\/2026\/09\/ramon-morales-foto.png","type":"image\/png"}],"author":"PSOE Canarias","twitter_card":"summary_large_image","schema":{"@context":"https:\/\/schema.org","@graph":[{"@type":"Article","@id":"https:\/\/psoecanarias.com\/web\/el-psoe-rechaza-que-canarias-se-autoexcluya-del-abono-unico-estatal\/#article","isPartOf":{"@id":"https:\/\/psoecanarias.com\/web\/el-psoe-rechaza-que-canarias-se-autoexcluya-del-abono-unico-estatal\/"},"author":{"name":"PSOE Canarias","@id":"https:\/\/psoecanarias.com\/web\/#\/schema\/person\/1ae43f9659d2fc599ca69c11e1dbf26f"},"headline":"El PSOE rechaza que Canarias se autoexcluya del Abono \u00danico estatal","datePublished":"2026-09-04T11:49:48+00:00","dateModified":"2026-09-04T11:50:44+00:00","mainEntityOfPage":{"@id":"https:\/\/psoecanarias.com\/web\/el-psoe-rechaza-que-canarias-se-autoexcluya-del-abono-unico-estatal\/"},"wordCount":414,"commentCount":0,"image":{"@id":"https:\/\/psoecanarias.com\/web\/el-psoe-rechaza-que-canarias-se-autoexcluya-del-abono-unico-estatal\/#primaryimage"},"thumbnailUrl":"https:\/\/psoecanarias.com\/web\/wp-content\/uploads\/2026\/09\/ramon-morales-foto.png","keywords":["Ram\u00f3n Morales"],"articleSection":["Cortes Generales","Noticias","Pol\u00edtica"],"inLanguage":"es","potentialAction":[{"@type":"CommentAction","name":"Comment","target":["https:\/\/psoecanarias.com\/web\/el-psoe-rechaza-que-canarias-se-autoexcluya-del-abono-unico-estatal\/#respond"]}]},{"@type":"WebPage","@id":"https:\/\/psoecanarias.com\/web\/el-psoe-rechaza-que-canarias-se-autoexcluya-del-abono-unico-estatal\/","url":"https:\/\/psoecanarias.com\/web\/el-psoe-rechaza-que-canarias-se-autoexcluya-del-abono-unico-estatal\/","name":"El PSOE rechaza que Canarias se autoexcluya del Abono \u00danico estatal | PSOE Canarias","isPartOf":{"@id":"https:\/\/psoecanarias.com\/web\/#website"},"primaryImageOfPage":{"@id":"https:\/\/psoecanarias.com\/web\/el-psoe-rechaza-que-canarias-se-autoexcluya-del-abono-unico-estatal\/#primaryimage"},"image":{"@id":"https:\/\/psoecanarias.com\/web\/el-psoe-rechaza-que-canarias-se-autoexcluya-del-abono-unico-estatal\/#primaryimage"},"thumbnailUrl":"https:\/\/psoecanarias.com\/web\/wp-content\/uploads\/2026\/09\/ramon-morales-foto.png","datePublished":"2026-09-04T11:49:48+00:00","dateModified":"2026-09-04T11:50:44+00:00","author":{"@id":"https:\/\/psoecanarias.com\/web\/#\/schema\/person\/1ae43f9659d2fc599ca69c11e1dbf26f"},"breadcrumb":{"@id":"https:\/\/psoecanarias.com\/web\/el-psoe-rechaza-que-canarias-se-autoexcluya-del-abono-unico-estatal\/#breadcrumb"},"inLanguage":"es","potentialAction":[{"@type":"ReadAction","target":["https:\/\/psoecanarias.com\/web\/el-psoe-rechaza-que-canarias-se-autoexcluya-del-abono-unico-estatal\/"]}]},{"@type":"ImageObject","inLanguage":"es","@id":"https:\/\/psoecanarias.com\/web\/el-psoe-rechaza-que-canarias-se-autoexcluya-del-abono-unico-estatal\/#primaryimage","url":"https:\/\/psoecanarias.com\/web\/wp-content\/uploads\/2026\/09\/ramon-morales-foto.png","contentUrl":"https:\/\/psoecanarias.com\/web\/wp-content\/uploads\/2026\/09\/ramon-morales-foto.png","width":1673,"height":940,"caption":"Ram\u00f3n Morales, senador socialista por Gran Canaria."},{"@type":"BreadcrumbList","@id":"https:\/\/psoecanarias.com\/web\/el-psoe-rechaza-que-canarias-se-autoexcluya-del-abono-unico-estatal\/#breadcrumb","itemListElement":[{"@type":"ListItem","position":1,"name":"Portada","item":"https:\/\/psoecanarias.com\/web\/"},{"@type":"ListItem","position":2,"name":"El PSOE rechaza que Canarias se autoexcluya del Abono \u00danico estatal"}]},{"@type":"WebSite","@id":"https:\/\/psoecanarias.com\/web\/#website","url":"https:\/\/psoecanarias.com\/web\/","name":"PSOE Canarias","description":"Partido Socialista Obrero Espa\u00f1ol Canarias","potentialAction":[{"@type":"SearchAction","target":{"@type":"EntryPoint","urlTemplate":"https:\/\/psoecanarias.com\/web\/?s={search_term_string}"},"query-input":{"@type":"PropertyValueSpecification","valueRequired":true,"valueName":"search_term_string"}}],"inLanguage":"es"},{"@type":"Person","@id":"https:\/\/psoecanarias.com\/web\/#\/schema\/person\/1ae43f9659d2fc599ca69c11e1dbf26f","name":"PSOE Canarias","image":{"@type":"ImageObject","inLanguage":"es","@id":"https:\/\/secure.gravatar.com\/avatar\/4364d37f6f6f9cdb7af199b46151565f37d8a8c3c0e04c1d78c04e857a15e3a8?s=96&d=mm&r=g","url":"https:\/\/secure.gravatar.com\/avatar\/4364d37f6f6f9cdb7af199b46151565f37d8a8c3c0e04c1d78c04e857a15e3a8?s=96&d=mm&r=g","contentUrl":"https:\/\/secure.gravatar.com\/avatar\/4364d37f6f6f9cdb7af199b46151565f37d8a8c3c0e04c1d78c04e857a15e3a8?s=96&d=mm&r=g","caption":"PSOE Canarias"},"url":"https:\/\/psoecanarias.com\/web\/author\/admin\/"}]}},"_links":{"self":[{"href":"https:\/\/psoecanarias.com\/web\/wp-json\/wp\/v2\/posts\/68232","targetHints":{"allow":["GET"]}}],"collection":[{"href":"https:\/\/psoecanarias.com\/web\/wp-json\/wp\/v2\/posts"}],"about":[{"href":"https:\/\/psoecanarias.com\/web\/wp-json\/wp\/v2\/types\/post"}],"author":[{"embeddable":true,"href":"https:\/\/psoecanarias.com\/web\/wp-json\/wp\/v2\/users\/1"}],"replies":[{"embeddable":true,"href":"https:\/\/psoecanarias.com\/web\/wp-json\/wp\/v2\/comments?post=68232"}],"version-history":[{"count":2,"href":"https:\/\/psoecanarias.com\/web\/wp-json\/wp\/v2\/posts\/68232\/revisions"}],"predecessor-version":[{"id":68235,"href":"https:\/\/psoecanarias.com\/web\/wp-json\/wp\/v2\/posts\/68232\/revisions\/68235"}],"wp:featuredmedia":[{"embeddable":true,"href":"https:\/\/psoecanarias.com\/web\/wp-json\/wp\/v2\/media\/68233"}],"wp:attachment":[{"href":"https:\/\/psoecanarias.com\/web\/wp-json\/wp\/v2\/media?parent=68232"}],"wp:term":[{"taxonomy":"category","embeddable":true,"href":"https:\/\/psoecanarias.com\/web\/wp-json\/wp\/v2\/categories?post=68232"},{"taxonomy":"post_tag","embeddable":true,"href":"https:\/\/psoecanarias.com\/web\/wp-json\/wp\/v2\/tags?post=68232"}],"curies":[{"name":"wp","href":"https:\/\/api.w.org\/{rel}","templated":true}]}}