{"id":7147,"date":"2019-12-02T14:47:24","date_gmt":"2019-12-02T14:47:24","guid":{"rendered":"http:\/\/psoecanarias.com\/web\/?p=7147"},"modified":"2019-12-02T14:50:34","modified_gmt":"2019-12-02T14:50:34","slug":"hasta-13-cargos-electos-socialistas-representaran-a-canarias-en-el-congreso-y-el-senado-durante-la-xiv-legislatura","status":"publish","type":"post","link":"https:\/\/psoecanarias.com\/web\/hasta-13-cargos-electos-socialistas-representaran-a-canarias-en-el-congreso-y-el-senado-durante-la-xiv-legislatura\/","title":{"rendered":"Hasta 13 cargos electos socialistas representar\u00e1n a Canarias en el Congreso y el Senado durante la XIV Legislatura"},"content":{"rendered":"<p>Un total de 13 representantes socialistas de Canarias en las Cortes acatan la Constituci\u00f3n y participan en las sesiones constitutivas del Congreso y Senado que tiene lugar este martes, 3 de diciembre, en Madrid a partir de las 9.00 horas (una hora m\u00e1s en la Pen\u00ednsula), con la participaci\u00f3n de todos los representantes electos surgidos de las Elecciones Generales del pasado 10 de noviembre.<\/p>\n<p>Se trata de los diputados H\u00e9ctor G\u00f3mez y Tamara Raya por la provincia de Santa Cruz de Tenerife y Elena M\u00e1\u00f1ez, Luc Andr\u00e9 Diouf y Ariagona Gonzalez por la provincia de Las Palmas, adem\u00e1s de los senadores Manuel Fajardo (Lanzarote), Esther Carmona (El Hierro), Paloma Hern\u00e1ndez (Fuerteventura), Ram\u00f3n Morales y Nina Santana (Gran Canaria), Olivia Delgado y Anatael Meneses (Tenerife), as\u00ed como Pedro Ramos por designaci\u00f3n auton\u00f3mica.<\/p>\n<p>Esto supone cinco diputados y diputadas de Canarias al Congreso en representaci\u00f3n del PSOE y ocho senadores y senadoras a la C\u00e1mara Alta, lo que permitir\u00e1 volver a formar Grupo Territorial propio en el Senado.<\/p>\n<p>En la C\u00e1mara Baja, la sesi\u00f3n constitutiva ser\u00e1 presidida por una Mesa de Edad formada por el diputado de mayor edad como presidente y los dos diputados m\u00e1s j\u00f3venes como secretarios. Los parlamentarios elegidos de las elecciones del 10N ser\u00e1n llamados uno a uno para acatar la Constituci\u00f3n. Luego tendr\u00e1 lugar la elecci\u00f3n de la Mesa del Congreso mediante votaci\u00f3n secreta, integrada por la presidencia, cuatro vicepresidencias y cuatro secretar\u00edas.<\/p>\n<p>Esta nueva presidencia, en la que la propuesta socialista es que repita en el cargo Meritxell Batet, ser\u00e1 la encargada de declarar constituido el Congreso de la XIV legislatura y levantar la sesi\u00f3n, para despu\u00e9s comunic\u00e1rselo al Rey, al Senado y al Gobierno.<\/p>\n<p>El Senado de la XIV legislatura se constituye, por su parte, con 265 parlamentarios, de los cuales 208 fueron elegidos por la ciudadan\u00eda de manera directa el pasado 10 de noviembre y otros 57 han sido designados por los parlamentos auton\u00f3micos. La sesi\u00f3n tambi\u00e9n comenzar\u00e1 a las 9.00 horas (hora insular).<\/p>\n<p>El PSOE cuenta en esta ocasi\u00f3n con 113 senadores, de los que ocho corresponden a su Federaci\u00f3n en Canarias. Asimismo, en la Mesa, cuatro de los siete puestos, incluida la presidencia, ser\u00e1n socialistas. Todo apunta a que la jueza Pilar Llop, senadora por Madrid, ser\u00e1 quien releve a Manuel Cruz al frente de este \u00f3rgano.<\/p>\n<p>Ambas sesiones constitutivas podr\u00e1n seguirse en directo a trav\u00e9s de la web del Congreso y la del Senado y tambi\u00e9n en el <a href=\"https:\/\/www.youtube.com\/channel\/UCT3tvU3bVxOa3ZiVD-B7h9g\">Canal de Youtube del Congreso<\/a> y el <a href=\"https:\/\/www.youtube.com\/user\/ElSenadoTV\">Canal de Youtube del Senado<\/a>, as\u00ed como en los perfiles institucionales de las dos c\u00e1maras en Twitter y Facebook.<\/p>\n","protected":false},"excerpt":{"rendered":"<p>Un total de 13 representantes socialistas de Canarias en las Cortes acatan la Constituci\u00f3n y participan en las sesiones constitutivas del Congreso y Senado que tiene lugar este martes, 3 de diciembre, en Madrid a partir de las 9.00 horas (una hora m\u00e1s en la Pen\u00ednsula), con la participaci\u00f3n de todos los representantes electos surgidos [&hellip;]<\/p>\n","protected":false},"author":1,"featured_media":7148,"comment_status":"open","ping_status":"open","sticky":false,"template":"","format":"standard","meta":{"footnotes":""},"categories":[7],"tags":[],"class_list":["post-7147","post","type-post","status-publish","format-standard","has-post-thumbnail","hentry","category-politica"],"featured_image_src":"https:\/\/psoecanarias.com\/web\/wp-content\/uploads\/2019\/12\/WhatsApp-Image-2019-12-02-at-13.38.28.jpeg","author_info":{"display_name":"PSOE Canarias","author_link":"https:\/\/psoecanarias.com\/web\/author\/admin\/"},"yoast_head":"<!-- This site is optimized with the Yoast SEO plugin v27.2 - https:\/\/yoast.com\/product\/yoast-seo-wordpress\/ -->\n<title>Hasta 13 cargos electos socialistas representar\u00e1n a Canarias en el Congreso y el Senado durante la XIV Legislatura | PSOE Canarias<\/title>\n<meta name=\"robots\" content=\"index, follow, max-snippet:-1, max-image-preview:large, max-video-preview:-1\" \/>\n<link rel=\"canonical\" href=\"https:\/\/psoecanarias.com\/web\/hasta-13-cargos-electos-socialistas-representaran-a-canarias-en-el-congreso-y-el-senado-durante-la-xiv-legislatura\/\" \/>\n<meta property=\"og:locale\" content=\"es_ES\" \/>\n<meta property=\"og:type\" content=\"article\" \/>\n<meta property=\"og:title\" content=\"Hasta 13 cargos electos socialistas representar\u00e1n a Canarias en el Congreso y el Senado durante la XIV Legislatura | PSOE Canarias\" \/>\n<meta property=\"og:description\" content=\"Un total de 13 representantes socialistas de Canarias en las Cortes acatan la Constituci\u00f3n y participan en las sesiones constitutivas del Congreso y Senado que tiene lugar este martes, 3 de diciembre, en Madrid a partir de las 9.00 horas (una hora m\u00e1s en la Pen\u00ednsula), con la participaci\u00f3n de todos los representantes electos surgidos [&hellip;]\" \/>\n<meta property=\"og:url\" content=\"https:\/\/psoecanarias.com\/web\/hasta-13-cargos-electos-socialistas-representaran-a-canarias-en-el-congreso-y-el-senado-durante-la-xiv-legislatura\/\" \/>\n<meta property=\"og:site_name\" content=\"PSOE Canarias\" \/>\n<meta property=\"article:published_time\" content=\"2019-12-02T14:47:24+00:00\" \/>\n<meta property=\"article:modified_time\" content=\"2019-12-02T14:50:34+00:00\" \/>\n<meta property=\"og:image\" content=\"https:\/\/psoecanarias.com\/web\/wp-content\/uploads\/2019\/12\/WhatsApp-Image-2019-12-02-at-13.38.28.jpeg\" \/>\n\t<meta property=\"og:image:width\" content=\"1920\" \/>\n\t<meta property=\"og:image:height\" content=\"1080\" \/>\n\t<meta property=\"og:image:type\" content=\"image\/jpeg\" \/>\n<meta name=\"author\" content=\"PSOE Canarias\" \/>\n<meta name=\"twitter:card\" content=\"summary_large_image\" \/>\n<script type=\"application\/ld+json\" class=\"yoast-schema-graph\">{\"@context\":\"https:\/\/schema.org\",\"@graph\":[{\"@type\":\"Article\",\"@id\":\"https:\/\/psoecanarias.com\/web\/hasta-13-cargos-electos-socialistas-representaran-a-canarias-en-el-congreso-y-el-senado-durante-la-xiv-legislatura\/#article\",\"isPartOf\":{\"@id\":\"https:\/\/psoecanarias.com\/web\/hasta-13-cargos-electos-socialistas-representaran-a-canarias-en-el-congreso-y-el-senado-durante-la-xiv-legislatura\/\"},\"author\":{\"name\":\"PSOE Canarias\",\"@id\":\"https:\/\/psoecanarias.com\/web\/#\/schema\/person\/1ae43f9659d2fc599ca69c11e1dbf26f\"},\"headline\":\"Hasta 13 cargos electos socialistas representar\u00e1n a Canarias en el Congreso y el Senado durante la XIV Legislatura\",\"datePublished\":\"2019-12-02T14:47:24+00:00\",\"dateModified\":\"2019-12-02T14:50:34+00:00\",\"mainEntityOfPage\":{\"@id\":\"https:\/\/psoecanarias.com\/web\/hasta-13-cargos-electos-socialistas-representaran-a-canarias-en-el-congreso-y-el-senado-durante-la-xiv-legislatura\/\"},\"wordCount\":478,\"commentCount\":0,\"image\":{\"@id\":\"https:\/\/psoecanarias.com\/web\/hasta-13-cargos-electos-socialistas-representaran-a-canarias-en-el-congreso-y-el-senado-durante-la-xiv-legislatura\/#primaryimage\"},\"thumbnailUrl\":\"https:\/\/psoecanarias.com\/web\/wp-content\/uploads\/2019\/12\/WhatsApp-Image-2019-12-02-at-13.38.28.jpeg\",\"articleSection\":[\"Pol\u00edtica\"],\"inLanguage\":\"es\",\"potentialAction\":[{\"@type\":\"CommentAction\",\"name\":\"Comment\",\"target\":[\"https:\/\/psoecanarias.com\/web\/hasta-13-cargos-electos-socialistas-representaran-a-canarias-en-el-congreso-y-el-senado-durante-la-xiv-legislatura\/#respond\"]}]},{\"@type\":\"WebPage\",\"@id\":\"https:\/\/psoecanarias.com\/web\/hasta-13-cargos-electos-socialistas-representaran-a-canarias-en-el-congreso-y-el-senado-durante-la-xiv-legislatura\/\",\"url\":\"https:\/\/psoecanarias.com\/web\/hasta-13-cargos-electos-socialistas-representaran-a-canarias-en-el-congreso-y-el-senado-durante-la-xiv-legislatura\/\",\"name\":\"Hasta 13 cargos electos socialistas representar\u00e1n a Canarias en el Congreso y el Senado durante la XIV Legislatura | PSOE Canarias\",\"isPartOf\":{\"@id\":\"https:\/\/psoecanarias.com\/web\/#website\"},\"primaryImageOfPage\":{\"@id\":\"https:\/\/psoecanarias.com\/web\/hasta-13-cargos-electos-socialistas-representaran-a-canarias-en-el-congreso-y-el-senado-durante-la-xiv-legislatura\/#primaryimage\"},\"image\":{\"@id\":\"https:\/\/psoecanarias.com\/web\/hasta-13-cargos-electos-socialistas-representaran-a-canarias-en-el-congreso-y-el-senado-durante-la-xiv-legislatura\/#primaryimage\"},\"thumbnailUrl\":\"https:\/\/psoecanarias.com\/web\/wp-content\/uploads\/2019\/12\/WhatsApp-Image-2019-12-02-at-13.38.28.jpeg\",\"datePublished\":\"2019-12-02T14:47:24+00:00\",\"dateModified\":\"2019-12-02T14:50:34+00:00\",\"author\":{\"@id\":\"https:\/\/psoecanarias.com\/web\/#\/schema\/person\/1ae43f9659d2fc599ca69c11e1dbf26f\"},\"breadcrumb\":{\"@id\":\"https:\/\/psoecanarias.com\/web\/hasta-13-cargos-electos-socialistas-representaran-a-canarias-en-el-congreso-y-el-senado-durante-la-xiv-legislatura\/#breadcrumb\"},\"inLanguage\":\"es\",\"potentialAction\":[{\"@type\":\"ReadAction\",\"target\":[\"https:\/\/psoecanarias.com\/web\/hasta-13-cargos-electos-socialistas-representaran-a-canarias-en-el-congreso-y-el-senado-durante-la-xiv-legislatura\/\"]}]},{\"@type\":\"ImageObject\",\"inLanguage\":\"es\",\"@id\":\"https:\/\/psoecanarias.com\/web\/hasta-13-cargos-electos-socialistas-representaran-a-canarias-en-el-congreso-y-el-senado-durante-la-xiv-legislatura\/#primaryimage\",\"url\":\"https:\/\/psoecanarias.com\/web\/wp-content\/uploads\/2019\/12\/WhatsApp-Image-2019-12-02-at-13.38.28.jpeg\",\"contentUrl\":\"https:\/\/psoecanarias.com\/web\/wp-content\/uploads\/2019\/12\/WhatsApp-Image-2019-12-02-at-13.38.28.jpeg\",\"width\":1920,\"height\":1080},{\"@type\":\"BreadcrumbList\",\"@id\":\"https:\/\/psoecanarias.com\/web\/hasta-13-cargos-electos-socialistas-representaran-a-canarias-en-el-congreso-y-el-senado-durante-la-xiv-legislatura\/#breadcrumb\",\"itemListElement\":[{\"@type\":\"ListItem\",\"position\":1,\"name\":\"Portada\",\"item\":\"https:\/\/psoecanarias.com\/web\/\"},{\"@type\":\"ListItem\",\"position\":2,\"name\":\"Hasta 13 cargos electos socialistas representar\u00e1n a Canarias en el Congreso y el Senado durante la XIV Legislatura\"}]},{\"@type\":\"WebSite\",\"@id\":\"https:\/\/psoecanarias.com\/web\/#website\",\"url\":\"https:\/\/psoecanarias.com\/web\/\",\"name\":\"PSOE Canarias\",\"description\":\"Partido Socialista Obrero Espa\u00f1ol Canarias\",\"potentialAction\":[{\"@type\":\"SearchAction\",\"target\":{\"@type\":\"EntryPoint\",\"urlTemplate\":\"https:\/\/psoecanarias.com\/web\/?s={search_term_string}\"},\"query-input\":{\"@type\":\"PropertyValueSpecification\",\"valueRequired\":true,\"valueName\":\"search_term_string\"}}],\"inLanguage\":\"es\"},{\"@type\":\"Person\",\"@id\":\"https:\/\/psoecanarias.com\/web\/#\/schema\/person\/1ae43f9659d2fc599ca69c11e1dbf26f\",\"name\":\"PSOE Canarias\",\"image\":{\"@type\":\"ImageObject\",\"inLanguage\":\"es\",\"@id\":\"https:\/\/secure.gravatar.com\/avatar\/4364d37f6f6f9cdb7af199b46151565f37d8a8c3c0e04c1d78c04e857a15e3a8?s=96&d=mm&r=g\",\"url\":\"https:\/\/secure.gravatar.com\/avatar\/4364d37f6f6f9cdb7af199b46151565f37d8a8c3c0e04c1d78c04e857a15e3a8?s=96&d=mm&r=g\",\"contentUrl\":\"https:\/\/secure.gravatar.com\/avatar\/4364d37f6f6f9cdb7af199b46151565f37d8a8c3c0e04c1d78c04e857a15e3a8?s=96&d=mm&r=g\",\"caption\":\"PSOE Canarias\"},\"url\":\"https:\/\/psoecanarias.com\/web\/author\/admin\/\"}]}<\/script>\n<!-- \/ Yoast SEO plugin. -->","yoast_head_json":{"title":"Hasta 13 cargos electos socialistas representar\u00e1n a Canarias en el Congreso y el Senado durante la XIV Legislatura | PSOE Canarias","robots":{"index":"index","follow":"follow","max-snippet":"max-snippet:-1","max-image-preview":"max-image-preview:large","max-video-preview":"max-video-preview:-1"},"canonical":"https:\/\/psoecanarias.com\/web\/hasta-13-cargos-electos-socialistas-representaran-a-canarias-en-el-congreso-y-el-senado-durante-la-xiv-legislatura\/","og_locale":"es_ES","og_type":"article","og_title":"Hasta 13 cargos electos socialistas representar\u00e1n a Canarias en el Congreso y el Senado durante la XIV Legislatura | PSOE Canarias","og_description":"Un total de 13 representantes socialistas de Canarias en las Cortes acatan la Constituci\u00f3n y participan en las sesiones constitutivas del Congreso y Senado que tiene lugar este martes, 3 de diciembre, en Madrid a partir de las 9.00 horas (una hora m\u00e1s en la Pen\u00ednsula), con la participaci\u00f3n de todos los representantes electos surgidos [&hellip;]","og_url":"https:\/\/psoecanarias.com\/web\/hasta-13-cargos-electos-socialistas-representaran-a-canarias-en-el-congreso-y-el-senado-durante-la-xiv-legislatura\/","og_site_name":"PSOE Canarias","article_published_time":"2019-12-02T14:47:24+00:00","article_modified_time":"2019-12-02T14:50:34+00:00","og_image":[{"width":1920,"height":1080,"url":"https:\/\/psoecanarias.com\/web\/wp-content\/uploads\/2019\/12\/WhatsApp-Image-2019-12-02-at-13.38.28.jpeg","type":"image\/jpeg"}],"author":"PSOE Canarias","twitter_card":"summary_large_image","schema":{"@context":"https:\/\/schema.org","@graph":[{"@type":"Article","@id":"https:\/\/psoecanarias.com\/web\/hasta-13-cargos-electos-socialistas-representaran-a-canarias-en-el-congreso-y-el-senado-durante-la-xiv-legislatura\/#article","isPartOf":{"@id":"https:\/\/psoecanarias.com\/web\/hasta-13-cargos-electos-socialistas-representaran-a-canarias-en-el-congreso-y-el-senado-durante-la-xiv-legislatura\/"},"author":{"name":"PSOE Canarias","@id":"https:\/\/psoecanarias.com\/web\/#\/schema\/person\/1ae43f9659d2fc599ca69c11e1dbf26f"},"headline":"Hasta 13 cargos electos socialistas representar\u00e1n a Canarias en el Congreso y el Senado durante la XIV Legislatura","datePublished":"2019-12-02T14:47:24+00:00","dateModified":"2019-12-02T14:50:34+00:00","mainEntityOfPage":{"@id":"https:\/\/psoecanarias.com\/web\/hasta-13-cargos-electos-socialistas-representaran-a-canarias-en-el-congreso-y-el-senado-durante-la-xiv-legislatura\/"},"wordCount":478,"commentCount":0,"image":{"@id":"https:\/\/psoecanarias.com\/web\/hasta-13-cargos-electos-socialistas-representaran-a-canarias-en-el-congreso-y-el-senado-durante-la-xiv-legislatura\/#primaryimage"},"thumbnailUrl":"https:\/\/psoecanarias.com\/web\/wp-content\/uploads\/2019\/12\/WhatsApp-Image-2019-12-02-at-13.38.28.jpeg","articleSection":["Pol\u00edtica"],"inLanguage":"es","potentialAction":[{"@type":"CommentAction","name":"Comment","target":["https:\/\/psoecanarias.com\/web\/hasta-13-cargos-electos-socialistas-representaran-a-canarias-en-el-congreso-y-el-senado-durante-la-xiv-legislatura\/#respond"]}]},{"@type":"WebPage","@id":"https:\/\/psoecanarias.com\/web\/hasta-13-cargos-electos-socialistas-representaran-a-canarias-en-el-congreso-y-el-senado-durante-la-xiv-legislatura\/","url":"https:\/\/psoecanarias.com\/web\/hasta-13-cargos-electos-socialistas-representaran-a-canarias-en-el-congreso-y-el-senado-durante-la-xiv-legislatura\/","name":"Hasta 13 cargos electos socialistas representar\u00e1n a Canarias en el Congreso y el Senado durante la XIV Legislatura | PSOE Canarias","isPartOf":{"@id":"https:\/\/psoecanarias.com\/web\/#website"},"primaryImageOfPage":{"@id":"https:\/\/psoecanarias.com\/web\/hasta-13-cargos-electos-socialistas-representaran-a-canarias-en-el-congreso-y-el-senado-durante-la-xiv-legislatura\/#primaryimage"},"image":{"@id":"https:\/\/psoecanarias.com\/web\/hasta-13-cargos-electos-socialistas-representaran-a-canarias-en-el-congreso-y-el-senado-durante-la-xiv-legislatura\/#primaryimage"},"thumbnailUrl":"https:\/\/psoecanarias.com\/web\/wp-content\/uploads\/2019\/12\/WhatsApp-Image-2019-12-02-at-13.38.28.jpeg","datePublished":"2019-12-02T14:47:24+00:00","dateModified":"2019-12-02T14:50:34+00:00","author":{"@id":"https:\/\/psoecanarias.com\/web\/#\/schema\/person\/1ae43f9659d2fc599ca69c11e1dbf26f"},"breadcrumb":{"@id":"https:\/\/psoecanarias.com\/web\/hasta-13-cargos-electos-socialistas-representaran-a-canarias-en-el-congreso-y-el-senado-durante-la-xiv-legislatura\/#breadcrumb"},"inLanguage":"es","potentialAction":[{"@type":"ReadAction","target":["https:\/\/psoecanarias.com\/web\/hasta-13-cargos-electos-socialistas-representaran-a-canarias-en-el-congreso-y-el-senado-durante-la-xiv-legislatura\/"]}]},{"@type":"ImageObject","inLanguage":"es","@id":"https:\/\/psoecanarias.com\/web\/hasta-13-cargos-electos-socialistas-representaran-a-canarias-en-el-congreso-y-el-senado-durante-la-xiv-legislatura\/#primaryimage","url":"https:\/\/psoecanarias.com\/web\/wp-content\/uploads\/2019\/12\/WhatsApp-Image-2019-12-02-at-13.38.28.jpeg","contentUrl":"https:\/\/psoecanarias.com\/web\/wp-content\/uploads\/2019\/12\/WhatsApp-Image-2019-12-02-at-13.38.28.jpeg","width":1920,"height":1080},{"@type":"BreadcrumbList","@id":"https:\/\/psoecanarias.com\/web\/hasta-13-cargos-electos-socialistas-representaran-a-canarias-en-el-congreso-y-el-senado-durante-la-xiv-legislatura\/#breadcrumb","itemListElement":[{"@type":"ListItem","position":1,"name":"Portada","item":"https:\/\/psoecanarias.com\/web\/"},{"@type":"ListItem","position":2,"name":"Hasta 13 cargos electos socialistas representar\u00e1n a Canarias en el Congreso y el Senado durante la XIV Legislatura"}]},{"@type":"WebSite","@id":"https:\/\/psoecanarias.com\/web\/#website","url":"https:\/\/psoecanarias.com\/web\/","name":"PSOE Canarias","description":"Partido Socialista Obrero Espa\u00f1ol Canarias","potentialAction":[{"@type":"SearchAction","target":{"@type":"EntryPoint","urlTemplate":"https:\/\/psoecanarias.com\/web\/?s={search_term_string}"},"query-input":{"@type":"PropertyValueSpecification","valueRequired":true,"valueName":"search_term_string"}}],"inLanguage":"es"},{"@type":"Person","@id":"https:\/\/psoecanarias.com\/web\/#\/schema\/person\/1ae43f9659d2fc599ca69c11e1dbf26f","name":"PSOE Canarias","image":{"@type":"ImageObject","inLanguage":"es","@id":"https:\/\/secure.gravatar.com\/avatar\/4364d37f6f6f9cdb7af199b46151565f37d8a8c3c0e04c1d78c04e857a15e3a8?s=96&d=mm&r=g","url":"https:\/\/secure.gravatar.com\/avatar\/4364d37f6f6f9cdb7af199b46151565f37d8a8c3c0e04c1d78c04e857a15e3a8?s=96&d=mm&r=g","contentUrl":"https:\/\/secure.gravatar.com\/avatar\/4364d37f6f6f9cdb7af199b46151565f37d8a8c3c0e04c1d78c04e857a15e3a8?s=96&d=mm&r=g","caption":"PSOE Canarias"},"url":"https:\/\/psoecanarias.com\/web\/author\/admin\/"}]}},"_links":{"self":[{"href":"https:\/\/psoecanarias.com\/web\/wp-json\/wp\/v2\/posts\/7147","targetHints":{"allow":["GET"]}}],"collection":[{"href":"https:\/\/psoecanarias.com\/web\/wp-json\/wp\/v2\/posts"}],"about":[{"href":"https:\/\/psoecanarias.com\/web\/wp-json\/wp\/v2\/types\/post"}],"author":[{"embeddable":true,"href":"https:\/\/psoecanarias.com\/web\/wp-json\/wp\/v2\/users\/1"}],"replies":[{"embeddable":true,"href":"https:\/\/psoecanarias.com\/web\/wp-json\/wp\/v2\/comments?post=7147"}],"version-history":[{"count":3,"href":"https:\/\/psoecanarias.com\/web\/wp-json\/wp\/v2\/posts\/7147\/revisions"}],"predecessor-version":[{"id":7151,"href":"https:\/\/psoecanarias.com\/web\/wp-json\/wp\/v2\/posts\/7147\/revisions\/7151"}],"wp:featuredmedia":[{"embeddable":true,"href":"https:\/\/psoecanarias.com\/web\/wp-json\/wp\/v2\/media\/7148"}],"wp:attachment":[{"href":"https:\/\/psoecanarias.com\/web\/wp-json\/wp\/v2\/media?parent=7147"}],"wp:term":[{"taxonomy":"category","embeddable":true,"href":"https:\/\/psoecanarias.com\/web\/wp-json\/wp\/v2\/categories?post=7147"},{"taxonomy":"post_tag","embeddable":true,"href":"https:\/\/psoecanarias.com\/web\/wp-json\/wp\/v2\/tags?post=7147"}],"curies":[{"name":"wp","href":"https:\/\/api.w.org\/{rel}","templated":true}]}}