{"id":7157,"date":"2019-12-03T15:20:24","date_gmt":"2019-12-03T15:20:24","guid":{"rendered":"http:\/\/psoecanarias.com\/web\/?p=7157"},"modified":"2020-06-21T00:14:13","modified_gmt":"2020-06-20T23:14:13","slug":"comienza-la-xiv-legislatura-con-hasta-trece-representantes-socialistas-de-canarias-en-congreso-y-senado","status":"publish","type":"post","link":"https:\/\/psoecanarias.com\/web\/comienza-la-xiv-legislatura-con-hasta-trece-representantes-socialistas-de-canarias-en-congreso-y-senado\/","title":{"rendered":"13 socialistas de Canarias en la XIV Legislatura de las Cortes"},"content":{"rendered":"<p class=\"Cuerpo\" style=\"text-align: justify; text-justify: inter-ideograph;\"><span class=\"Ninguno\"><span lang=\"ES-TRAD\" style=\"font-family: Helvetica;\"><a href=\"http:\/\/psoecanarias.com\/web\/comienza-la-xiv-legislatura-con-hasta-trece-representantes-socialistas-de-canarias-en-congreso-y-senado\/psoe-canarias-congreso-y-senado\/\" rel=\"attachment wp-att-7158\"><img loading=\"lazy\" decoding=\"async\" class=\"aligncenter size-full wp-image-7158\" src=\"http:\/\/psoecanarias.com\/web\/wp-content\/uploads\/2019\/12\/psoe-canarias-congreso-y-senado.jpeg\" alt=\"\" width=\"911\" height=\"607\" data-id=\"7158\" \/><\/a><\/span><\/span><\/p>\n<p class=\"Cuerpo\" style=\"text-align: justify; text-justify: inter-ideograph;\"><span class=\"Ninguno\"><span lang=\"ES-TRAD\" style=\"font-family: Helvetica;\"><strong>Canarias, 3 de diciembre de 2019.-<\/strong> Los trece representantes socialistas de Canarias en las Cortes Generales participaron este martes 3 de diciembre en Madrid en la sesi\u00f3n constitutiva de Congreso y Senado con la que comienza la XIV Legislatura en Espa\u00f1a, y que tendr\u00e1 al senador canario Manuel Fajardo como nuevo secretario de la Mesa del Senado.<\/span><\/span><\/p>\n<p class=\"Cuerpo\" style=\"text-align: justify; text-justify: inter-ideograph;\"><span class=\"Ninguno\"><span lang=\"ES-TRAD\" style=\"font-family: Helvetica;\">Se trata de los diputados Elena M\u00e1\u00f1ez, Luc Andr\u00e9 Diouf y Ariagona Gonz\u00e1lez por la provincia de Las Palmas y H\u00e9ctor G\u00f3mez y Tamara Raya por la provincia de Santa Cruz de Tenerife, adem\u00e1s de los senadores Manuel Fajardo (Lanzarote), Esther Carmona (El Hierro), Paloma Hern\u00e1ndez (Fuerteventura), Ram\u00f3n Morales y Nina Santana (Gran Canaria), Olivia Delgado y Anatael Meneses (Tenerife), as\u00ed como Pedro Ramos por designaci\u00f3n auton\u00f3mica.<\/span><\/span><\/p>\n<p class=\"Cuerpo\" style=\"text-align: justify; text-justify: inter-ideograph;\"><span class=\"Ninguno\"><span lang=\"ES-TRAD\" style=\"font-family: Helvetica;\">El triunfo en los pasados comisiones electorales del 10 de noviembre dieron al al PSOE 120 diputados en total en la C\u00e1mara baja, cinco de los cuales corresponden al socialismo canario, la mayor representaci\u00f3n pol\u00edtica canaria en el Congreso respecto al resto de partidos. <\/span><\/span><span class=\"Ninguno\"><span lang=\"ES-TRAD\" style=\"font-family: Helvetica;\">\u00a0<\/span><\/span><\/p>\n<p class=\"Cuerpo\" style=\"text-align: justify; text-justify: inter-ideograph;\"><span class=\"Ninguno\"><span lang=\"ES-TRAD\" style=\"font-family: Helvetica;\">El Senado de la XIV legislatura, por su parte, se constituye con 265 parlamentarios, de los cuales 208 fueron elegidos por la ciudadan\u00eda de manera directa el pasado 10 de noviembre y otros 57 han sido designados por los parlamentos auton\u00f3micos. El PSOE cuenta en esta ocasi\u00f3n con 113 senadores, de los que ocho corresponden a su federaci\u00f3n en Canarias como resultado de la victoria en las pasadas elecciones del 10 de noviembre, lo que permitir\u00e1 formar para esta legislatura el grupo territorial Socialistas de Canarias en la C\u00e1mara alta. <\/span><\/span><\/p>\n<p class=\"Cuerpo\" style=\"text-align: justify; text-justify: inter-ideograph;\"><span class=\"Ninguno\"><span lang=\"ES-TRAD\" style=\"font-family: Helvetica;\">La Mesa del Senado, presidida por la socialista Pilar Llop, es el \u00f3rgano rector del Senado, el que fija el orden del d\u00eda de las sesiones plenarias, califica los escritos parlamentarios para declarar su admisi\u00f3n o inadmisi\u00f3n o decide el procedimiento de tramitaci\u00f3n de las distintas iniciativas, incluido el calendario de reuniones del Pleno y la coordinaci\u00f3n de los trabajos de los distintos \u00f3rganos de la instituci\u00f3n.<\/span><\/span><span lang=\"ES-TRAD\" style=\"font-family: Helvetica;\">\u00a0<\/span><\/p>\n","protected":false},"excerpt":{"rendered":"<p>El PSOE dispone de la mayor representaci\u00f3n canaria en el Congreso respecto al resto de partidos<\/p>\n","protected":false},"author":1,"featured_media":7158,"comment_status":"open","ping_status":"open","sticky":false,"template":"","format":"standard","meta":{"footnotes":""},"categories":[1197,1184,7],"tags":[],"class_list":["post-7157","post","type-post","status-publish","format-standard","has-post-thumbnail","hentry","category-cortes-generales","category-noticias","category-politica"],"featured_image_src":"https:\/\/psoecanarias.com\/web\/wp-content\/uploads\/2019\/12\/psoe-canarias-congreso-y-senado.jpeg","author_info":{"display_name":"PSOE Canarias","author_link":"https:\/\/psoecanarias.com\/web\/author\/admin\/"},"yoast_head":"<!-- This site is optimized with the Yoast SEO plugin v27.2 - https:\/\/yoast.com\/product\/yoast-seo-wordpress\/ -->\n<title>13 socialistas de Canarias en la XIV Legislatura de las Cortes | PSOE Canarias<\/title>\n<meta name=\"robots\" content=\"index, follow, max-snippet:-1, max-image-preview:large, max-video-preview:-1\" \/>\n<link rel=\"canonical\" href=\"https:\/\/psoecanarias.com\/web\/comienza-la-xiv-legislatura-con-hasta-trece-representantes-socialistas-de-canarias-en-congreso-y-senado\/\" \/>\n<meta property=\"og:locale\" content=\"es_ES\" \/>\n<meta property=\"og:type\" content=\"article\" \/>\n<meta property=\"og:title\" content=\"13 socialistas de Canarias en la XIV Legislatura de las Cortes | PSOE Canarias\" \/>\n<meta property=\"og:description\" content=\"El PSOE dispone de la mayor representaci\u00f3n canaria en el Congreso respecto al resto de partidos\" \/>\n<meta property=\"og:url\" content=\"https:\/\/psoecanarias.com\/web\/comienza-la-xiv-legislatura-con-hasta-trece-representantes-socialistas-de-canarias-en-congreso-y-senado\/\" \/>\n<meta property=\"og:site_name\" content=\"PSOE Canarias\" \/>\n<meta property=\"article:published_time\" content=\"2019-12-03T15:20:24+00:00\" \/>\n<meta property=\"article:modified_time\" content=\"2020-06-20T23:14:13+00:00\" \/>\n<meta property=\"og:image\" content=\"https:\/\/psoecanarias.com\/web\/wp-content\/uploads\/2019\/12\/psoe-canarias-congreso-y-senado.jpeg\" \/>\n\t<meta property=\"og:image:width\" content=\"911\" \/>\n\t<meta property=\"og:image:height\" content=\"607\" \/>\n\t<meta property=\"og:image:type\" content=\"image\/jpeg\" \/>\n<meta name=\"author\" content=\"PSOE Canarias\" \/>\n<meta name=\"twitter:card\" content=\"summary_large_image\" \/>\n<script type=\"application\/ld+json\" class=\"yoast-schema-graph\">{\"@context\":\"https:\/\/schema.org\",\"@graph\":[{\"@type\":\"Article\",\"@id\":\"https:\/\/psoecanarias.com\/web\/comienza-la-xiv-legislatura-con-hasta-trece-representantes-socialistas-de-canarias-en-congreso-y-senado\/#article\",\"isPartOf\":{\"@id\":\"https:\/\/psoecanarias.com\/web\/comienza-la-xiv-legislatura-con-hasta-trece-representantes-socialistas-de-canarias-en-congreso-y-senado\/\"},\"author\":{\"name\":\"PSOE Canarias\",\"@id\":\"https:\/\/psoecanarias.com\/web\/#\/schema\/person\/1ae43f9659d2fc599ca69c11e1dbf26f\"},\"headline\":\"13 socialistas de Canarias en la XIV Legislatura de las Cortes\",\"datePublished\":\"2019-12-03T15:20:24+00:00\",\"dateModified\":\"2020-06-20T23:14:13+00:00\",\"mainEntityOfPage\":{\"@id\":\"https:\/\/psoecanarias.com\/web\/comienza-la-xiv-legislatura-con-hasta-trece-representantes-socialistas-de-canarias-en-congreso-y-senado\/\"},\"wordCount\":350,\"commentCount\":0,\"image\":{\"@id\":\"https:\/\/psoecanarias.com\/web\/comienza-la-xiv-legislatura-con-hasta-trece-representantes-socialistas-de-canarias-en-congreso-y-senado\/#primaryimage\"},\"thumbnailUrl\":\"https:\/\/psoecanarias.com\/web\/wp-content\/uploads\/2019\/12\/psoe-canarias-congreso-y-senado.jpeg\",\"articleSection\":[\"Cortes Generales\",\"Noticias\",\"Pol\u00edtica\"],\"inLanguage\":\"es\",\"potentialAction\":[{\"@type\":\"CommentAction\",\"name\":\"Comment\",\"target\":[\"https:\/\/psoecanarias.com\/web\/comienza-la-xiv-legislatura-con-hasta-trece-representantes-socialistas-de-canarias-en-congreso-y-senado\/#respond\"]}]},{\"@type\":\"WebPage\",\"@id\":\"https:\/\/psoecanarias.com\/web\/comienza-la-xiv-legislatura-con-hasta-trece-representantes-socialistas-de-canarias-en-congreso-y-senado\/\",\"url\":\"https:\/\/psoecanarias.com\/web\/comienza-la-xiv-legislatura-con-hasta-trece-representantes-socialistas-de-canarias-en-congreso-y-senado\/\",\"name\":\"13 socialistas de Canarias en la XIV Legislatura de las Cortes | PSOE Canarias\",\"isPartOf\":{\"@id\":\"https:\/\/psoecanarias.com\/web\/#website\"},\"primaryImageOfPage\":{\"@id\":\"https:\/\/psoecanarias.com\/web\/comienza-la-xiv-legislatura-con-hasta-trece-representantes-socialistas-de-canarias-en-congreso-y-senado\/#primaryimage\"},\"image\":{\"@id\":\"https:\/\/psoecanarias.com\/web\/comienza-la-xiv-legislatura-con-hasta-trece-representantes-socialistas-de-canarias-en-congreso-y-senado\/#primaryimage\"},\"thumbnailUrl\":\"https:\/\/psoecanarias.com\/web\/wp-content\/uploads\/2019\/12\/psoe-canarias-congreso-y-senado.jpeg\",\"datePublished\":\"2019-12-03T15:20:24+00:00\",\"dateModified\":\"2020-06-20T23:14:13+00:00\",\"author\":{\"@id\":\"https:\/\/psoecanarias.com\/web\/#\/schema\/person\/1ae43f9659d2fc599ca69c11e1dbf26f\"},\"breadcrumb\":{\"@id\":\"https:\/\/psoecanarias.com\/web\/comienza-la-xiv-legislatura-con-hasta-trece-representantes-socialistas-de-canarias-en-congreso-y-senado\/#breadcrumb\"},\"inLanguage\":\"es\",\"potentialAction\":[{\"@type\":\"ReadAction\",\"target\":[\"https:\/\/psoecanarias.com\/web\/comienza-la-xiv-legislatura-con-hasta-trece-representantes-socialistas-de-canarias-en-congreso-y-senado\/\"]}]},{\"@type\":\"ImageObject\",\"inLanguage\":\"es\",\"@id\":\"https:\/\/psoecanarias.com\/web\/comienza-la-xiv-legislatura-con-hasta-trece-representantes-socialistas-de-canarias-en-congreso-y-senado\/#primaryimage\",\"url\":\"https:\/\/psoecanarias.com\/web\/wp-content\/uploads\/2019\/12\/psoe-canarias-congreso-y-senado.jpeg\",\"contentUrl\":\"https:\/\/psoecanarias.com\/web\/wp-content\/uploads\/2019\/12\/psoe-canarias-congreso-y-senado.jpeg\",\"width\":911,\"height\":607},{\"@type\":\"BreadcrumbList\",\"@id\":\"https:\/\/psoecanarias.com\/web\/comienza-la-xiv-legislatura-con-hasta-trece-representantes-socialistas-de-canarias-en-congreso-y-senado\/#breadcrumb\",\"itemListElement\":[{\"@type\":\"ListItem\",\"position\":1,\"name\":\"Portada\",\"item\":\"https:\/\/psoecanarias.com\/web\/\"},{\"@type\":\"ListItem\",\"position\":2,\"name\":\"13 socialistas de Canarias en la XIV Legislatura de las Cortes\"}]},{\"@type\":\"WebSite\",\"@id\":\"https:\/\/psoecanarias.com\/web\/#website\",\"url\":\"https:\/\/psoecanarias.com\/web\/\",\"name\":\"PSOE Canarias\",\"description\":\"Partido Socialista Obrero Espa\u00f1ol Canarias\",\"potentialAction\":[{\"@type\":\"SearchAction\",\"target\":{\"@type\":\"EntryPoint\",\"urlTemplate\":\"https:\/\/psoecanarias.com\/web\/?s={search_term_string}\"},\"query-input\":{\"@type\":\"PropertyValueSpecification\",\"valueRequired\":true,\"valueName\":\"search_term_string\"}}],\"inLanguage\":\"es\"},{\"@type\":\"Person\",\"@id\":\"https:\/\/psoecanarias.com\/web\/#\/schema\/person\/1ae43f9659d2fc599ca69c11e1dbf26f\",\"name\":\"PSOE Canarias\",\"image\":{\"@type\":\"ImageObject\",\"inLanguage\":\"es\",\"@id\":\"https:\/\/secure.gravatar.com\/avatar\/4364d37f6f6f9cdb7af199b46151565f37d8a8c3c0e04c1d78c04e857a15e3a8?s=96&d=mm&r=g\",\"url\":\"https:\/\/secure.gravatar.com\/avatar\/4364d37f6f6f9cdb7af199b46151565f37d8a8c3c0e04c1d78c04e857a15e3a8?s=96&d=mm&r=g\",\"contentUrl\":\"https:\/\/secure.gravatar.com\/avatar\/4364d37f6f6f9cdb7af199b46151565f37d8a8c3c0e04c1d78c04e857a15e3a8?s=96&d=mm&r=g\",\"caption\":\"PSOE Canarias\"},\"url\":\"https:\/\/psoecanarias.com\/web\/author\/admin\/\"}]}<\/script>\n<!-- \/ Yoast SEO plugin. -->","yoast_head_json":{"title":"13 socialistas de Canarias en la XIV Legislatura de las Cortes | PSOE Canarias","robots":{"index":"index","follow":"follow","max-snippet":"max-snippet:-1","max-image-preview":"max-image-preview:large","max-video-preview":"max-video-preview:-1"},"canonical":"https:\/\/psoecanarias.com\/web\/comienza-la-xiv-legislatura-con-hasta-trece-representantes-socialistas-de-canarias-en-congreso-y-senado\/","og_locale":"es_ES","og_type":"article","og_title":"13 socialistas de Canarias en la XIV Legislatura de las Cortes | PSOE Canarias","og_description":"El PSOE dispone de la mayor representaci\u00f3n canaria en el Congreso respecto al resto de partidos","og_url":"https:\/\/psoecanarias.com\/web\/comienza-la-xiv-legislatura-con-hasta-trece-representantes-socialistas-de-canarias-en-congreso-y-senado\/","og_site_name":"PSOE Canarias","article_published_time":"2019-12-03T15:20:24+00:00","article_modified_time":"2020-06-20T23:14:13+00:00","og_image":[{"width":911,"height":607,"url":"https:\/\/psoecanarias.com\/web\/wp-content\/uploads\/2019\/12\/psoe-canarias-congreso-y-senado.jpeg","type":"image\/jpeg"}],"author":"PSOE Canarias","twitter_card":"summary_large_image","schema":{"@context":"https:\/\/schema.org","@graph":[{"@type":"Article","@id":"https:\/\/psoecanarias.com\/web\/comienza-la-xiv-legislatura-con-hasta-trece-representantes-socialistas-de-canarias-en-congreso-y-senado\/#article","isPartOf":{"@id":"https:\/\/psoecanarias.com\/web\/comienza-la-xiv-legislatura-con-hasta-trece-representantes-socialistas-de-canarias-en-congreso-y-senado\/"},"author":{"name":"PSOE Canarias","@id":"https:\/\/psoecanarias.com\/web\/#\/schema\/person\/1ae43f9659d2fc599ca69c11e1dbf26f"},"headline":"13 socialistas de Canarias en la XIV Legislatura de las Cortes","datePublished":"2019-12-03T15:20:24+00:00","dateModified":"2020-06-20T23:14:13+00:00","mainEntityOfPage":{"@id":"https:\/\/psoecanarias.com\/web\/comienza-la-xiv-legislatura-con-hasta-trece-representantes-socialistas-de-canarias-en-congreso-y-senado\/"},"wordCount":350,"commentCount":0,"image":{"@id":"https:\/\/psoecanarias.com\/web\/comienza-la-xiv-legislatura-con-hasta-trece-representantes-socialistas-de-canarias-en-congreso-y-senado\/#primaryimage"},"thumbnailUrl":"https:\/\/psoecanarias.com\/web\/wp-content\/uploads\/2019\/12\/psoe-canarias-congreso-y-senado.jpeg","articleSection":["Cortes Generales","Noticias","Pol\u00edtica"],"inLanguage":"es","potentialAction":[{"@type":"CommentAction","name":"Comment","target":["https:\/\/psoecanarias.com\/web\/comienza-la-xiv-legislatura-con-hasta-trece-representantes-socialistas-de-canarias-en-congreso-y-senado\/#respond"]}]},{"@type":"WebPage","@id":"https:\/\/psoecanarias.com\/web\/comienza-la-xiv-legislatura-con-hasta-trece-representantes-socialistas-de-canarias-en-congreso-y-senado\/","url":"https:\/\/psoecanarias.com\/web\/comienza-la-xiv-legislatura-con-hasta-trece-representantes-socialistas-de-canarias-en-congreso-y-senado\/","name":"13 socialistas de Canarias en la XIV Legislatura de las Cortes | PSOE Canarias","isPartOf":{"@id":"https:\/\/psoecanarias.com\/web\/#website"},"primaryImageOfPage":{"@id":"https:\/\/psoecanarias.com\/web\/comienza-la-xiv-legislatura-con-hasta-trece-representantes-socialistas-de-canarias-en-congreso-y-senado\/#primaryimage"},"image":{"@id":"https:\/\/psoecanarias.com\/web\/comienza-la-xiv-legislatura-con-hasta-trece-representantes-socialistas-de-canarias-en-congreso-y-senado\/#primaryimage"},"thumbnailUrl":"https:\/\/psoecanarias.com\/web\/wp-content\/uploads\/2019\/12\/psoe-canarias-congreso-y-senado.jpeg","datePublished":"2019-12-03T15:20:24+00:00","dateModified":"2020-06-20T23:14:13+00:00","author":{"@id":"https:\/\/psoecanarias.com\/web\/#\/schema\/person\/1ae43f9659d2fc599ca69c11e1dbf26f"},"breadcrumb":{"@id":"https:\/\/psoecanarias.com\/web\/comienza-la-xiv-legislatura-con-hasta-trece-representantes-socialistas-de-canarias-en-congreso-y-senado\/#breadcrumb"},"inLanguage":"es","potentialAction":[{"@type":"ReadAction","target":["https:\/\/psoecanarias.com\/web\/comienza-la-xiv-legislatura-con-hasta-trece-representantes-socialistas-de-canarias-en-congreso-y-senado\/"]}]},{"@type":"ImageObject","inLanguage":"es","@id":"https:\/\/psoecanarias.com\/web\/comienza-la-xiv-legislatura-con-hasta-trece-representantes-socialistas-de-canarias-en-congreso-y-senado\/#primaryimage","url":"https:\/\/psoecanarias.com\/web\/wp-content\/uploads\/2019\/12\/psoe-canarias-congreso-y-senado.jpeg","contentUrl":"https:\/\/psoecanarias.com\/web\/wp-content\/uploads\/2019\/12\/psoe-canarias-congreso-y-senado.jpeg","width":911,"height":607},{"@type":"BreadcrumbList","@id":"https:\/\/psoecanarias.com\/web\/comienza-la-xiv-legislatura-con-hasta-trece-representantes-socialistas-de-canarias-en-congreso-y-senado\/#breadcrumb","itemListElement":[{"@type":"ListItem","position":1,"name":"Portada","item":"https:\/\/psoecanarias.com\/web\/"},{"@type":"ListItem","position":2,"name":"13 socialistas de Canarias en la XIV Legislatura de las Cortes"}]},{"@type":"WebSite","@id":"https:\/\/psoecanarias.com\/web\/#website","url":"https:\/\/psoecanarias.com\/web\/","name":"PSOE Canarias","description":"Partido Socialista Obrero Espa\u00f1ol Canarias","potentialAction":[{"@type":"SearchAction","target":{"@type":"EntryPoint","urlTemplate":"https:\/\/psoecanarias.com\/web\/?s={search_term_string}"},"query-input":{"@type":"PropertyValueSpecification","valueRequired":true,"valueName":"search_term_string"}}],"inLanguage":"es"},{"@type":"Person","@id":"https:\/\/psoecanarias.com\/web\/#\/schema\/person\/1ae43f9659d2fc599ca69c11e1dbf26f","name":"PSOE Canarias","image":{"@type":"ImageObject","inLanguage":"es","@id":"https:\/\/secure.gravatar.com\/avatar\/4364d37f6f6f9cdb7af199b46151565f37d8a8c3c0e04c1d78c04e857a15e3a8?s=96&d=mm&r=g","url":"https:\/\/secure.gravatar.com\/avatar\/4364d37f6f6f9cdb7af199b46151565f37d8a8c3c0e04c1d78c04e857a15e3a8?s=96&d=mm&r=g","contentUrl":"https:\/\/secure.gravatar.com\/avatar\/4364d37f6f6f9cdb7af199b46151565f37d8a8c3c0e04c1d78c04e857a15e3a8?s=96&d=mm&r=g","caption":"PSOE Canarias"},"url":"https:\/\/psoecanarias.com\/web\/author\/admin\/"}]}},"_links":{"self":[{"href":"https:\/\/psoecanarias.com\/web\/wp-json\/wp\/v2\/posts\/7157","targetHints":{"allow":["GET"]}}],"collection":[{"href":"https:\/\/psoecanarias.com\/web\/wp-json\/wp\/v2\/posts"}],"about":[{"href":"https:\/\/psoecanarias.com\/web\/wp-json\/wp\/v2\/types\/post"}],"author":[{"embeddable":true,"href":"https:\/\/psoecanarias.com\/web\/wp-json\/wp\/v2\/users\/1"}],"replies":[{"embeddable":true,"href":"https:\/\/psoecanarias.com\/web\/wp-json\/wp\/v2\/comments?post=7157"}],"version-history":[{"count":6,"href":"https:\/\/psoecanarias.com\/web\/wp-json\/wp\/v2\/posts\/7157\/revisions"}],"predecessor-version":[{"id":8833,"href":"https:\/\/psoecanarias.com\/web\/wp-json\/wp\/v2\/posts\/7157\/revisions\/8833"}],"wp:featuredmedia":[{"embeddable":true,"href":"https:\/\/psoecanarias.com\/web\/wp-json\/wp\/v2\/media\/7158"}],"wp:attachment":[{"href":"https:\/\/psoecanarias.com\/web\/wp-json\/wp\/v2\/media?parent=7157"}],"wp:term":[{"taxonomy":"category","embeddable":true,"href":"https:\/\/psoecanarias.com\/web\/wp-json\/wp\/v2\/categories?post=7157"},{"taxonomy":"post_tag","embeddable":true,"href":"https:\/\/psoecanarias.com\/web\/wp-json\/wp\/v2\/tags?post=7157"}],"curies":[{"name":"wp","href":"https:\/\/api.w.org\/{rel}","templated":true}]}}