{"id":7163,"date":"2019-12-04T11:44:32","date_gmt":"2019-12-04T11:44:32","guid":{"rendered":"http:\/\/psoecanarias.com\/web\/?p=7163"},"modified":"2020-03-28T13:06:34","modified_gmt":"2020-03-28T13:06:34","slug":"gustavo-matos-subraya-en-la-cumbre-del-clima-el-papel-crucial-de-las-regiones-en-la-lucha-contra-el-cambio-climatico","status":"publish","type":"post","link":"https:\/\/psoecanarias.com\/web\/gustavo-matos-subraya-en-la-cumbre-del-clima-el-papel-crucial-de-las-regiones-en-la-lucha-contra-el-cambio-climatico\/","title":{"rendered":"Gustavo Matos subraya en la Cumbre del Clima el papel crucial de las regiones en la lucha contra el cambio clim\u00e1tico"},"content":{"rendered":"<p>&nbsp;<\/p>\n<p><strong>Madrid, 4 de diciembre. &#8211;<\/strong> El presidente de la Conferencia de las Asambleas Legislativas Regionales de Europa (CALRE), el socialista canario Gustavo Matos, subray\u00f3 hoy el papel crucial de los parlamentos europeos con capacidad legislativa en la lucha contra el cambio clim\u00e1tico. \u201cRepresentan a 200 millones de habitantes y su importancia es clave\u201d, dijo en la Cumbre del Clima COP25 que se celebra en Madrid desde el pasado lunes 2 de diciembre hasta el pr\u00f3ximo d\u00eda 13.<\/p>\n<p>Matos intervino en el encuentro \u2018No Planet B Latino Summit\u2019, que tuvo lugar en el escenario central de la Zona Verde de la Instituci\u00f3n Ferial de Madrid. En este espacio particip\u00f3, asimismo, la secretaria general de Ciudades y Gobiernos Locales Unidos (CGLU), Emilia Saiz.<\/p>\n<p>El socialista canario, presidente el Parlamento de Canarias,\u00a0 insisti\u00f3 en que el proyecto europeo pasa, de manera inevitable, por las regiones. \u201cLo mismo sucede con la pol\u00edtica europea de lucha contra el cambio clim\u00e1tico: o se hace con las regiones y administraciones locales o ser\u00e1 a\u00fan m\u00e1s complicado\u201d, se\u00f1al\u00f3.<\/p>\n<p>Gustavo Matos remarc\u00f3 esta apuesta por contar con las regiones con capacidad de legislar y destac\u00f3 que Canarias ha sido pionera en declarar la alerta clim\u00e1tica, iniciando un proyecto regulador de cuestiones sobre esta lucha para hacerla realmente eficaz.<\/p>\n<p>En su intervenci\u00f3n en la COP25 habl\u00f3, asimismo, de la fragilidad medioambiental de Canarias y su dependencia del turismo, raz\u00f3n de m\u00e1s, dijo, para que el archipi\u00e9lago lidere esa lucha.<\/p>\n<p>Matos recalc\u00f3 que esta cumbre \u201ces especial, porque todas las personas que estamos aqu\u00ed coincidimos en que es la \u00faltima oportunidad para adoptar decisiones con resultados directos y eficaces\u201d. Pese al \u201ctiempo que corre en contra\u201d, dijo, \u201cconfiemos en que este encuentro sirva para ejercer presi\u00f3n sobre aquellos Gobiernos de pa\u00edses negacionistas o que se han desmarcado de los grandes acuerdos internacionales sobre el cambio clim\u00e1tico\u201d.<\/p>\n","protected":false},"excerpt":{"rendered":"<p>&nbsp; Madrid, 4 de diciembre. &#8211; El presidente de la Conferencia de las Asambleas Legislativas Regionales de Europa (CALRE), el socialista canario Gustavo Matos, subray\u00f3 hoy el papel crucial de los parlamentos europeos con capacidad legislativa en la lucha contra el cambio clim\u00e1tico. \u201cRepresentan a 200 millones de habitantes y su importancia es clave\u201d, dijo [&hellip;]<\/p>\n","protected":false},"author":1,"featured_media":7164,"comment_status":"open","ping_status":"open","sticky":false,"template":"","format":"standard","meta":{"footnotes":""},"categories":[1184,7],"tags":[],"class_list":["post-7163","post","type-post","status-publish","format-standard","has-post-thumbnail","hentry","category-noticias","category-politica"],"featured_image_src":"https:\/\/psoecanarias.com\/web\/wp-content\/uploads\/2019\/12\/COP256.jpeg","author_info":{"display_name":"PSOE Canarias","author_link":"https:\/\/psoecanarias.com\/web\/author\/admin\/"},"yoast_head":"<!-- This site is optimized with the Yoast SEO plugin v27.2 - https:\/\/yoast.com\/product\/yoast-seo-wordpress\/ -->\n<title>Gustavo Matos subraya en la Cumbre del Clima el papel crucial de las regiones en la lucha contra el cambio clim\u00e1tico | PSOE Canarias<\/title>\n<meta name=\"robots\" content=\"index, follow, max-snippet:-1, max-image-preview:large, max-video-preview:-1\" \/>\n<link rel=\"canonical\" href=\"https:\/\/psoecanarias.com\/web\/gustavo-matos-subraya-en-la-cumbre-del-clima-el-papel-crucial-de-las-regiones-en-la-lucha-contra-el-cambio-climatico\/\" \/>\n<meta property=\"og:locale\" content=\"es_ES\" \/>\n<meta property=\"og:type\" content=\"article\" \/>\n<meta property=\"og:title\" content=\"Gustavo Matos subraya en la Cumbre del Clima el papel crucial de las regiones en la lucha contra el cambio clim\u00e1tico | PSOE Canarias\" \/>\n<meta property=\"og:description\" content=\"&nbsp; Madrid, 4 de diciembre. &#8211; El presidente de la Conferencia de las Asambleas Legislativas Regionales de Europa (CALRE), el socialista canario Gustavo Matos, subray\u00f3 hoy el papel crucial de los parlamentos europeos con capacidad legislativa en la lucha contra el cambio clim\u00e1tico. \u201cRepresentan a 200 millones de habitantes y su importancia es clave\u201d, dijo [&hellip;]\" \/>\n<meta property=\"og:url\" content=\"https:\/\/psoecanarias.com\/web\/gustavo-matos-subraya-en-la-cumbre-del-clima-el-papel-crucial-de-las-regiones-en-la-lucha-contra-el-cambio-climatico\/\" \/>\n<meta property=\"og:site_name\" content=\"PSOE Canarias\" \/>\n<meta property=\"article:published_time\" content=\"2019-12-04T11:44:32+00:00\" \/>\n<meta property=\"article:modified_time\" content=\"2020-03-28T13:06:34+00:00\" \/>\n<meta property=\"og:image\" content=\"https:\/\/psoecanarias.com\/web\/wp-content\/uploads\/2019\/12\/COP256.jpeg\" \/>\n\t<meta property=\"og:image:width\" content=\"2048\" \/>\n\t<meta property=\"og:image:height\" content=\"1536\" \/>\n\t<meta property=\"og:image:type\" content=\"image\/jpeg\" \/>\n<meta name=\"author\" content=\"PSOE Canarias\" \/>\n<meta name=\"twitter:card\" content=\"summary_large_image\" \/>\n<script type=\"application\/ld+json\" class=\"yoast-schema-graph\">{\"@context\":\"https:\/\/schema.org\",\"@graph\":[{\"@type\":\"Article\",\"@id\":\"https:\/\/psoecanarias.com\/web\/gustavo-matos-subraya-en-la-cumbre-del-clima-el-papel-crucial-de-las-regiones-en-la-lucha-contra-el-cambio-climatico\/#article\",\"isPartOf\":{\"@id\":\"https:\/\/psoecanarias.com\/web\/gustavo-matos-subraya-en-la-cumbre-del-clima-el-papel-crucial-de-las-regiones-en-la-lucha-contra-el-cambio-climatico\/\"},\"author\":{\"name\":\"PSOE Canarias\",\"@id\":\"https:\/\/psoecanarias.com\/web\/#\/schema\/person\/1ae43f9659d2fc599ca69c11e1dbf26f\"},\"headline\":\"Gustavo Matos subraya en la Cumbre del Clima el papel crucial de las regiones en la lucha contra el cambio clim\u00e1tico\",\"datePublished\":\"2019-12-04T11:44:32+00:00\",\"dateModified\":\"2020-03-28T13:06:34+00:00\",\"mainEntityOfPage\":{\"@id\":\"https:\/\/psoecanarias.com\/web\/gustavo-matos-subraya-en-la-cumbre-del-clima-el-papel-crucial-de-las-regiones-en-la-lucha-contra-el-cambio-climatico\/\"},\"wordCount\":341,\"commentCount\":0,\"image\":{\"@id\":\"https:\/\/psoecanarias.com\/web\/gustavo-matos-subraya-en-la-cumbre-del-clima-el-papel-crucial-de-las-regiones-en-la-lucha-contra-el-cambio-climatico\/#primaryimage\"},\"thumbnailUrl\":\"https:\/\/psoecanarias.com\/web\/wp-content\/uploads\/2019\/12\/COP256.jpeg\",\"articleSection\":[\"Noticias\",\"Pol\u00edtica\"],\"inLanguage\":\"es\",\"potentialAction\":[{\"@type\":\"CommentAction\",\"name\":\"Comment\",\"target\":[\"https:\/\/psoecanarias.com\/web\/gustavo-matos-subraya-en-la-cumbre-del-clima-el-papel-crucial-de-las-regiones-en-la-lucha-contra-el-cambio-climatico\/#respond\"]}]},{\"@type\":\"WebPage\",\"@id\":\"https:\/\/psoecanarias.com\/web\/gustavo-matos-subraya-en-la-cumbre-del-clima-el-papel-crucial-de-las-regiones-en-la-lucha-contra-el-cambio-climatico\/\",\"url\":\"https:\/\/psoecanarias.com\/web\/gustavo-matos-subraya-en-la-cumbre-del-clima-el-papel-crucial-de-las-regiones-en-la-lucha-contra-el-cambio-climatico\/\",\"name\":\"Gustavo Matos subraya en la Cumbre del Clima el papel crucial de las regiones en la lucha contra el cambio clim\u00e1tico | PSOE Canarias\",\"isPartOf\":{\"@id\":\"https:\/\/psoecanarias.com\/web\/#website\"},\"primaryImageOfPage\":{\"@id\":\"https:\/\/psoecanarias.com\/web\/gustavo-matos-subraya-en-la-cumbre-del-clima-el-papel-crucial-de-las-regiones-en-la-lucha-contra-el-cambio-climatico\/#primaryimage\"},\"image\":{\"@id\":\"https:\/\/psoecanarias.com\/web\/gustavo-matos-subraya-en-la-cumbre-del-clima-el-papel-crucial-de-las-regiones-en-la-lucha-contra-el-cambio-climatico\/#primaryimage\"},\"thumbnailUrl\":\"https:\/\/psoecanarias.com\/web\/wp-content\/uploads\/2019\/12\/COP256.jpeg\",\"datePublished\":\"2019-12-04T11:44:32+00:00\",\"dateModified\":\"2020-03-28T13:06:34+00:00\",\"author\":{\"@id\":\"https:\/\/psoecanarias.com\/web\/#\/schema\/person\/1ae43f9659d2fc599ca69c11e1dbf26f\"},\"breadcrumb\":{\"@id\":\"https:\/\/psoecanarias.com\/web\/gustavo-matos-subraya-en-la-cumbre-del-clima-el-papel-crucial-de-las-regiones-en-la-lucha-contra-el-cambio-climatico\/#breadcrumb\"},\"inLanguage\":\"es\",\"potentialAction\":[{\"@type\":\"ReadAction\",\"target\":[\"https:\/\/psoecanarias.com\/web\/gustavo-matos-subraya-en-la-cumbre-del-clima-el-papel-crucial-de-las-regiones-en-la-lucha-contra-el-cambio-climatico\/\"]}]},{\"@type\":\"ImageObject\",\"inLanguage\":\"es\",\"@id\":\"https:\/\/psoecanarias.com\/web\/gustavo-matos-subraya-en-la-cumbre-del-clima-el-papel-crucial-de-las-regiones-en-la-lucha-contra-el-cambio-climatico\/#primaryimage\",\"url\":\"https:\/\/psoecanarias.com\/web\/wp-content\/uploads\/2019\/12\/COP256.jpeg\",\"contentUrl\":\"https:\/\/psoecanarias.com\/web\/wp-content\/uploads\/2019\/12\/COP256.jpeg\",\"width\":2048,\"height\":1536},{\"@type\":\"BreadcrumbList\",\"@id\":\"https:\/\/psoecanarias.com\/web\/gustavo-matos-subraya-en-la-cumbre-del-clima-el-papel-crucial-de-las-regiones-en-la-lucha-contra-el-cambio-climatico\/#breadcrumb\",\"itemListElement\":[{\"@type\":\"ListItem\",\"position\":1,\"name\":\"Portada\",\"item\":\"https:\/\/psoecanarias.com\/web\/\"},{\"@type\":\"ListItem\",\"position\":2,\"name\":\"Gustavo Matos subraya en la Cumbre del Clima el papel crucial de las regiones en la lucha contra el cambio clim\u00e1tico\"}]},{\"@type\":\"WebSite\",\"@id\":\"https:\/\/psoecanarias.com\/web\/#website\",\"url\":\"https:\/\/psoecanarias.com\/web\/\",\"name\":\"PSOE Canarias\",\"description\":\"Partido Socialista Obrero Espa\u00f1ol Canarias\",\"potentialAction\":[{\"@type\":\"SearchAction\",\"target\":{\"@type\":\"EntryPoint\",\"urlTemplate\":\"https:\/\/psoecanarias.com\/web\/?s={search_term_string}\"},\"query-input\":{\"@type\":\"PropertyValueSpecification\",\"valueRequired\":true,\"valueName\":\"search_term_string\"}}],\"inLanguage\":\"es\"},{\"@type\":\"Person\",\"@id\":\"https:\/\/psoecanarias.com\/web\/#\/schema\/person\/1ae43f9659d2fc599ca69c11e1dbf26f\",\"name\":\"PSOE Canarias\",\"image\":{\"@type\":\"ImageObject\",\"inLanguage\":\"es\",\"@id\":\"https:\/\/secure.gravatar.com\/avatar\/4364d37f6f6f9cdb7af199b46151565f37d8a8c3c0e04c1d78c04e857a15e3a8?s=96&d=mm&r=g\",\"url\":\"https:\/\/secure.gravatar.com\/avatar\/4364d37f6f6f9cdb7af199b46151565f37d8a8c3c0e04c1d78c04e857a15e3a8?s=96&d=mm&r=g\",\"contentUrl\":\"https:\/\/secure.gravatar.com\/avatar\/4364d37f6f6f9cdb7af199b46151565f37d8a8c3c0e04c1d78c04e857a15e3a8?s=96&d=mm&r=g\",\"caption\":\"PSOE Canarias\"},\"url\":\"https:\/\/psoecanarias.com\/web\/author\/admin\/\"}]}<\/script>\n<!-- \/ Yoast SEO plugin. -->","yoast_head_json":{"title":"Gustavo Matos subraya en la Cumbre del Clima el papel crucial de las regiones en la lucha contra el cambio clim\u00e1tico | PSOE Canarias","robots":{"index":"index","follow":"follow","max-snippet":"max-snippet:-1","max-image-preview":"max-image-preview:large","max-video-preview":"max-video-preview:-1"},"canonical":"https:\/\/psoecanarias.com\/web\/gustavo-matos-subraya-en-la-cumbre-del-clima-el-papel-crucial-de-las-regiones-en-la-lucha-contra-el-cambio-climatico\/","og_locale":"es_ES","og_type":"article","og_title":"Gustavo Matos subraya en la Cumbre del Clima el papel crucial de las regiones en la lucha contra el cambio clim\u00e1tico | PSOE Canarias","og_description":"&nbsp; Madrid, 4 de diciembre. &#8211; El presidente de la Conferencia de las Asambleas Legislativas Regionales de Europa (CALRE), el socialista canario Gustavo Matos, subray\u00f3 hoy el papel crucial de los parlamentos europeos con capacidad legislativa en la lucha contra el cambio clim\u00e1tico. \u201cRepresentan a 200 millones de habitantes y su importancia es clave\u201d, dijo [&hellip;]","og_url":"https:\/\/psoecanarias.com\/web\/gustavo-matos-subraya-en-la-cumbre-del-clima-el-papel-crucial-de-las-regiones-en-la-lucha-contra-el-cambio-climatico\/","og_site_name":"PSOE Canarias","article_published_time":"2019-12-04T11:44:32+00:00","article_modified_time":"2020-03-28T13:06:34+00:00","og_image":[{"width":2048,"height":1536,"url":"https:\/\/psoecanarias.com\/web\/wp-content\/uploads\/2019\/12\/COP256.jpeg","type":"image\/jpeg"}],"author":"PSOE Canarias","twitter_card":"summary_large_image","schema":{"@context":"https:\/\/schema.org","@graph":[{"@type":"Article","@id":"https:\/\/psoecanarias.com\/web\/gustavo-matos-subraya-en-la-cumbre-del-clima-el-papel-crucial-de-las-regiones-en-la-lucha-contra-el-cambio-climatico\/#article","isPartOf":{"@id":"https:\/\/psoecanarias.com\/web\/gustavo-matos-subraya-en-la-cumbre-del-clima-el-papel-crucial-de-las-regiones-en-la-lucha-contra-el-cambio-climatico\/"},"author":{"name":"PSOE Canarias","@id":"https:\/\/psoecanarias.com\/web\/#\/schema\/person\/1ae43f9659d2fc599ca69c11e1dbf26f"},"headline":"Gustavo Matos subraya en la Cumbre del Clima el papel crucial de las regiones en la lucha contra el cambio clim\u00e1tico","datePublished":"2019-12-04T11:44:32+00:00","dateModified":"2020-03-28T13:06:34+00:00","mainEntityOfPage":{"@id":"https:\/\/psoecanarias.com\/web\/gustavo-matos-subraya-en-la-cumbre-del-clima-el-papel-crucial-de-las-regiones-en-la-lucha-contra-el-cambio-climatico\/"},"wordCount":341,"commentCount":0,"image":{"@id":"https:\/\/psoecanarias.com\/web\/gustavo-matos-subraya-en-la-cumbre-del-clima-el-papel-crucial-de-las-regiones-en-la-lucha-contra-el-cambio-climatico\/#primaryimage"},"thumbnailUrl":"https:\/\/psoecanarias.com\/web\/wp-content\/uploads\/2019\/12\/COP256.jpeg","articleSection":["Noticias","Pol\u00edtica"],"inLanguage":"es","potentialAction":[{"@type":"CommentAction","name":"Comment","target":["https:\/\/psoecanarias.com\/web\/gustavo-matos-subraya-en-la-cumbre-del-clima-el-papel-crucial-de-las-regiones-en-la-lucha-contra-el-cambio-climatico\/#respond"]}]},{"@type":"WebPage","@id":"https:\/\/psoecanarias.com\/web\/gustavo-matos-subraya-en-la-cumbre-del-clima-el-papel-crucial-de-las-regiones-en-la-lucha-contra-el-cambio-climatico\/","url":"https:\/\/psoecanarias.com\/web\/gustavo-matos-subraya-en-la-cumbre-del-clima-el-papel-crucial-de-las-regiones-en-la-lucha-contra-el-cambio-climatico\/","name":"Gustavo Matos subraya en la Cumbre del Clima el papel crucial de las regiones en la lucha contra el cambio clim\u00e1tico | PSOE Canarias","isPartOf":{"@id":"https:\/\/psoecanarias.com\/web\/#website"},"primaryImageOfPage":{"@id":"https:\/\/psoecanarias.com\/web\/gustavo-matos-subraya-en-la-cumbre-del-clima-el-papel-crucial-de-las-regiones-en-la-lucha-contra-el-cambio-climatico\/#primaryimage"},"image":{"@id":"https:\/\/psoecanarias.com\/web\/gustavo-matos-subraya-en-la-cumbre-del-clima-el-papel-crucial-de-las-regiones-en-la-lucha-contra-el-cambio-climatico\/#primaryimage"},"thumbnailUrl":"https:\/\/psoecanarias.com\/web\/wp-content\/uploads\/2019\/12\/COP256.jpeg","datePublished":"2019-12-04T11:44:32+00:00","dateModified":"2020-03-28T13:06:34+00:00","author":{"@id":"https:\/\/psoecanarias.com\/web\/#\/schema\/person\/1ae43f9659d2fc599ca69c11e1dbf26f"},"breadcrumb":{"@id":"https:\/\/psoecanarias.com\/web\/gustavo-matos-subraya-en-la-cumbre-del-clima-el-papel-crucial-de-las-regiones-en-la-lucha-contra-el-cambio-climatico\/#breadcrumb"},"inLanguage":"es","potentialAction":[{"@type":"ReadAction","target":["https:\/\/psoecanarias.com\/web\/gustavo-matos-subraya-en-la-cumbre-del-clima-el-papel-crucial-de-las-regiones-en-la-lucha-contra-el-cambio-climatico\/"]}]},{"@type":"ImageObject","inLanguage":"es","@id":"https:\/\/psoecanarias.com\/web\/gustavo-matos-subraya-en-la-cumbre-del-clima-el-papel-crucial-de-las-regiones-en-la-lucha-contra-el-cambio-climatico\/#primaryimage","url":"https:\/\/psoecanarias.com\/web\/wp-content\/uploads\/2019\/12\/COP256.jpeg","contentUrl":"https:\/\/psoecanarias.com\/web\/wp-content\/uploads\/2019\/12\/COP256.jpeg","width":2048,"height":1536},{"@type":"BreadcrumbList","@id":"https:\/\/psoecanarias.com\/web\/gustavo-matos-subraya-en-la-cumbre-del-clima-el-papel-crucial-de-las-regiones-en-la-lucha-contra-el-cambio-climatico\/#breadcrumb","itemListElement":[{"@type":"ListItem","position":1,"name":"Portada","item":"https:\/\/psoecanarias.com\/web\/"},{"@type":"ListItem","position":2,"name":"Gustavo Matos subraya en la Cumbre del Clima el papel crucial de las regiones en la lucha contra el cambio clim\u00e1tico"}]},{"@type":"WebSite","@id":"https:\/\/psoecanarias.com\/web\/#website","url":"https:\/\/psoecanarias.com\/web\/","name":"PSOE Canarias","description":"Partido Socialista Obrero Espa\u00f1ol Canarias","potentialAction":[{"@type":"SearchAction","target":{"@type":"EntryPoint","urlTemplate":"https:\/\/psoecanarias.com\/web\/?s={search_term_string}"},"query-input":{"@type":"PropertyValueSpecification","valueRequired":true,"valueName":"search_term_string"}}],"inLanguage":"es"},{"@type":"Person","@id":"https:\/\/psoecanarias.com\/web\/#\/schema\/person\/1ae43f9659d2fc599ca69c11e1dbf26f","name":"PSOE Canarias","image":{"@type":"ImageObject","inLanguage":"es","@id":"https:\/\/secure.gravatar.com\/avatar\/4364d37f6f6f9cdb7af199b46151565f37d8a8c3c0e04c1d78c04e857a15e3a8?s=96&d=mm&r=g","url":"https:\/\/secure.gravatar.com\/avatar\/4364d37f6f6f9cdb7af199b46151565f37d8a8c3c0e04c1d78c04e857a15e3a8?s=96&d=mm&r=g","contentUrl":"https:\/\/secure.gravatar.com\/avatar\/4364d37f6f6f9cdb7af199b46151565f37d8a8c3c0e04c1d78c04e857a15e3a8?s=96&d=mm&r=g","caption":"PSOE Canarias"},"url":"https:\/\/psoecanarias.com\/web\/author\/admin\/"}]}},"_links":{"self":[{"href":"https:\/\/psoecanarias.com\/web\/wp-json\/wp\/v2\/posts\/7163","targetHints":{"allow":["GET"]}}],"collection":[{"href":"https:\/\/psoecanarias.com\/web\/wp-json\/wp\/v2\/posts"}],"about":[{"href":"https:\/\/psoecanarias.com\/web\/wp-json\/wp\/v2\/types\/post"}],"author":[{"embeddable":true,"href":"https:\/\/psoecanarias.com\/web\/wp-json\/wp\/v2\/users\/1"}],"replies":[{"embeddable":true,"href":"https:\/\/psoecanarias.com\/web\/wp-json\/wp\/v2\/comments?post=7163"}],"version-history":[{"count":3,"href":"https:\/\/psoecanarias.com\/web\/wp-json\/wp\/v2\/posts\/7163\/revisions"}],"predecessor-version":[{"id":8797,"href":"https:\/\/psoecanarias.com\/web\/wp-json\/wp\/v2\/posts\/7163\/revisions\/8797"}],"wp:featuredmedia":[{"embeddable":true,"href":"https:\/\/psoecanarias.com\/web\/wp-json\/wp\/v2\/media\/7164"}],"wp:attachment":[{"href":"https:\/\/psoecanarias.com\/web\/wp-json\/wp\/v2\/media?parent=7163"}],"wp:term":[{"taxonomy":"category","embeddable":true,"href":"https:\/\/psoecanarias.com\/web\/wp-json\/wp\/v2\/categories?post=7163"},{"taxonomy":"post_tag","embeddable":true,"href":"https:\/\/psoecanarias.com\/web\/wp-json\/wp\/v2\/tags?post=7163"}],"curies":[{"name":"wp","href":"https:\/\/api.w.org\/{rel}","templated":true}]}}