{"id":75,"date":"2015-04-02T21:39:58","date_gmt":"2015-04-02T21:39:58","guid":{"rendered":"http:\/\/127.0.0.1\/maskitto-light\/?p=75"},"modified":"2015-04-10T11:00:10","modified_gmt":"2015-04-10T10:00:10","slug":"is-221","status":"publish","type":"post","link":"https:\/\/psoecanarias.com\/web\/is-221\/","title":{"rendered":"M\u00e1s centros sociosanitarios para mayores en Fuerteventura"},"content":{"rendered":"<h5><strong>El candidato del PSOE por Fuerteventura al Parlamento de Canarias considera que esos centros &#8220;deben planificarse y construirse en la pr\u00f3xima legislatura sin mayor dilaci\u00f3n&#8221;<\/strong><\/h5>\n<p>El candidato del PSOE al Parlamento de Canarias por la isla de Fuerteventura, I\u00f1aki Lavandera, propone la construcci\u00f3n de centros sociosanitarios que den respuesta a personas mayores en situaci\u00f3n de dependencia y que tambi\u00e9n cuenten con un servicio de atenci\u00f3n residencial para el resto de colectivos. Entiende que las plazas sociosanitarias &#8220;son insuficientes y deben ser una realidad la pr\u00f3xima legislatura sin mayor dilaci\u00f3n&#8221;.<\/p>\n<p>Lavandera explica que este servicio de atenci\u00f3n residencial ser\u00eda de tipo integral y continuado, de car\u00e1cter personal, social y sanitario, que se prestar\u00eda teniendo en cuenta la naturaleza de la dependencia, grado de la misma e intensidad de cuidados que precise la persona. Se\u00f1ala que podr\u00eda tener car\u00e1cter permanente cuando el centro residencial sea la residencia habitual de la persona en situaci\u00f3n de dependencia, o temporal cuando se atiendan estancias puntuales de convalecencia o durante vacaciones, fines de semana y enfermedades o per\u00edodos de descanso de los cuidadores no profesionales.<\/p>\n<p>El tambi\u00e9n\u00a0parlamentario socialista subraya que en Fuerteventura existe una infradotaci\u00f3n de recursos sociosanitarios, pues el ratio de plazas por cada mil habitantes es de 0,70, frente al 2,45 de Gran Canaria, el 1,52 de Lanzarote, el 2,31 de Tenerife, el 4,65 de La Gomera, el 3,07 de La Palma o el 11, 24 de El Hierro. La media de Canarias supera en casi dos puntos el ratio de\u00a0Fuerteventura, alcanzado el 2,34.<\/p>\n<p>Lavandera hace hincapi\u00e9 en que\u00a0debe ser una prioridad inexcusable aspirar a tener las mismas plazas sociosanitarias por cada 1.000 habitantes que el resto de Canarias, para lo que la isla tendr\u00eda que crecer en 150 plazas. Actualmente, con una poblaci\u00f3n de m\u00e1s de 106.000 habitantes, cuenta con un total de 75, mientras que islas como El Hierro, con una poblaci\u00f3n de 11.000 habitantes, ofrecen 124 plazas. La Palma, con 85.400 habitantes, ofrece 272 plazas; La Gomera, con 22.300, cuenta con 104 plazas.<\/p>\n","protected":false},"excerpt":{"rendered":"<p>I\u00f1aki Lavandera afirma que las plazas sociosanitarias en la isla son insuficientes y deben ser aumentadas la pr\u00f3xima legislatura sin mayor dilaci\u00f3n.<\/p>\n","protected":false},"author":1,"featured_media":297,"comment_status":"open","ping_status":"open","sticky":false,"template":"","format":"standard","meta":{"footnotes":""},"categories":[7],"tags":[33,36,11,31,32,34,37,10,35,25],"class_list":["post-75","post","type-post","status-publish","format-standard","has-post-thumbnail","hentry","category-politica","tag-alvaro-lavandera","tag-asuntos-sociales","tag-canarias","tag-fuerteventura","tag-inaki-lavandera","tag-mayores","tag-parlamento","tag-psoe","tag-sanidad","tag-socialistas"],"featured_image_src":"https:\/\/psoecanarias.com\/web\/wp-content\/uploads\/2015\/01\/Inaki-Lavandera-PSOE-Fuerteventura.jpg","author_info":{"display_name":"PSOE Canarias","author_link":"https:\/\/psoecanarias.com\/web\/author\/admin\/"},"yoast_head":"<!-- This site is optimized with the Yoast SEO plugin v27.2 - https:\/\/yoast.com\/product\/yoast-seo-wordpress\/ -->\n<title>M\u00e1s centros sociosanitarios para mayores en Fuerteventura | PSOE Canarias<\/title>\n<meta name=\"robots\" content=\"index, follow, max-snippet:-1, max-image-preview:large, max-video-preview:-1\" \/>\n<link rel=\"canonical\" href=\"https:\/\/psoecanarias.com\/web\/is-221\/\" \/>\n<meta property=\"og:locale\" content=\"es_ES\" \/>\n<meta property=\"og:type\" content=\"article\" \/>\n<meta property=\"og:title\" content=\"M\u00e1s centros sociosanitarios para mayores en Fuerteventura | PSOE Canarias\" \/>\n<meta property=\"og:description\" content=\"I\u00f1aki Lavandera afirma que las plazas sociosanitarias en la isla son insuficientes y deben ser aumentadas la pr\u00f3xima legislatura sin mayor dilaci\u00f3n.\" \/>\n<meta property=\"og:url\" content=\"https:\/\/psoecanarias.com\/web\/is-221\/\" \/>\n<meta property=\"og:site_name\" content=\"PSOE Canarias\" \/>\n<meta property=\"article:published_time\" content=\"2015-04-02T21:39:58+00:00\" \/>\n<meta property=\"article:modified_time\" content=\"2015-04-10T10:00:10+00:00\" \/>\n<meta property=\"og:image\" content=\"https:\/\/psoecanarias.com\/web\/wp-content\/uploads\/2015\/01\/Inaki-Lavandera-PSOE-Fuerteventura.jpg\" \/>\n\t<meta property=\"og:image:width\" content=\"960\" \/>\n\t<meta property=\"og:image:height\" content=\"591\" \/>\n\t<meta property=\"og:image:type\" content=\"image\/jpeg\" \/>\n<meta name=\"author\" content=\"PSOE Canarias\" \/>\n<meta name=\"twitter:card\" content=\"summary_large_image\" \/>\n<script type=\"application\/ld+json\" class=\"yoast-schema-graph\">{\"@context\":\"https:\/\/schema.org\",\"@graph\":[{\"@type\":\"Article\",\"@id\":\"https:\/\/psoecanarias.com\/web\/is-221\/#article\",\"isPartOf\":{\"@id\":\"https:\/\/psoecanarias.com\/web\/is-221\/\"},\"author\":{\"name\":\"PSOE Canarias\",\"@id\":\"https:\/\/psoecanarias.com\/web\/#\/schema\/person\/1ae43f9659d2fc599ca69c11e1dbf26f\"},\"headline\":\"M\u00e1s centros sociosanitarios para mayores en Fuerteventura\",\"datePublished\":\"2015-04-02T21:39:58+00:00\",\"dateModified\":\"2015-04-10T10:00:10+00:00\",\"mainEntityOfPage\":{\"@id\":\"https:\/\/psoecanarias.com\/web\/is-221\/\"},\"wordCount\":348,\"commentCount\":0,\"image\":{\"@id\":\"https:\/\/psoecanarias.com\/web\/is-221\/#primaryimage\"},\"thumbnailUrl\":\"https:\/\/psoecanarias.com\/web\/wp-content\/uploads\/2015\/01\/Inaki-Lavandera-PSOE-Fuerteventura.jpg\",\"keywords\":[\"\u00c1lvaro Lavandera\",\"asuntos sociales\",\"Canarias\",\"Fuerteventura\",\"I\u00f1aki Lavandera\",\"mayores\",\"Parlamento\",\"PSOE\",\"sanidad\",\"socialistas\"],\"articleSection\":[\"Pol\u00edtica\"],\"inLanguage\":\"es\",\"potentialAction\":[{\"@type\":\"CommentAction\",\"name\":\"Comment\",\"target\":[\"https:\/\/psoecanarias.com\/web\/is-221\/#respond\"]}]},{\"@type\":\"WebPage\",\"@id\":\"https:\/\/psoecanarias.com\/web\/is-221\/\",\"url\":\"https:\/\/psoecanarias.com\/web\/is-221\/\",\"name\":\"M\u00e1s centros sociosanitarios para mayores en Fuerteventura | PSOE Canarias\",\"isPartOf\":{\"@id\":\"https:\/\/psoecanarias.com\/web\/#website\"},\"primaryImageOfPage\":{\"@id\":\"https:\/\/psoecanarias.com\/web\/is-221\/#primaryimage\"},\"image\":{\"@id\":\"https:\/\/psoecanarias.com\/web\/is-221\/#primaryimage\"},\"thumbnailUrl\":\"https:\/\/psoecanarias.com\/web\/wp-content\/uploads\/2015\/01\/Inaki-Lavandera-PSOE-Fuerteventura.jpg\",\"datePublished\":\"2015-04-02T21:39:58+00:00\",\"dateModified\":\"2015-04-10T10:00:10+00:00\",\"author\":{\"@id\":\"https:\/\/psoecanarias.com\/web\/#\/schema\/person\/1ae43f9659d2fc599ca69c11e1dbf26f\"},\"breadcrumb\":{\"@id\":\"https:\/\/psoecanarias.com\/web\/is-221\/#breadcrumb\"},\"inLanguage\":\"es\",\"potentialAction\":[{\"@type\":\"ReadAction\",\"target\":[\"https:\/\/psoecanarias.com\/web\/is-221\/\"]}]},{\"@type\":\"ImageObject\",\"inLanguage\":\"es\",\"@id\":\"https:\/\/psoecanarias.com\/web\/is-221\/#primaryimage\",\"url\":\"https:\/\/psoecanarias.com\/web\/wp-content\/uploads\/2015\/01\/Inaki-Lavandera-PSOE-Fuerteventura.jpg\",\"contentUrl\":\"https:\/\/psoecanarias.com\/web\/wp-content\/uploads\/2015\/01\/Inaki-Lavandera-PSOE-Fuerteventura.jpg\",\"width\":960,\"height\":591,\"caption\":\"El diputado socialista I\u00f1aki \u00c1lvaro Lavandera.\"},{\"@type\":\"BreadcrumbList\",\"@id\":\"https:\/\/psoecanarias.com\/web\/is-221\/#breadcrumb\",\"itemListElement\":[{\"@type\":\"ListItem\",\"position\":1,\"name\":\"Portada\",\"item\":\"https:\/\/psoecanarias.com\/web\/\"},{\"@type\":\"ListItem\",\"position\":2,\"name\":\"M\u00e1s centros sociosanitarios para mayores en Fuerteventura\"}]},{\"@type\":\"WebSite\",\"@id\":\"https:\/\/psoecanarias.com\/web\/#website\",\"url\":\"https:\/\/psoecanarias.com\/web\/\",\"name\":\"PSOE Canarias\",\"description\":\"Partido Socialista Obrero Espa\u00f1ol Canarias\",\"potentialAction\":[{\"@type\":\"SearchAction\",\"target\":{\"@type\":\"EntryPoint\",\"urlTemplate\":\"https:\/\/psoecanarias.com\/web\/?s={search_term_string}\"},\"query-input\":{\"@type\":\"PropertyValueSpecification\",\"valueRequired\":true,\"valueName\":\"search_term_string\"}}],\"inLanguage\":\"es\"},{\"@type\":\"Person\",\"@id\":\"https:\/\/psoecanarias.com\/web\/#\/schema\/person\/1ae43f9659d2fc599ca69c11e1dbf26f\",\"name\":\"PSOE Canarias\",\"image\":{\"@type\":\"ImageObject\",\"inLanguage\":\"es\",\"@id\":\"https:\/\/secure.gravatar.com\/avatar\/4364d37f6f6f9cdb7af199b46151565f37d8a8c3c0e04c1d78c04e857a15e3a8?s=96&d=mm&r=g\",\"url\":\"https:\/\/secure.gravatar.com\/avatar\/4364d37f6f6f9cdb7af199b46151565f37d8a8c3c0e04c1d78c04e857a15e3a8?s=96&d=mm&r=g\",\"contentUrl\":\"https:\/\/secure.gravatar.com\/avatar\/4364d37f6f6f9cdb7af199b46151565f37d8a8c3c0e04c1d78c04e857a15e3a8?s=96&d=mm&r=g\",\"caption\":\"PSOE Canarias\"},\"url\":\"https:\/\/psoecanarias.com\/web\/author\/admin\/\"}]}<\/script>\n<!-- \/ Yoast SEO plugin. -->","yoast_head_json":{"title":"M\u00e1s centros sociosanitarios para mayores en Fuerteventura | PSOE Canarias","robots":{"index":"index","follow":"follow","max-snippet":"max-snippet:-1","max-image-preview":"max-image-preview:large","max-video-preview":"max-video-preview:-1"},"canonical":"https:\/\/psoecanarias.com\/web\/is-221\/","og_locale":"es_ES","og_type":"article","og_title":"M\u00e1s centros sociosanitarios para mayores en Fuerteventura | PSOE Canarias","og_description":"I\u00f1aki Lavandera afirma que las plazas sociosanitarias en la isla son insuficientes y deben ser aumentadas la pr\u00f3xima legislatura sin mayor dilaci\u00f3n.","og_url":"https:\/\/psoecanarias.com\/web\/is-221\/","og_site_name":"PSOE Canarias","article_published_time":"2015-04-02T21:39:58+00:00","article_modified_time":"2015-04-10T10:00:10+00:00","og_image":[{"width":960,"height":591,"url":"https:\/\/psoecanarias.com\/web\/wp-content\/uploads\/2015\/01\/Inaki-Lavandera-PSOE-Fuerteventura.jpg","type":"image\/jpeg"}],"author":"PSOE Canarias","twitter_card":"summary_large_image","schema":{"@context":"https:\/\/schema.org","@graph":[{"@type":"Article","@id":"https:\/\/psoecanarias.com\/web\/is-221\/#article","isPartOf":{"@id":"https:\/\/psoecanarias.com\/web\/is-221\/"},"author":{"name":"PSOE Canarias","@id":"https:\/\/psoecanarias.com\/web\/#\/schema\/person\/1ae43f9659d2fc599ca69c11e1dbf26f"},"headline":"M\u00e1s centros sociosanitarios para mayores en Fuerteventura","datePublished":"2015-04-02T21:39:58+00:00","dateModified":"2015-04-10T10:00:10+00:00","mainEntityOfPage":{"@id":"https:\/\/psoecanarias.com\/web\/is-221\/"},"wordCount":348,"commentCount":0,"image":{"@id":"https:\/\/psoecanarias.com\/web\/is-221\/#primaryimage"},"thumbnailUrl":"https:\/\/psoecanarias.com\/web\/wp-content\/uploads\/2015\/01\/Inaki-Lavandera-PSOE-Fuerteventura.jpg","keywords":["\u00c1lvaro Lavandera","asuntos sociales","Canarias","Fuerteventura","I\u00f1aki Lavandera","mayores","Parlamento","PSOE","sanidad","socialistas"],"articleSection":["Pol\u00edtica"],"inLanguage":"es","potentialAction":[{"@type":"CommentAction","name":"Comment","target":["https:\/\/psoecanarias.com\/web\/is-221\/#respond"]}]},{"@type":"WebPage","@id":"https:\/\/psoecanarias.com\/web\/is-221\/","url":"https:\/\/psoecanarias.com\/web\/is-221\/","name":"M\u00e1s centros sociosanitarios para mayores en Fuerteventura | PSOE Canarias","isPartOf":{"@id":"https:\/\/psoecanarias.com\/web\/#website"},"primaryImageOfPage":{"@id":"https:\/\/psoecanarias.com\/web\/is-221\/#primaryimage"},"image":{"@id":"https:\/\/psoecanarias.com\/web\/is-221\/#primaryimage"},"thumbnailUrl":"https:\/\/psoecanarias.com\/web\/wp-content\/uploads\/2015\/01\/Inaki-Lavandera-PSOE-Fuerteventura.jpg","datePublished":"2015-04-02T21:39:58+00:00","dateModified":"2015-04-10T10:00:10+00:00","author":{"@id":"https:\/\/psoecanarias.com\/web\/#\/schema\/person\/1ae43f9659d2fc599ca69c11e1dbf26f"},"breadcrumb":{"@id":"https:\/\/psoecanarias.com\/web\/is-221\/#breadcrumb"},"inLanguage":"es","potentialAction":[{"@type":"ReadAction","target":["https:\/\/psoecanarias.com\/web\/is-221\/"]}]},{"@type":"ImageObject","inLanguage":"es","@id":"https:\/\/psoecanarias.com\/web\/is-221\/#primaryimage","url":"https:\/\/psoecanarias.com\/web\/wp-content\/uploads\/2015\/01\/Inaki-Lavandera-PSOE-Fuerteventura.jpg","contentUrl":"https:\/\/psoecanarias.com\/web\/wp-content\/uploads\/2015\/01\/Inaki-Lavandera-PSOE-Fuerteventura.jpg","width":960,"height":591,"caption":"El diputado socialista I\u00f1aki \u00c1lvaro Lavandera."},{"@type":"BreadcrumbList","@id":"https:\/\/psoecanarias.com\/web\/is-221\/#breadcrumb","itemListElement":[{"@type":"ListItem","position":1,"name":"Portada","item":"https:\/\/psoecanarias.com\/web\/"},{"@type":"ListItem","position":2,"name":"M\u00e1s centros sociosanitarios para mayores en Fuerteventura"}]},{"@type":"WebSite","@id":"https:\/\/psoecanarias.com\/web\/#website","url":"https:\/\/psoecanarias.com\/web\/","name":"PSOE Canarias","description":"Partido Socialista Obrero Espa\u00f1ol Canarias","potentialAction":[{"@type":"SearchAction","target":{"@type":"EntryPoint","urlTemplate":"https:\/\/psoecanarias.com\/web\/?s={search_term_string}"},"query-input":{"@type":"PropertyValueSpecification","valueRequired":true,"valueName":"search_term_string"}}],"inLanguage":"es"},{"@type":"Person","@id":"https:\/\/psoecanarias.com\/web\/#\/schema\/person\/1ae43f9659d2fc599ca69c11e1dbf26f","name":"PSOE Canarias","image":{"@type":"ImageObject","inLanguage":"es","@id":"https:\/\/secure.gravatar.com\/avatar\/4364d37f6f6f9cdb7af199b46151565f37d8a8c3c0e04c1d78c04e857a15e3a8?s=96&d=mm&r=g","url":"https:\/\/secure.gravatar.com\/avatar\/4364d37f6f6f9cdb7af199b46151565f37d8a8c3c0e04c1d78c04e857a15e3a8?s=96&d=mm&r=g","contentUrl":"https:\/\/secure.gravatar.com\/avatar\/4364d37f6f6f9cdb7af199b46151565f37d8a8c3c0e04c1d78c04e857a15e3a8?s=96&d=mm&r=g","caption":"PSOE Canarias"},"url":"https:\/\/psoecanarias.com\/web\/author\/admin\/"}]}},"_links":{"self":[{"href":"https:\/\/psoecanarias.com\/web\/wp-json\/wp\/v2\/posts\/75","targetHints":{"allow":["GET"]}}],"collection":[{"href":"https:\/\/psoecanarias.com\/web\/wp-json\/wp\/v2\/posts"}],"about":[{"href":"https:\/\/psoecanarias.com\/web\/wp-json\/wp\/v2\/types\/post"}],"author":[{"embeddable":true,"href":"https:\/\/psoecanarias.com\/web\/wp-json\/wp\/v2\/users\/1"}],"replies":[{"embeddable":true,"href":"https:\/\/psoecanarias.com\/web\/wp-json\/wp\/v2\/comments?post=75"}],"version-history":[{"count":7,"href":"https:\/\/psoecanarias.com\/web\/wp-json\/wp\/v2\/posts\/75\/revisions"}],"predecessor-version":[{"id":302,"href":"https:\/\/psoecanarias.com\/web\/wp-json\/wp\/v2\/posts\/75\/revisions\/302"}],"wp:featuredmedia":[{"embeddable":true,"href":"https:\/\/psoecanarias.com\/web\/wp-json\/wp\/v2\/media\/297"}],"wp:attachment":[{"href":"https:\/\/psoecanarias.com\/web\/wp-json\/wp\/v2\/media?parent=75"}],"wp:term":[{"taxonomy":"category","embeddable":true,"href":"https:\/\/psoecanarias.com\/web\/wp-json\/wp\/v2\/categories?post=75"},{"taxonomy":"post_tag","embeddable":true,"href":"https:\/\/psoecanarias.com\/web\/wp-json\/wp\/v2\/tags?post=75"}],"curies":[{"name":"wp","href":"https:\/\/api.w.org\/{rel}","templated":true}]}}