{"id":77,"date":"2015-03-25T13:40:27","date_gmt":"2015-03-25T13:40:27","guid":{"rendered":"http:\/\/127.0.0.1\/maskitto-light\/?p=77"},"modified":"2015-04-05T20:06:58","modified_gmt":"2015-04-05T20:06:58","slug":"fuentes-curbelo-ref","status":"publish","type":"post","link":"https:\/\/psoecanarias.com\/web\/fuentes-curbelo-ref\/","title":{"rendered":"Fuentes Curbelo: \u201cSi no se actualiza el REF, no habr\u00e1 recuperaci\u00f3n econ\u00f3mica en Canarias\u201d"},"content":{"rendered":"<h5><strong>El senador canario recrimina a Jos\u00e9 Manuel Soria en el Pleno de la C\u00e1mara Alta que el Gobierno no se haya pronunciado despu\u00e9s de un a\u00f1o sobre la propuesta remitida por el Ejecutivo auton\u00f3mico.<\/strong><\/h5>\n<p>\u201cSi no se actualiza el R\u00e9gimen Econ\u00f3mico y Fiscal (REF), no habr\u00e1 recuperaci\u00f3n econ\u00f3mica en Canarias\u201d. As\u00ed lo manifest\u00f3\u00a0el senador canario por Fuerteventura, Domingo Fuentes Curbelo, durante una pregunta oral en el Pleno de la C\u00e1mara Alta dirigida al Gobierno del Estado, cuesti\u00f3n que deb\u00eda haber respondido el ministro de Hacienda, Crist\u00f3bal Montoro, pero ante la que este \u201cse ha escabullido para echar delante a Jos\u00e9 Manuel Soria\u201d, titular de Industria y Turismo.<\/p>\n<p>Fuentes, que tach\u00f3 de \u201cdesprecio a la ciudadan\u00eda canaria\u201d la asignaci\u00f3n al ministro canario de la contestaci\u00f3n a su pregunta, recrimin\u00f3 al PP que el Gobierno del Estado no se haya pronunciado, despu\u00e9s de un a\u00f1o, sobre la propuesta de REF econ\u00f3mico remitida por el Gobierno canario previo acuerdo del Parlamento auton\u00f3mico, m\u00e1s cuando ha trascendido que el Ministerio de Hacienda \u201ctiene la intenci\u00f3n de aplazar hasta 2016 este debate e incluso condicionar su contenido al futuro acuerdo de financiaci\u00f3n auton\u00f3mica\u201d.<\/p>\n<p>\u201cEste planteamiento liquidar\u00eda el tratamiento diferenciador y el valor jur\u00eddico del REF, que durante m\u00e1s de cuatro d\u00e9cadas se ha constituido como el fuero canario\u201d, alert\u00f3 Fuentes Curbelo. Para \u00e9l, resulta \u201cpreocupante para el futuro de los canarios y las canarias\u201d que no se aclare si se va a afrontar en esta legislatura la modificaci\u00f3n del REF econ\u00f3mico, as\u00ed como el hecho de que Soria reconozca, tal como hizo en su respuesta en el Senado, que tienen \u201cen un caj\u00f3n\u201d el documento remitido por el Gobierno de Canarias, \u201ca la espera de otro m\u00e1s detallado que se negocia con patronal y sindicatos\u201d.<\/p>\n<p><strong>\u201cNo hay nuevo REF\u201d.<\/strong><\/p>\n<p>\u201cEn estos momentos no hay nuevo REF\u201d, sentenci\u00f3 el senador por Fuerteventura. A su juicio, hasta el momento solo se han aprobado algunas medidas fiscales, los incentivos a la imposici\u00f3n, \u201cpero lo que afecta al d\u00eda a d\u00eda de los ciudadanos que vivimos en las Islas no se ha tocado desde hace veinte a\u00f1os\u201d. Por este motivo, Fuentes denunci\u00f3 que mientras en lo que se refiere a la parte fiscal, \u201cla que beneficia a empresarios y sector financiero\u201d, el Gobierno de Mariano Rajoy se ha mostrado \u201cmuy satisfecho, a la hora de abordar los aspectos m\u00e1s sociales \u201cse nota su falta de voluntad negociadora\u201d.<\/p>\n","protected":false},"excerpt":{"rendered":"<p>El senador canario recrimina a Jos\u00e9 Manuel Soria que el Gobierno no se haya pronunciado despu\u00e9s de un a\u00f1o sobre la propuesta remitida por el Ejecutivo auton\u00f3mico.<\/p>\n","protected":false},"author":1,"featured_media":335,"comment_status":"open","ping_status":"open","sticky":false,"template":"","format":"standard","meta":{"footnotes":""},"categories":[7],"tags":[11,39,31,41,10,40,38,42],"class_list":["post-77","post","type-post","status-publish","format-standard","has-post-thumbnail","hentry","category-politica","tag-canarias","tag-domingo-fuentes-curbelo","tag-fuerteventura","tag-jose-manuel-soria","tag-psoe","tag-ref","tag-senado","tag-soria"],"featured_image_src":"https:\/\/psoecanarias.com\/web\/wp-content\/uploads\/2015\/01\/fuentes-curbelo.jpg","author_info":{"display_name":"PSOE Canarias","author_link":"https:\/\/psoecanarias.com\/web\/author\/admin\/"},"yoast_head":"<!-- This site is optimized with the Yoast SEO plugin v27.2 - https:\/\/yoast.com\/product\/yoast-seo-wordpress\/ -->\n<title>Fuentes Curbelo: \u201cSi no se actualiza el REF, no habr\u00e1 recuperaci\u00f3n econ\u00f3mica en Canarias\u201d | PSOE Canarias<\/title>\n<meta name=\"robots\" content=\"index, follow, max-snippet:-1, max-image-preview:large, max-video-preview:-1\" \/>\n<link rel=\"canonical\" href=\"https:\/\/psoecanarias.com\/web\/fuentes-curbelo-ref\/\" \/>\n<meta property=\"og:locale\" content=\"es_ES\" \/>\n<meta property=\"og:type\" content=\"article\" \/>\n<meta property=\"og:title\" content=\"Fuentes Curbelo: \u201cSi no se actualiza el REF, no habr\u00e1 recuperaci\u00f3n econ\u00f3mica en Canarias\u201d | PSOE Canarias\" \/>\n<meta property=\"og:description\" content=\"El senador canario recrimina a Jos\u00e9 Manuel Soria que el Gobierno no se haya pronunciado despu\u00e9s de un a\u00f1o sobre la propuesta remitida por el Ejecutivo auton\u00f3mico.\" \/>\n<meta property=\"og:url\" content=\"https:\/\/psoecanarias.com\/web\/fuentes-curbelo-ref\/\" \/>\n<meta property=\"og:site_name\" content=\"PSOE Canarias\" \/>\n<meta property=\"article:published_time\" content=\"2015-03-25T13:40:27+00:00\" \/>\n<meta property=\"article:modified_time\" content=\"2015-04-05T20:06:58+00:00\" \/>\n<meta property=\"og:image\" content=\"https:\/\/psoecanarias.com\/web\/wp-content\/uploads\/2015\/01\/fuentes-curbelo.jpg\" \/>\n\t<meta property=\"og:image:width\" content=\"1024\" \/>\n\t<meta property=\"og:image:height\" content=\"613\" \/>\n\t<meta property=\"og:image:type\" content=\"image\/jpeg\" \/>\n<meta name=\"author\" content=\"PSOE Canarias\" \/>\n<meta name=\"twitter:card\" content=\"summary_large_image\" \/>\n<script type=\"application\/ld+json\" class=\"yoast-schema-graph\">{\"@context\":\"https:\/\/schema.org\",\"@graph\":[{\"@type\":\"Article\",\"@id\":\"https:\/\/psoecanarias.com\/web\/fuentes-curbelo-ref\/#article\",\"isPartOf\":{\"@id\":\"https:\/\/psoecanarias.com\/web\/fuentes-curbelo-ref\/\"},\"author\":{\"name\":\"PSOE Canarias\",\"@id\":\"https:\/\/psoecanarias.com\/web\/#\/schema\/person\/1ae43f9659d2fc599ca69c11e1dbf26f\"},\"headline\":\"Fuentes Curbelo: \u201cSi no se actualiza el REF, no habr\u00e1 recuperaci\u00f3n econ\u00f3mica en Canarias\u201d\",\"datePublished\":\"2015-03-25T13:40:27+00:00\",\"dateModified\":\"2015-04-05T20:06:58+00:00\",\"mainEntityOfPage\":{\"@id\":\"https:\/\/psoecanarias.com\/web\/fuentes-curbelo-ref\/\"},\"wordCount\":450,\"commentCount\":0,\"image\":{\"@id\":\"https:\/\/psoecanarias.com\/web\/fuentes-curbelo-ref\/#primaryimage\"},\"thumbnailUrl\":\"https:\/\/psoecanarias.com\/web\/wp-content\/uploads\/2015\/01\/fuentes-curbelo.jpg\",\"keywords\":[\"Canarias\",\"Domingo Fuentes Curbelo\",\"Fuerteventura\",\"Jos\u00e9 Manuel Soria\",\"PSOE\",\"REF\",\"Senado\",\"Soria\"],\"articleSection\":[\"Pol\u00edtica\"],\"inLanguage\":\"es\",\"potentialAction\":[{\"@type\":\"CommentAction\",\"name\":\"Comment\",\"target\":[\"https:\/\/psoecanarias.com\/web\/fuentes-curbelo-ref\/#respond\"]}]},{\"@type\":\"WebPage\",\"@id\":\"https:\/\/psoecanarias.com\/web\/fuentes-curbelo-ref\/\",\"url\":\"https:\/\/psoecanarias.com\/web\/fuentes-curbelo-ref\/\",\"name\":\"Fuentes Curbelo: \u201cSi no se actualiza el REF, no habr\u00e1 recuperaci\u00f3n econ\u00f3mica en Canarias\u201d | PSOE Canarias\",\"isPartOf\":{\"@id\":\"https:\/\/psoecanarias.com\/web\/#website\"},\"primaryImageOfPage\":{\"@id\":\"https:\/\/psoecanarias.com\/web\/fuentes-curbelo-ref\/#primaryimage\"},\"image\":{\"@id\":\"https:\/\/psoecanarias.com\/web\/fuentes-curbelo-ref\/#primaryimage\"},\"thumbnailUrl\":\"https:\/\/psoecanarias.com\/web\/wp-content\/uploads\/2015\/01\/fuentes-curbelo.jpg\",\"datePublished\":\"2015-03-25T13:40:27+00:00\",\"dateModified\":\"2015-04-05T20:06:58+00:00\",\"author\":{\"@id\":\"https:\/\/psoecanarias.com\/web\/#\/schema\/person\/1ae43f9659d2fc599ca69c11e1dbf26f\"},\"breadcrumb\":{\"@id\":\"https:\/\/psoecanarias.com\/web\/fuentes-curbelo-ref\/#breadcrumb\"},\"inLanguage\":\"es\",\"potentialAction\":[{\"@type\":\"ReadAction\",\"target\":[\"https:\/\/psoecanarias.com\/web\/fuentes-curbelo-ref\/\"]}]},{\"@type\":\"ImageObject\",\"inLanguage\":\"es\",\"@id\":\"https:\/\/psoecanarias.com\/web\/fuentes-curbelo-ref\/#primaryimage\",\"url\":\"https:\/\/psoecanarias.com\/web\/wp-content\/uploads\/2015\/01\/fuentes-curbelo.jpg\",\"contentUrl\":\"https:\/\/psoecanarias.com\/web\/wp-content\/uploads\/2015\/01\/fuentes-curbelo.jpg\",\"width\":1024,\"height\":613,\"caption\":\"Domingo Fuentes Curbelo\"},{\"@type\":\"BreadcrumbList\",\"@id\":\"https:\/\/psoecanarias.com\/web\/fuentes-curbelo-ref\/#breadcrumb\",\"itemListElement\":[{\"@type\":\"ListItem\",\"position\":1,\"name\":\"Portada\",\"item\":\"https:\/\/psoecanarias.com\/web\/\"},{\"@type\":\"ListItem\",\"position\":2,\"name\":\"Fuentes Curbelo: \u201cSi no se actualiza el REF, no habr\u00e1 recuperaci\u00f3n econ\u00f3mica en Canarias\u201d\"}]},{\"@type\":\"WebSite\",\"@id\":\"https:\/\/psoecanarias.com\/web\/#website\",\"url\":\"https:\/\/psoecanarias.com\/web\/\",\"name\":\"PSOE Canarias\",\"description\":\"Partido Socialista Obrero Espa\u00f1ol Canarias\",\"potentialAction\":[{\"@type\":\"SearchAction\",\"target\":{\"@type\":\"EntryPoint\",\"urlTemplate\":\"https:\/\/psoecanarias.com\/web\/?s={search_term_string}\"},\"query-input\":{\"@type\":\"PropertyValueSpecification\",\"valueRequired\":true,\"valueName\":\"search_term_string\"}}],\"inLanguage\":\"es\"},{\"@type\":\"Person\",\"@id\":\"https:\/\/psoecanarias.com\/web\/#\/schema\/person\/1ae43f9659d2fc599ca69c11e1dbf26f\",\"name\":\"PSOE Canarias\",\"image\":{\"@type\":\"ImageObject\",\"inLanguage\":\"es\",\"@id\":\"https:\/\/secure.gravatar.com\/avatar\/4364d37f6f6f9cdb7af199b46151565f37d8a8c3c0e04c1d78c04e857a15e3a8?s=96&d=mm&r=g\",\"url\":\"https:\/\/secure.gravatar.com\/avatar\/4364d37f6f6f9cdb7af199b46151565f37d8a8c3c0e04c1d78c04e857a15e3a8?s=96&d=mm&r=g\",\"contentUrl\":\"https:\/\/secure.gravatar.com\/avatar\/4364d37f6f6f9cdb7af199b46151565f37d8a8c3c0e04c1d78c04e857a15e3a8?s=96&d=mm&r=g\",\"caption\":\"PSOE Canarias\"},\"url\":\"https:\/\/psoecanarias.com\/web\/author\/admin\/\"}]}<\/script>\n<!-- \/ Yoast SEO plugin. -->","yoast_head_json":{"title":"Fuentes Curbelo: \u201cSi no se actualiza el REF, no habr\u00e1 recuperaci\u00f3n econ\u00f3mica en Canarias\u201d | PSOE Canarias","robots":{"index":"index","follow":"follow","max-snippet":"max-snippet:-1","max-image-preview":"max-image-preview:large","max-video-preview":"max-video-preview:-1"},"canonical":"https:\/\/psoecanarias.com\/web\/fuentes-curbelo-ref\/","og_locale":"es_ES","og_type":"article","og_title":"Fuentes Curbelo: \u201cSi no se actualiza el REF, no habr\u00e1 recuperaci\u00f3n econ\u00f3mica en Canarias\u201d | PSOE Canarias","og_description":"El senador canario recrimina a Jos\u00e9 Manuel Soria que el Gobierno no se haya pronunciado despu\u00e9s de un a\u00f1o sobre la propuesta remitida por el Ejecutivo auton\u00f3mico.","og_url":"https:\/\/psoecanarias.com\/web\/fuentes-curbelo-ref\/","og_site_name":"PSOE Canarias","article_published_time":"2015-03-25T13:40:27+00:00","article_modified_time":"2015-04-05T20:06:58+00:00","og_image":[{"width":1024,"height":613,"url":"https:\/\/psoecanarias.com\/web\/wp-content\/uploads\/2015\/01\/fuentes-curbelo.jpg","type":"image\/jpeg"}],"author":"PSOE Canarias","twitter_card":"summary_large_image","schema":{"@context":"https:\/\/schema.org","@graph":[{"@type":"Article","@id":"https:\/\/psoecanarias.com\/web\/fuentes-curbelo-ref\/#article","isPartOf":{"@id":"https:\/\/psoecanarias.com\/web\/fuentes-curbelo-ref\/"},"author":{"name":"PSOE Canarias","@id":"https:\/\/psoecanarias.com\/web\/#\/schema\/person\/1ae43f9659d2fc599ca69c11e1dbf26f"},"headline":"Fuentes Curbelo: \u201cSi no se actualiza el REF, no habr\u00e1 recuperaci\u00f3n econ\u00f3mica en Canarias\u201d","datePublished":"2015-03-25T13:40:27+00:00","dateModified":"2015-04-05T20:06:58+00:00","mainEntityOfPage":{"@id":"https:\/\/psoecanarias.com\/web\/fuentes-curbelo-ref\/"},"wordCount":450,"commentCount":0,"image":{"@id":"https:\/\/psoecanarias.com\/web\/fuentes-curbelo-ref\/#primaryimage"},"thumbnailUrl":"https:\/\/psoecanarias.com\/web\/wp-content\/uploads\/2015\/01\/fuentes-curbelo.jpg","keywords":["Canarias","Domingo Fuentes Curbelo","Fuerteventura","Jos\u00e9 Manuel Soria","PSOE","REF","Senado","Soria"],"articleSection":["Pol\u00edtica"],"inLanguage":"es","potentialAction":[{"@type":"CommentAction","name":"Comment","target":["https:\/\/psoecanarias.com\/web\/fuentes-curbelo-ref\/#respond"]}]},{"@type":"WebPage","@id":"https:\/\/psoecanarias.com\/web\/fuentes-curbelo-ref\/","url":"https:\/\/psoecanarias.com\/web\/fuentes-curbelo-ref\/","name":"Fuentes Curbelo: \u201cSi no se actualiza el REF, no habr\u00e1 recuperaci\u00f3n econ\u00f3mica en Canarias\u201d | PSOE Canarias","isPartOf":{"@id":"https:\/\/psoecanarias.com\/web\/#website"},"primaryImageOfPage":{"@id":"https:\/\/psoecanarias.com\/web\/fuentes-curbelo-ref\/#primaryimage"},"image":{"@id":"https:\/\/psoecanarias.com\/web\/fuentes-curbelo-ref\/#primaryimage"},"thumbnailUrl":"https:\/\/psoecanarias.com\/web\/wp-content\/uploads\/2015\/01\/fuentes-curbelo.jpg","datePublished":"2015-03-25T13:40:27+00:00","dateModified":"2015-04-05T20:06:58+00:00","author":{"@id":"https:\/\/psoecanarias.com\/web\/#\/schema\/person\/1ae43f9659d2fc599ca69c11e1dbf26f"},"breadcrumb":{"@id":"https:\/\/psoecanarias.com\/web\/fuentes-curbelo-ref\/#breadcrumb"},"inLanguage":"es","potentialAction":[{"@type":"ReadAction","target":["https:\/\/psoecanarias.com\/web\/fuentes-curbelo-ref\/"]}]},{"@type":"ImageObject","inLanguage":"es","@id":"https:\/\/psoecanarias.com\/web\/fuentes-curbelo-ref\/#primaryimage","url":"https:\/\/psoecanarias.com\/web\/wp-content\/uploads\/2015\/01\/fuentes-curbelo.jpg","contentUrl":"https:\/\/psoecanarias.com\/web\/wp-content\/uploads\/2015\/01\/fuentes-curbelo.jpg","width":1024,"height":613,"caption":"Domingo Fuentes Curbelo"},{"@type":"BreadcrumbList","@id":"https:\/\/psoecanarias.com\/web\/fuentes-curbelo-ref\/#breadcrumb","itemListElement":[{"@type":"ListItem","position":1,"name":"Portada","item":"https:\/\/psoecanarias.com\/web\/"},{"@type":"ListItem","position":2,"name":"Fuentes Curbelo: \u201cSi no se actualiza el REF, no habr\u00e1 recuperaci\u00f3n econ\u00f3mica en Canarias\u201d"}]},{"@type":"WebSite","@id":"https:\/\/psoecanarias.com\/web\/#website","url":"https:\/\/psoecanarias.com\/web\/","name":"PSOE Canarias","description":"Partido Socialista Obrero Espa\u00f1ol Canarias","potentialAction":[{"@type":"SearchAction","target":{"@type":"EntryPoint","urlTemplate":"https:\/\/psoecanarias.com\/web\/?s={search_term_string}"},"query-input":{"@type":"PropertyValueSpecification","valueRequired":true,"valueName":"search_term_string"}}],"inLanguage":"es"},{"@type":"Person","@id":"https:\/\/psoecanarias.com\/web\/#\/schema\/person\/1ae43f9659d2fc599ca69c11e1dbf26f","name":"PSOE Canarias","image":{"@type":"ImageObject","inLanguage":"es","@id":"https:\/\/secure.gravatar.com\/avatar\/4364d37f6f6f9cdb7af199b46151565f37d8a8c3c0e04c1d78c04e857a15e3a8?s=96&d=mm&r=g","url":"https:\/\/secure.gravatar.com\/avatar\/4364d37f6f6f9cdb7af199b46151565f37d8a8c3c0e04c1d78c04e857a15e3a8?s=96&d=mm&r=g","contentUrl":"https:\/\/secure.gravatar.com\/avatar\/4364d37f6f6f9cdb7af199b46151565f37d8a8c3c0e04c1d78c04e857a15e3a8?s=96&d=mm&r=g","caption":"PSOE Canarias"},"url":"https:\/\/psoecanarias.com\/web\/author\/admin\/"}]}},"_links":{"self":[{"href":"https:\/\/psoecanarias.com\/web\/wp-json\/wp\/v2\/posts\/77","targetHints":{"allow":["GET"]}}],"collection":[{"href":"https:\/\/psoecanarias.com\/web\/wp-json\/wp\/v2\/posts"}],"about":[{"href":"https:\/\/psoecanarias.com\/web\/wp-json\/wp\/v2\/types\/post"}],"author":[{"embeddable":true,"href":"https:\/\/psoecanarias.com\/web\/wp-json\/wp\/v2\/users\/1"}],"replies":[{"embeddable":true,"href":"https:\/\/psoecanarias.com\/web\/wp-json\/wp\/v2\/comments?post=77"}],"version-history":[{"count":5,"href":"https:\/\/psoecanarias.com\/web\/wp-json\/wp\/v2\/posts\/77\/revisions"}],"predecessor-version":[{"id":346,"href":"https:\/\/psoecanarias.com\/web\/wp-json\/wp\/v2\/posts\/77\/revisions\/346"}],"wp:featuredmedia":[{"embeddable":true,"href":"https:\/\/psoecanarias.com\/web\/wp-json\/wp\/v2\/media\/335"}],"wp:attachment":[{"href":"https:\/\/psoecanarias.com\/web\/wp-json\/wp\/v2\/media?parent=77"}],"wp:term":[{"taxonomy":"category","embeddable":true,"href":"https:\/\/psoecanarias.com\/web\/wp-json\/wp\/v2\/categories?post=77"},{"taxonomy":"post_tag","embeddable":true,"href":"https:\/\/psoecanarias.com\/web\/wp-json\/wp\/v2\/tags?post=77"}],"curies":[{"name":"wp","href":"https:\/\/api.w.org\/{rel}","templated":true}]}}