{"id":79,"date":"2015-04-07T10:41:05","date_gmt":"2015-04-07T09:41:05","guid":{"rendered":"http:\/\/127.0.0.1\/maskitto-light\/?p=79"},"modified":"2015-04-10T10:54:48","modified_gmt":"2015-04-10T09:54:48","slug":"contratos-y-pagos-del-gobierno","status":"publish","type":"post","link":"https:\/\/psoecanarias.com\/web\/contratos-y-pagos-del-gobierno\/","title":{"rendered":"Patricia Hern\u00e1ndez publicar\u00e1 todos los contratos y pagos del Gobierno"},"content":{"rendered":"<h5><strong>Someter\u00e1 al Parlamento auton\u00f3mico los nombramientos de altos cargos para acabar con la sensaci\u00f3n de que hay designaciones &#8216;a dedo&#8217;<\/strong><\/h5>\n<p>La candidata del PSOE de Canarias a la Presidencia del Gobierno regional, Patricia Hern\u00e1ndez, se compromete a publicar en la web del Ejecutivo \u201ctodos los contratos realizados por la Administraci\u00f3n y los pagos efectuados\u201d para llevarlos a cabo. Para la candidata, la \u201crecuperaci\u00f3n del prestigio\u201d de la ciudadan\u00eda hacia las instituciones que la representan tambi\u00e9n pasa por \u201cla transparencia total en la gesti\u00f3n de los recursos p\u00fablicos\u201d, por lo que la ciudadan\u00eda podr\u00e1 \u201cacceder sin obst\u00e1culos para conocer hasta el \u00faltimo c\u00e9ntimo\u201d que la Administraci\u00f3n se gasta.<\/p>\n<p>Por ello, asegura que \u201cen Canarias debemos ser pioneros en gobierno abierto y \u2018e-government\u2019, ya que \u201cno es solo conseguir obtener el m\u00e1ximo cr\u00e9dito ante los ciudadanos sino tambi\u00e9n prevenir cualquier tipo de corrupci\u00f3n\u201d.Hern\u00e1ndez defiende la necesidad de superar el actual descr\u00e9dito social con m\u00e1s transparencia, una mejor rendici\u00f3n de cuentas y reformar los mecanismos de toma de decisiones para que la ciudadan\u00eda \u201cvuelva a confiar en sus instituciones\u201d.<\/p>\n<p>La candidata considera que hay que desarrollar la Ley Canaria de Transparencia y Acceso a la Informaci\u00f3n P\u00fablica aprobada por el Parlamento en diciembre y que ha situado al Archipi\u00e9lago \u201cen la vanguardia&#8221; del control ciudadano de la acci\u00f3n pol\u00edtica. Por ello, \u201cen la web del Gobierno estar\u00e1n las cuentas claras en todas las instituciones y a disposici\u00f3n de quien quiera conocerlas, sin restricciones de ning\u00fan tipo, como las que ha puesto el Gobierno del PP en su falsa Ley de Transparencia\u201d.<\/p>\n<p><strong>Acabar con los nombramientos \u2018a dedo\u2019<\/strong><\/p>\n<p>Por otra parte, y como f\u00f3rmula para \u201crecuperar el prestigio de las instituciones\u201d, Hern\u00e1ndez someter\u00e1 Parlamento regional los \u201cnombramientos de altos cargos\u201d, pues \u201ces imprescindible que el criterio utilizado para designar a las y los miembros de determinados departamentos sea transparente y objetivo\u201d. \u201cHay que acabar con la sensaci\u00f3n que tiene la ciudadan\u00eda de que los nombramientos que efect\u00faa el Gobierno se hacen \u2018a dedo\u2019, primando el \u2018amiguismo\u2019 frente a la idoneidad y la capacitaci\u00f3n para el cargo que se va a desempe\u00f1ar\u201d, asegura.<\/p>\n<p>Para Hern\u00e1ndez, se trata de que \u201cel Parlamento debe valorar tambi\u00e9n en este aspecto al Poder Ejecutivo\u201d. Por ese motivo, promover\u00e1 que el procedimiento para la elecci\u00f3n de los altos cargos incluya una \u201cevaluaci\u00f3n de la idoneidad\u201d de las candidaturas en una \u201csesi\u00f3n de audiencia previa al nombramiento a celebrar por el Parlamento de Canarias\u201d.<\/p>\n","protected":false},"excerpt":{"rendered":"<p>Someter\u00e1 al Parlamento auton\u00f3mico los nombramientos de altos cargos para acabar con la sensaci\u00f3n de que hay designaciones &#8216;a dedo&#8217;.<\/p>\n","protected":false},"author":1,"featured_media":350,"comment_status":"open","ping_status":"open","sticky":false,"template":"","format":"standard","meta":{"footnotes":""},"categories":[7],"tags":[11,12,43,44,45,37,9,10,25],"class_list":["post-79","post","type-post","status-publish","format-standard","has-post-thumbnail","hentry","category-politica","tag-canarias","tag-candidata","tag-contratos","tag-gobierno-de-canarias","tag-pagos","tag-parlamento","tag-patricia-hernandez","tag-psoe","tag-socialistas"],"featured_image_src":"https:\/\/psoecanarias.com\/web\/wp-content\/uploads\/2015\/04\/Fotofrase-Patricia-Hern--ndez.png","author_info":{"display_name":"PSOE Canarias","author_link":"https:\/\/psoecanarias.com\/web\/author\/admin\/"},"yoast_head":"<!-- This site is optimized with the Yoast SEO plugin v27.2 - https:\/\/yoast.com\/product\/yoast-seo-wordpress\/ -->\n<title>Patricia Hern\u00e1ndez publicar\u00e1 todos los contratos y pagos del Gobierno | PSOE Canarias<\/title>\n<meta name=\"robots\" content=\"index, follow, max-snippet:-1, max-image-preview:large, max-video-preview:-1\" \/>\n<link rel=\"canonical\" href=\"https:\/\/psoecanarias.com\/web\/contratos-y-pagos-del-gobierno\/\" \/>\n<meta property=\"og:locale\" content=\"es_ES\" \/>\n<meta property=\"og:type\" content=\"article\" \/>\n<meta property=\"og:title\" content=\"Patricia Hern\u00e1ndez publicar\u00e1 todos los contratos y pagos del Gobierno | PSOE Canarias\" \/>\n<meta property=\"og:description\" content=\"Someter\u00e1 al Parlamento auton\u00f3mico los nombramientos de altos cargos para acabar con la sensaci\u00f3n de que hay designaciones &#039;a dedo&#039;.\" \/>\n<meta property=\"og:url\" content=\"https:\/\/psoecanarias.com\/web\/contratos-y-pagos-del-gobierno\/\" \/>\n<meta property=\"og:site_name\" content=\"PSOE Canarias\" \/>\n<meta property=\"article:published_time\" content=\"2015-04-07T09:41:05+00:00\" \/>\n<meta property=\"article:modified_time\" content=\"2015-04-10T09:54:48+00:00\" \/>\n<meta property=\"og:image\" content=\"https:\/\/psoecanarias.com\/web\/wp-content\/uploads\/2015\/04\/Fotofrase-Patricia-Hern--ndez.png\" \/>\n\t<meta property=\"og:image:width\" content=\"1024\" \/>\n\t<meta property=\"og:image:height\" content=\"574\" \/>\n\t<meta property=\"og:image:type\" content=\"image\/png\" \/>\n<meta name=\"author\" content=\"PSOE Canarias\" \/>\n<meta name=\"twitter:card\" content=\"summary_large_image\" \/>\n<script type=\"application\/ld+json\" class=\"yoast-schema-graph\">{\"@context\":\"https:\/\/schema.org\",\"@graph\":[{\"@type\":\"Article\",\"@id\":\"https:\/\/psoecanarias.com\/web\/contratos-y-pagos-del-gobierno\/#article\",\"isPartOf\":{\"@id\":\"https:\/\/psoecanarias.com\/web\/contratos-y-pagos-del-gobierno\/\"},\"author\":{\"name\":\"PSOE Canarias\",\"@id\":\"https:\/\/psoecanarias.com\/web\/#\/schema\/person\/1ae43f9659d2fc599ca69c11e1dbf26f\"},\"headline\":\"Patricia Hern\u00e1ndez publicar\u00e1 todos los contratos y pagos del Gobierno\",\"datePublished\":\"2015-04-07T09:41:05+00:00\",\"dateModified\":\"2015-04-10T09:54:48+00:00\",\"mainEntityOfPage\":{\"@id\":\"https:\/\/psoecanarias.com\/web\/contratos-y-pagos-del-gobierno\/\"},\"wordCount\":457,\"commentCount\":0,\"image\":{\"@id\":\"https:\/\/psoecanarias.com\/web\/contratos-y-pagos-del-gobierno\/#primaryimage\"},\"thumbnailUrl\":\"https:\/\/psoecanarias.com\/web\/wp-content\/uploads\/2015\/04\/Fotofrase-Patricia-Hern--ndez.png\",\"keywords\":[\"Canarias\",\"candidata\",\"contratos\",\"Gobierno de Canarias\",\"pagos\",\"Parlamento\",\"Patricia Hern\u00e1ndez\",\"PSOE\",\"socialistas\"],\"articleSection\":[\"Pol\u00edtica\"],\"inLanguage\":\"es\",\"potentialAction\":[{\"@type\":\"CommentAction\",\"name\":\"Comment\",\"target\":[\"https:\/\/psoecanarias.com\/web\/contratos-y-pagos-del-gobierno\/#respond\"]}]},{\"@type\":\"WebPage\",\"@id\":\"https:\/\/psoecanarias.com\/web\/contratos-y-pagos-del-gobierno\/\",\"url\":\"https:\/\/psoecanarias.com\/web\/contratos-y-pagos-del-gobierno\/\",\"name\":\"Patricia Hern\u00e1ndez publicar\u00e1 todos los contratos y pagos del Gobierno | PSOE Canarias\",\"isPartOf\":{\"@id\":\"https:\/\/psoecanarias.com\/web\/#website\"},\"primaryImageOfPage\":{\"@id\":\"https:\/\/psoecanarias.com\/web\/contratos-y-pagos-del-gobierno\/#primaryimage\"},\"image\":{\"@id\":\"https:\/\/psoecanarias.com\/web\/contratos-y-pagos-del-gobierno\/#primaryimage\"},\"thumbnailUrl\":\"https:\/\/psoecanarias.com\/web\/wp-content\/uploads\/2015\/04\/Fotofrase-Patricia-Hern--ndez.png\",\"datePublished\":\"2015-04-07T09:41:05+00:00\",\"dateModified\":\"2015-04-10T09:54:48+00:00\",\"author\":{\"@id\":\"https:\/\/psoecanarias.com\/web\/#\/schema\/person\/1ae43f9659d2fc599ca69c11e1dbf26f\"},\"breadcrumb\":{\"@id\":\"https:\/\/psoecanarias.com\/web\/contratos-y-pagos-del-gobierno\/#breadcrumb\"},\"inLanguage\":\"es\",\"potentialAction\":[{\"@type\":\"ReadAction\",\"target\":[\"https:\/\/psoecanarias.com\/web\/contratos-y-pagos-del-gobierno\/\"]}]},{\"@type\":\"ImageObject\",\"inLanguage\":\"es\",\"@id\":\"https:\/\/psoecanarias.com\/web\/contratos-y-pagos-del-gobierno\/#primaryimage\",\"url\":\"https:\/\/psoecanarias.com\/web\/wp-content\/uploads\/2015\/04\/Fotofrase-Patricia-Hern--ndez.png\",\"contentUrl\":\"https:\/\/psoecanarias.com\/web\/wp-content\/uploads\/2015\/04\/Fotofrase-Patricia-Hern--ndez.png\",\"width\":1024,\"height\":574,\"caption\":\"Fotofrase Patricia Hern\u00e1ndez\"},{\"@type\":\"BreadcrumbList\",\"@id\":\"https:\/\/psoecanarias.com\/web\/contratos-y-pagos-del-gobierno\/#breadcrumb\",\"itemListElement\":[{\"@type\":\"ListItem\",\"position\":1,\"name\":\"Portada\",\"item\":\"https:\/\/psoecanarias.com\/web\/\"},{\"@type\":\"ListItem\",\"position\":2,\"name\":\"Patricia Hern\u00e1ndez publicar\u00e1 todos los contratos y pagos del Gobierno\"}]},{\"@type\":\"WebSite\",\"@id\":\"https:\/\/psoecanarias.com\/web\/#website\",\"url\":\"https:\/\/psoecanarias.com\/web\/\",\"name\":\"PSOE Canarias\",\"description\":\"Partido Socialista Obrero Espa\u00f1ol Canarias\",\"potentialAction\":[{\"@type\":\"SearchAction\",\"target\":{\"@type\":\"EntryPoint\",\"urlTemplate\":\"https:\/\/psoecanarias.com\/web\/?s={search_term_string}\"},\"query-input\":{\"@type\":\"PropertyValueSpecification\",\"valueRequired\":true,\"valueName\":\"search_term_string\"}}],\"inLanguage\":\"es\"},{\"@type\":\"Person\",\"@id\":\"https:\/\/psoecanarias.com\/web\/#\/schema\/person\/1ae43f9659d2fc599ca69c11e1dbf26f\",\"name\":\"PSOE Canarias\",\"image\":{\"@type\":\"ImageObject\",\"inLanguage\":\"es\",\"@id\":\"https:\/\/secure.gravatar.com\/avatar\/4364d37f6f6f9cdb7af199b46151565f37d8a8c3c0e04c1d78c04e857a15e3a8?s=96&d=mm&r=g\",\"url\":\"https:\/\/secure.gravatar.com\/avatar\/4364d37f6f6f9cdb7af199b46151565f37d8a8c3c0e04c1d78c04e857a15e3a8?s=96&d=mm&r=g\",\"contentUrl\":\"https:\/\/secure.gravatar.com\/avatar\/4364d37f6f6f9cdb7af199b46151565f37d8a8c3c0e04c1d78c04e857a15e3a8?s=96&d=mm&r=g\",\"caption\":\"PSOE Canarias\"},\"url\":\"https:\/\/psoecanarias.com\/web\/author\/admin\/\"}]}<\/script>\n<!-- \/ Yoast SEO plugin. -->","yoast_head_json":{"title":"Patricia Hern\u00e1ndez publicar\u00e1 todos los contratos y pagos del Gobierno | PSOE Canarias","robots":{"index":"index","follow":"follow","max-snippet":"max-snippet:-1","max-image-preview":"max-image-preview:large","max-video-preview":"max-video-preview:-1"},"canonical":"https:\/\/psoecanarias.com\/web\/contratos-y-pagos-del-gobierno\/","og_locale":"es_ES","og_type":"article","og_title":"Patricia Hern\u00e1ndez publicar\u00e1 todos los contratos y pagos del Gobierno | PSOE Canarias","og_description":"Someter\u00e1 al Parlamento auton\u00f3mico los nombramientos de altos cargos para acabar con la sensaci\u00f3n de que hay designaciones 'a dedo'.","og_url":"https:\/\/psoecanarias.com\/web\/contratos-y-pagos-del-gobierno\/","og_site_name":"PSOE Canarias","article_published_time":"2015-04-07T09:41:05+00:00","article_modified_time":"2015-04-10T09:54:48+00:00","og_image":[{"width":1024,"height":574,"url":"https:\/\/psoecanarias.com\/web\/wp-content\/uploads\/2015\/04\/Fotofrase-Patricia-Hern--ndez.png","type":"image\/png"}],"author":"PSOE Canarias","twitter_card":"summary_large_image","schema":{"@context":"https:\/\/schema.org","@graph":[{"@type":"Article","@id":"https:\/\/psoecanarias.com\/web\/contratos-y-pagos-del-gobierno\/#article","isPartOf":{"@id":"https:\/\/psoecanarias.com\/web\/contratos-y-pagos-del-gobierno\/"},"author":{"name":"PSOE Canarias","@id":"https:\/\/psoecanarias.com\/web\/#\/schema\/person\/1ae43f9659d2fc599ca69c11e1dbf26f"},"headline":"Patricia Hern\u00e1ndez publicar\u00e1 todos los contratos y pagos del Gobierno","datePublished":"2015-04-07T09:41:05+00:00","dateModified":"2015-04-10T09:54:48+00:00","mainEntityOfPage":{"@id":"https:\/\/psoecanarias.com\/web\/contratos-y-pagos-del-gobierno\/"},"wordCount":457,"commentCount":0,"image":{"@id":"https:\/\/psoecanarias.com\/web\/contratos-y-pagos-del-gobierno\/#primaryimage"},"thumbnailUrl":"https:\/\/psoecanarias.com\/web\/wp-content\/uploads\/2015\/04\/Fotofrase-Patricia-Hern--ndez.png","keywords":["Canarias","candidata","contratos","Gobierno de Canarias","pagos","Parlamento","Patricia Hern\u00e1ndez","PSOE","socialistas"],"articleSection":["Pol\u00edtica"],"inLanguage":"es","potentialAction":[{"@type":"CommentAction","name":"Comment","target":["https:\/\/psoecanarias.com\/web\/contratos-y-pagos-del-gobierno\/#respond"]}]},{"@type":"WebPage","@id":"https:\/\/psoecanarias.com\/web\/contratos-y-pagos-del-gobierno\/","url":"https:\/\/psoecanarias.com\/web\/contratos-y-pagos-del-gobierno\/","name":"Patricia Hern\u00e1ndez publicar\u00e1 todos los contratos y pagos del Gobierno | PSOE Canarias","isPartOf":{"@id":"https:\/\/psoecanarias.com\/web\/#website"},"primaryImageOfPage":{"@id":"https:\/\/psoecanarias.com\/web\/contratos-y-pagos-del-gobierno\/#primaryimage"},"image":{"@id":"https:\/\/psoecanarias.com\/web\/contratos-y-pagos-del-gobierno\/#primaryimage"},"thumbnailUrl":"https:\/\/psoecanarias.com\/web\/wp-content\/uploads\/2015\/04\/Fotofrase-Patricia-Hern--ndez.png","datePublished":"2015-04-07T09:41:05+00:00","dateModified":"2015-04-10T09:54:48+00:00","author":{"@id":"https:\/\/psoecanarias.com\/web\/#\/schema\/person\/1ae43f9659d2fc599ca69c11e1dbf26f"},"breadcrumb":{"@id":"https:\/\/psoecanarias.com\/web\/contratos-y-pagos-del-gobierno\/#breadcrumb"},"inLanguage":"es","potentialAction":[{"@type":"ReadAction","target":["https:\/\/psoecanarias.com\/web\/contratos-y-pagos-del-gobierno\/"]}]},{"@type":"ImageObject","inLanguage":"es","@id":"https:\/\/psoecanarias.com\/web\/contratos-y-pagos-del-gobierno\/#primaryimage","url":"https:\/\/psoecanarias.com\/web\/wp-content\/uploads\/2015\/04\/Fotofrase-Patricia-Hern--ndez.png","contentUrl":"https:\/\/psoecanarias.com\/web\/wp-content\/uploads\/2015\/04\/Fotofrase-Patricia-Hern--ndez.png","width":1024,"height":574,"caption":"Fotofrase Patricia Hern\u00e1ndez"},{"@type":"BreadcrumbList","@id":"https:\/\/psoecanarias.com\/web\/contratos-y-pagos-del-gobierno\/#breadcrumb","itemListElement":[{"@type":"ListItem","position":1,"name":"Portada","item":"https:\/\/psoecanarias.com\/web\/"},{"@type":"ListItem","position":2,"name":"Patricia Hern\u00e1ndez publicar\u00e1 todos los contratos y pagos del Gobierno"}]},{"@type":"WebSite","@id":"https:\/\/psoecanarias.com\/web\/#website","url":"https:\/\/psoecanarias.com\/web\/","name":"PSOE Canarias","description":"Partido Socialista Obrero Espa\u00f1ol Canarias","potentialAction":[{"@type":"SearchAction","target":{"@type":"EntryPoint","urlTemplate":"https:\/\/psoecanarias.com\/web\/?s={search_term_string}"},"query-input":{"@type":"PropertyValueSpecification","valueRequired":true,"valueName":"search_term_string"}}],"inLanguage":"es"},{"@type":"Person","@id":"https:\/\/psoecanarias.com\/web\/#\/schema\/person\/1ae43f9659d2fc599ca69c11e1dbf26f","name":"PSOE Canarias","image":{"@type":"ImageObject","inLanguage":"es","@id":"https:\/\/secure.gravatar.com\/avatar\/4364d37f6f6f9cdb7af199b46151565f37d8a8c3c0e04c1d78c04e857a15e3a8?s=96&d=mm&r=g","url":"https:\/\/secure.gravatar.com\/avatar\/4364d37f6f6f9cdb7af199b46151565f37d8a8c3c0e04c1d78c04e857a15e3a8?s=96&d=mm&r=g","contentUrl":"https:\/\/secure.gravatar.com\/avatar\/4364d37f6f6f9cdb7af199b46151565f37d8a8c3c0e04c1d78c04e857a15e3a8?s=96&d=mm&r=g","caption":"PSOE Canarias"},"url":"https:\/\/psoecanarias.com\/web\/author\/admin\/"}]}},"_links":{"self":[{"href":"https:\/\/psoecanarias.com\/web\/wp-json\/wp\/v2\/posts\/79","targetHints":{"allow":["GET"]}}],"collection":[{"href":"https:\/\/psoecanarias.com\/web\/wp-json\/wp\/v2\/posts"}],"about":[{"href":"https:\/\/psoecanarias.com\/web\/wp-json\/wp\/v2\/types\/post"}],"author":[{"embeddable":true,"href":"https:\/\/psoecanarias.com\/web\/wp-json\/wp\/v2\/users\/1"}],"replies":[{"embeddable":true,"href":"https:\/\/psoecanarias.com\/web\/wp-json\/wp\/v2\/comments?post=79"}],"version-history":[{"count":6,"href":"https:\/\/psoecanarias.com\/web\/wp-json\/wp\/v2\/posts\/79\/revisions"}],"predecessor-version":[{"id":367,"href":"https:\/\/psoecanarias.com\/web\/wp-json\/wp\/v2\/posts\/79\/revisions\/367"}],"wp:featuredmedia":[{"embeddable":true,"href":"https:\/\/psoecanarias.com\/web\/wp-json\/wp\/v2\/media\/350"}],"wp:attachment":[{"href":"https:\/\/psoecanarias.com\/web\/wp-json\/wp\/v2\/media?parent=79"}],"wp:term":[{"taxonomy":"category","embeddable":true,"href":"https:\/\/psoecanarias.com\/web\/wp-json\/wp\/v2\/categories?post=79"},{"taxonomy":"post_tag","embeddable":true,"href":"https:\/\/psoecanarias.com\/web\/wp-json\/wp\/v2\/tags?post=79"}],"curies":[{"name":"wp","href":"https:\/\/api.w.org\/{rel}","templated":true}]}}