{"id":8376,"date":"2020-03-15T13:21:38","date_gmt":"2020-03-15T13:21:38","guid":{"rendered":"http:\/\/psoecanarias.com\/web\/?p=8376"},"modified":"2021-04-05T12:11:15","modified_gmt":"2021-04-05T11:11:15","slug":"la-musica-como-instrumento-de-salud","status":"publish","type":"post","link":"https:\/\/psoecanarias.com\/web\/la-musica-como-instrumento-de-salud\/","title":{"rendered":"La m\u00fasica como instrumento de salud"},"content":{"rendered":"<p><em><a href=\"http:\/\/psoecanarias.com\/web\/la-musica-como-instrumento-de-salud\/j13-2-1024x593\/\" rel=\"attachment wp-att-8840\"><img loading=\"lazy\" decoding=\"async\" class=\"aligncenter wp-image-8840 size-full\" src=\"http:\/\/psoecanarias.com\/web\/wp-content\/uploads\/2020\/03\/j13-2-1024x593-1.jpg\" alt=\"\" width=\"1024\" height=\"593\" data-id=\"8840\" \/><\/a>La vida no es una cuesti\u00f3n de tiempo, sino de la intensidad con la que se vive ese tiempo (Albert <\/em><em>Schweitzer)<\/em><\/p>\n<p>No digo que la m\u00fasica cure enfermedades, y si las cura, no se puede demostrar que lo haga como tratamiento cient\u00edfico, pero lo cierto es que, cuando, por ejemplo, nos encontramos con una tuna y nos paramos a escucharla y verla, nuestro semblante se alegra. Cierto que la tuna m\u00e1s aplaudida suele ser la de Medicina, y perdonen las otras tunas, pero es que sucede as\u00ed en la querida Universidad de La Laguna. Por algo ser\u00e1.<\/p>\n<p>Y no es que sea precisamente la tuna el ejemplo m\u00e1s acertado de mejor m\u00fasica, pero muy alegre y divertida s\u00ed que es, llamando la atenci\u00f3n que los estudiantes de medicina y otras ciencias de la salud, a los que se supone tranquilitos y entregados a una carrera tan vocacional, sin embargo, a la hora de un buen jolgorio, no se quedan atr\u00e1s. Los m\u00e9dicos tampoco.<\/p>\n<p>Muchos son los m\u00e9dicos que se entregan a la m\u00fasica, bien como oyentes y aficionados, o como int\u00e9rpretes, o ambas cosas, y hasta los hay compositores. En nuestro terru\u00f1o, cuando vamos al auditorio o a los conciertos, siempre hay m\u00e9dicos, si bien nos repetimos, existiendo en otros lugares orquestas de m\u00e9dicos, y aunque se trate de un conjunto modesto, en el Colegio de M\u00e9dicos de Santa Cruz de Tenerife unos cuantos hacen sus pinitos.<\/p>\n<p>Y a otro nivel, m\u00e9dicos-m\u00fasicos a lo largo de la historia tenemos unos cuantos, uno de ellos en el siglo XVI es el poeta ingl\u00e9s de la \u00e9poca isabelina Thomas Campion, destacado compositor de m\u00fasica vocal. Tambi\u00e9n el compositor ruso Aleksander Borodin, m\u00e9dico y qu\u00edmico, hijo ileg\u00edtimo de un pr\u00edncipe. Un caso diferente fue el autor de la Sinfon\u00eda fant\u00e1stica, H\u00e9ctor Berlioz, hijo de m\u00e9dico, que, aterrado ante la disecci\u00f3n de cad\u00e1veres en las clases de anatom\u00eda, no pudo con la carrera.<\/p>\n<p>Nacido en Alemania en 1875, el m\u00e9dico, fil\u00f3sofo, te\u00f3logo, m\u00fasico y Premio Nobel de la Paz en 1952, Albert Schweitzer, de esp\u00edritu renacentista, magn\u00edfico pianista, consider\u00f3 que &#8220;la vida no es una cuesti\u00f3n de tiempo, sino de la intensidad con la que se vive ese tiempo&#8221;.<\/p>\n<p>Pero adem\u00e1s de la m\u00fasica cl\u00e1sica, muchos m\u00e9dicos han cultivado el jazz, el rock, el blues o el flamenco, acompa\u00f1ados de guitarra o saxo, y as\u00ed, un m\u00e9dico especialista en Otorrinolaringolog\u00eda, Jorge Drexler, es un conocido compositor de m\u00fasica popular, ganador del \u00d3scar a la mejor canci\u00f3n original en 2004 por Al otro lado del r\u00edo. En La Orotava tenemos a otro otorrinolaring\u00f3logo, Pedro Eustaquio P\u00e9rez Garc\u00eda, entregado en cuerpo y alma a los boleros. Sin olvidar a otro m\u00e9dico, Jos\u00e9 Miguel Monz\u00f3n Navarro, m\u00e1s conocido por el Gran Wyoming, humorista, presentador de televisi\u00f3n, actor, m\u00fasico, escritor y columnista, que comenz\u00f3 tocando en el grupo Paracelso y con el Maestro Reverendo en la movida madrile\u00f1a del recordado alcalde Enrique Tierno Galv\u00e1n.<\/p>\n<p>Y es que al fin y al cabo M\u00fasica y Medicina buscan lo mismo, la felicidad, y \u00e9sta da salud, y por eso se habla de musicoterapia ante la creencia de que la m\u00fasica pueda tener alg\u00fan efecto curativo, observ\u00e1ndose con ella en algunos casos cambios en la actividad cardiaca, presi\u00f3n arterial y los movimientos respiratorios, de tal forma que con la m\u00fasica vibrante aumenta la frecuencia cardiaca y respiratoria m\u00e1s que con la relajante. Bienvenida sea para buscar relajaci\u00f3n, concentraci\u00f3n o tranquilidad en patolog\u00edas psiqui\u00e1tricas, neurol\u00f3gicas o card\u00edacas, si es con rigor. Pero creer que la m\u00fasica pueda curar un infarto, eso no.<\/p>\n<p>Pero el uso de la m\u00fasica como t\u00e9cnica terap\u00e9utica est\u00e1 de moda, despertando inter\u00e9s progresivo, sobre todo para las carencias en la educaci\u00f3n emocional de ni\u00f1os y adolescentes, donde podr\u00edan ayudar los programas de musicoterapia en los centros educativos, ya que la salud emocional es fundamental para el ser humano, sin la cual todo lo dem\u00e1s cae por su base, y en ese sentido se est\u00e1n desarrollando t\u00e9cnicas de ayuda a ni\u00f1os de preescolar con problemas, como en el caso de hijos de padres separados.<\/p>\n<p>De la m\u00fasica ruidosa, la de sonidos estridentes, desordenados y desagradables al o\u00eddo y al cerebro, que tambi\u00e9n la hay, hoy mejor no hablemos.<\/p>\n","protected":false},"excerpt":{"rendered":"<p>M\u00fasica y Medicina buscan lo mismo, la felicidad, y \u00e9sta da salud, y por eso se habla de musicoterapia<\/p>\n","protected":false},"author":1,"featured_media":8840,"comment_status":"open","ping_status":"open","sticky":false,"template":"","format":"standard","meta":{"footnotes":""},"categories":[1186],"tags":[],"class_list":["post-8376","post","type-post","status-publish","format-standard","has-post-thumbnail","hentry","category-opinion"],"featured_image_src":"https:\/\/psoecanarias.com\/web\/wp-content\/uploads\/2020\/03\/j13-2-1024x593-1.jpg","author_info":{"display_name":"PSOE Canarias","author_link":"https:\/\/psoecanarias.com\/web\/author\/admin\/"},"yoast_head":"<!-- This site is optimized with the Yoast SEO plugin v27.2 - https:\/\/yoast.com\/product\/yoast-seo-wordpress\/ -->\n<title>La m\u00fasica como instrumento de salud | PSOE Canarias<\/title>\n<meta name=\"robots\" content=\"index, follow, max-snippet:-1, max-image-preview:large, max-video-preview:-1\" \/>\n<link rel=\"canonical\" href=\"https:\/\/psoecanarias.com\/web\/la-musica-como-instrumento-de-salud\/\" \/>\n<meta property=\"og:locale\" content=\"es_ES\" \/>\n<meta property=\"og:type\" content=\"article\" \/>\n<meta property=\"og:title\" content=\"La m\u00fasica como instrumento de salud | PSOE Canarias\" \/>\n<meta property=\"og:description\" content=\"M\u00fasica y Medicina buscan lo mismo, la felicidad, y \u00e9sta da salud, y por eso se habla de musicoterapia\" \/>\n<meta property=\"og:url\" content=\"https:\/\/psoecanarias.com\/web\/la-musica-como-instrumento-de-salud\/\" \/>\n<meta property=\"og:site_name\" content=\"PSOE Canarias\" \/>\n<meta property=\"article:published_time\" content=\"2020-03-15T13:21:38+00:00\" \/>\n<meta property=\"article:modified_time\" content=\"2021-04-05T11:11:15+00:00\" \/>\n<meta property=\"og:image\" content=\"https:\/\/psoecanarias.com\/web\/wp-content\/uploads\/2020\/03\/j13-2-1024x593-1.jpg\" \/>\n\t<meta property=\"og:image:width\" content=\"1024\" \/>\n\t<meta property=\"og:image:height\" content=\"593\" \/>\n\t<meta property=\"og:image:type\" content=\"image\/jpeg\" \/>\n<meta name=\"author\" content=\"PSOE Canarias\" \/>\n<meta name=\"twitter:card\" content=\"summary_large_image\" \/>\n<script type=\"application\/ld+json\" class=\"yoast-schema-graph\">{\"@context\":\"https:\/\/schema.org\",\"@graph\":[{\"@type\":\"Article\",\"@id\":\"https:\/\/psoecanarias.com\/web\/la-musica-como-instrumento-de-salud\/#article\",\"isPartOf\":{\"@id\":\"https:\/\/psoecanarias.com\/web\/la-musica-como-instrumento-de-salud\/\"},\"author\":{\"name\":\"PSOE Canarias\",\"@id\":\"https:\/\/psoecanarias.com\/web\/#\/schema\/person\/1ae43f9659d2fc599ca69c11e1dbf26f\"},\"headline\":\"La m\u00fasica como instrumento de salud\",\"datePublished\":\"2020-03-15T13:21:38+00:00\",\"dateModified\":\"2021-04-05T11:11:15+00:00\",\"mainEntityOfPage\":{\"@id\":\"https:\/\/psoecanarias.com\/web\/la-musica-como-instrumento-de-salud\/\"},\"wordCount\":790,\"commentCount\":0,\"image\":{\"@id\":\"https:\/\/psoecanarias.com\/web\/la-musica-como-instrumento-de-salud\/#primaryimage\"},\"thumbnailUrl\":\"https:\/\/psoecanarias.com\/web\/wp-content\/uploads\/2020\/03\/j13-2-1024x593-1.jpg\",\"articleSection\":[\"Opini\u00f3n\"],\"inLanguage\":\"es\",\"potentialAction\":[{\"@type\":\"CommentAction\",\"name\":\"Comment\",\"target\":[\"https:\/\/psoecanarias.com\/web\/la-musica-como-instrumento-de-salud\/#respond\"]}]},{\"@type\":\"WebPage\",\"@id\":\"https:\/\/psoecanarias.com\/web\/la-musica-como-instrumento-de-salud\/\",\"url\":\"https:\/\/psoecanarias.com\/web\/la-musica-como-instrumento-de-salud\/\",\"name\":\"La m\u00fasica como instrumento de salud | PSOE Canarias\",\"isPartOf\":{\"@id\":\"https:\/\/psoecanarias.com\/web\/#website\"},\"primaryImageOfPage\":{\"@id\":\"https:\/\/psoecanarias.com\/web\/la-musica-como-instrumento-de-salud\/#primaryimage\"},\"image\":{\"@id\":\"https:\/\/psoecanarias.com\/web\/la-musica-como-instrumento-de-salud\/#primaryimage\"},\"thumbnailUrl\":\"https:\/\/psoecanarias.com\/web\/wp-content\/uploads\/2020\/03\/j13-2-1024x593-1.jpg\",\"datePublished\":\"2020-03-15T13:21:38+00:00\",\"dateModified\":\"2021-04-05T11:11:15+00:00\",\"author\":{\"@id\":\"https:\/\/psoecanarias.com\/web\/#\/schema\/person\/1ae43f9659d2fc599ca69c11e1dbf26f\"},\"breadcrumb\":{\"@id\":\"https:\/\/psoecanarias.com\/web\/la-musica-como-instrumento-de-salud\/#breadcrumb\"},\"inLanguage\":\"es\",\"potentialAction\":[{\"@type\":\"ReadAction\",\"target\":[\"https:\/\/psoecanarias.com\/web\/la-musica-como-instrumento-de-salud\/\"]}]},{\"@type\":\"ImageObject\",\"inLanguage\":\"es\",\"@id\":\"https:\/\/psoecanarias.com\/web\/la-musica-como-instrumento-de-salud\/#primaryimage\",\"url\":\"https:\/\/psoecanarias.com\/web\/wp-content\/uploads\/2020\/03\/j13-2-1024x593-1.jpg\",\"contentUrl\":\"https:\/\/psoecanarias.com\/web\/wp-content\/uploads\/2020\/03\/j13-2-1024x593-1.jpg\",\"width\":1024,\"height\":593},{\"@type\":\"BreadcrumbList\",\"@id\":\"https:\/\/psoecanarias.com\/web\/la-musica-como-instrumento-de-salud\/#breadcrumb\",\"itemListElement\":[{\"@type\":\"ListItem\",\"position\":1,\"name\":\"Portada\",\"item\":\"https:\/\/psoecanarias.com\/web\/\"},{\"@type\":\"ListItem\",\"position\":2,\"name\":\"La m\u00fasica como instrumento de salud\"}]},{\"@type\":\"WebSite\",\"@id\":\"https:\/\/psoecanarias.com\/web\/#website\",\"url\":\"https:\/\/psoecanarias.com\/web\/\",\"name\":\"PSOE Canarias\",\"description\":\"Partido Socialista Obrero Espa\u00f1ol Canarias\",\"potentialAction\":[{\"@type\":\"SearchAction\",\"target\":{\"@type\":\"EntryPoint\",\"urlTemplate\":\"https:\/\/psoecanarias.com\/web\/?s={search_term_string}\"},\"query-input\":{\"@type\":\"PropertyValueSpecification\",\"valueRequired\":true,\"valueName\":\"search_term_string\"}}],\"inLanguage\":\"es\"},{\"@type\":\"Person\",\"@id\":\"https:\/\/psoecanarias.com\/web\/#\/schema\/person\/1ae43f9659d2fc599ca69c11e1dbf26f\",\"name\":\"PSOE Canarias\",\"image\":{\"@type\":\"ImageObject\",\"inLanguage\":\"es\",\"@id\":\"https:\/\/secure.gravatar.com\/avatar\/4364d37f6f6f9cdb7af199b46151565f37d8a8c3c0e04c1d78c04e857a15e3a8?s=96&d=mm&r=g\",\"url\":\"https:\/\/secure.gravatar.com\/avatar\/4364d37f6f6f9cdb7af199b46151565f37d8a8c3c0e04c1d78c04e857a15e3a8?s=96&d=mm&r=g\",\"contentUrl\":\"https:\/\/secure.gravatar.com\/avatar\/4364d37f6f6f9cdb7af199b46151565f37d8a8c3c0e04c1d78c04e857a15e3a8?s=96&d=mm&r=g\",\"caption\":\"PSOE Canarias\"},\"url\":\"https:\/\/psoecanarias.com\/web\/author\/admin\/\"}]}<\/script>\n<!-- \/ Yoast SEO plugin. -->","yoast_head_json":{"title":"La m\u00fasica como instrumento de salud | PSOE Canarias","robots":{"index":"index","follow":"follow","max-snippet":"max-snippet:-1","max-image-preview":"max-image-preview:large","max-video-preview":"max-video-preview:-1"},"canonical":"https:\/\/psoecanarias.com\/web\/la-musica-como-instrumento-de-salud\/","og_locale":"es_ES","og_type":"article","og_title":"La m\u00fasica como instrumento de salud | PSOE Canarias","og_description":"M\u00fasica y Medicina buscan lo mismo, la felicidad, y \u00e9sta da salud, y por eso se habla de musicoterapia","og_url":"https:\/\/psoecanarias.com\/web\/la-musica-como-instrumento-de-salud\/","og_site_name":"PSOE Canarias","article_published_time":"2020-03-15T13:21:38+00:00","article_modified_time":"2021-04-05T11:11:15+00:00","og_image":[{"width":1024,"height":593,"url":"https:\/\/psoecanarias.com\/web\/wp-content\/uploads\/2020\/03\/j13-2-1024x593-1.jpg","type":"image\/jpeg"}],"author":"PSOE Canarias","twitter_card":"summary_large_image","schema":{"@context":"https:\/\/schema.org","@graph":[{"@type":"Article","@id":"https:\/\/psoecanarias.com\/web\/la-musica-como-instrumento-de-salud\/#article","isPartOf":{"@id":"https:\/\/psoecanarias.com\/web\/la-musica-como-instrumento-de-salud\/"},"author":{"name":"PSOE Canarias","@id":"https:\/\/psoecanarias.com\/web\/#\/schema\/person\/1ae43f9659d2fc599ca69c11e1dbf26f"},"headline":"La m\u00fasica como instrumento de salud","datePublished":"2020-03-15T13:21:38+00:00","dateModified":"2021-04-05T11:11:15+00:00","mainEntityOfPage":{"@id":"https:\/\/psoecanarias.com\/web\/la-musica-como-instrumento-de-salud\/"},"wordCount":790,"commentCount":0,"image":{"@id":"https:\/\/psoecanarias.com\/web\/la-musica-como-instrumento-de-salud\/#primaryimage"},"thumbnailUrl":"https:\/\/psoecanarias.com\/web\/wp-content\/uploads\/2020\/03\/j13-2-1024x593-1.jpg","articleSection":["Opini\u00f3n"],"inLanguage":"es","potentialAction":[{"@type":"CommentAction","name":"Comment","target":["https:\/\/psoecanarias.com\/web\/la-musica-como-instrumento-de-salud\/#respond"]}]},{"@type":"WebPage","@id":"https:\/\/psoecanarias.com\/web\/la-musica-como-instrumento-de-salud\/","url":"https:\/\/psoecanarias.com\/web\/la-musica-como-instrumento-de-salud\/","name":"La m\u00fasica como instrumento de salud | PSOE Canarias","isPartOf":{"@id":"https:\/\/psoecanarias.com\/web\/#website"},"primaryImageOfPage":{"@id":"https:\/\/psoecanarias.com\/web\/la-musica-como-instrumento-de-salud\/#primaryimage"},"image":{"@id":"https:\/\/psoecanarias.com\/web\/la-musica-como-instrumento-de-salud\/#primaryimage"},"thumbnailUrl":"https:\/\/psoecanarias.com\/web\/wp-content\/uploads\/2020\/03\/j13-2-1024x593-1.jpg","datePublished":"2020-03-15T13:21:38+00:00","dateModified":"2021-04-05T11:11:15+00:00","author":{"@id":"https:\/\/psoecanarias.com\/web\/#\/schema\/person\/1ae43f9659d2fc599ca69c11e1dbf26f"},"breadcrumb":{"@id":"https:\/\/psoecanarias.com\/web\/la-musica-como-instrumento-de-salud\/#breadcrumb"},"inLanguage":"es","potentialAction":[{"@type":"ReadAction","target":["https:\/\/psoecanarias.com\/web\/la-musica-como-instrumento-de-salud\/"]}]},{"@type":"ImageObject","inLanguage":"es","@id":"https:\/\/psoecanarias.com\/web\/la-musica-como-instrumento-de-salud\/#primaryimage","url":"https:\/\/psoecanarias.com\/web\/wp-content\/uploads\/2020\/03\/j13-2-1024x593-1.jpg","contentUrl":"https:\/\/psoecanarias.com\/web\/wp-content\/uploads\/2020\/03\/j13-2-1024x593-1.jpg","width":1024,"height":593},{"@type":"BreadcrumbList","@id":"https:\/\/psoecanarias.com\/web\/la-musica-como-instrumento-de-salud\/#breadcrumb","itemListElement":[{"@type":"ListItem","position":1,"name":"Portada","item":"https:\/\/psoecanarias.com\/web\/"},{"@type":"ListItem","position":2,"name":"La m\u00fasica como instrumento de salud"}]},{"@type":"WebSite","@id":"https:\/\/psoecanarias.com\/web\/#website","url":"https:\/\/psoecanarias.com\/web\/","name":"PSOE Canarias","description":"Partido Socialista Obrero Espa\u00f1ol Canarias","potentialAction":[{"@type":"SearchAction","target":{"@type":"EntryPoint","urlTemplate":"https:\/\/psoecanarias.com\/web\/?s={search_term_string}"},"query-input":{"@type":"PropertyValueSpecification","valueRequired":true,"valueName":"search_term_string"}}],"inLanguage":"es"},{"@type":"Person","@id":"https:\/\/psoecanarias.com\/web\/#\/schema\/person\/1ae43f9659d2fc599ca69c11e1dbf26f","name":"PSOE Canarias","image":{"@type":"ImageObject","inLanguage":"es","@id":"https:\/\/secure.gravatar.com\/avatar\/4364d37f6f6f9cdb7af199b46151565f37d8a8c3c0e04c1d78c04e857a15e3a8?s=96&d=mm&r=g","url":"https:\/\/secure.gravatar.com\/avatar\/4364d37f6f6f9cdb7af199b46151565f37d8a8c3c0e04c1d78c04e857a15e3a8?s=96&d=mm&r=g","contentUrl":"https:\/\/secure.gravatar.com\/avatar\/4364d37f6f6f9cdb7af199b46151565f37d8a8c3c0e04c1d78c04e857a15e3a8?s=96&d=mm&r=g","caption":"PSOE Canarias"},"url":"https:\/\/psoecanarias.com\/web\/author\/admin\/"}]}},"_links":{"self":[{"href":"https:\/\/psoecanarias.com\/web\/wp-json\/wp\/v2\/posts\/8376","targetHints":{"allow":["GET"]}}],"collection":[{"href":"https:\/\/psoecanarias.com\/web\/wp-json\/wp\/v2\/posts"}],"about":[{"href":"https:\/\/psoecanarias.com\/web\/wp-json\/wp\/v2\/types\/post"}],"author":[{"embeddable":true,"href":"https:\/\/psoecanarias.com\/web\/wp-json\/wp\/v2\/users\/1"}],"replies":[{"embeddable":true,"href":"https:\/\/psoecanarias.com\/web\/wp-json\/wp\/v2\/comments?post=8376"}],"version-history":[{"count":3,"href":"https:\/\/psoecanarias.com\/web\/wp-json\/wp\/v2\/posts\/8376\/revisions"}],"predecessor-version":[{"id":8841,"href":"https:\/\/psoecanarias.com\/web\/wp-json\/wp\/v2\/posts\/8376\/revisions\/8841"}],"wp:featuredmedia":[{"embeddable":true,"href":"https:\/\/psoecanarias.com\/web\/wp-json\/wp\/v2\/media\/8840"}],"wp:attachment":[{"href":"https:\/\/psoecanarias.com\/web\/wp-json\/wp\/v2\/media?parent=8376"}],"wp:term":[{"taxonomy":"category","embeddable":true,"href":"https:\/\/psoecanarias.com\/web\/wp-json\/wp\/v2\/categories?post=8376"},{"taxonomy":"post_tag","embeddable":true,"href":"https:\/\/psoecanarias.com\/web\/wp-json\/wp\/v2\/tags?post=8376"}],"curies":[{"name":"wp","href":"https:\/\/api.w.org\/{rel}","templated":true}]}}