{"id":8824,"date":"2020-03-29T21:26:00","date_gmt":"2020-03-29T20:26:00","guid":{"rendered":"http:\/\/psoecanarias.com\/web\/?p=8824"},"modified":"2020-06-21T00:07:24","modified_gmt":"2020-06-20T23:07:24","slug":"los-socialistas-canarios-refuerzan-su-posicion-en-el-congreso-2","status":"publish","type":"post","link":"https:\/\/psoecanarias.com\/web\/los-socialistas-canarios-refuerzan-su-posicion-en-el-congreso-2\/","title":{"rendered":"Los socialistas canarios refuerzan su posici\u00f3n en el Congreso"},"content":{"rendered":"<p><strong><a href=\"http:\/\/psoecanarias.com\/web\/los-socialistas-canarios-refuerzan-su-posicion-en-el-congreso\/5-diputados-canarios\/\" rel=\"attachment wp-att-7729\"><img loading=\"lazy\" decoding=\"async\" class=\"aligncenter size-full wp-image-7729\" src=\"http:\/\/psoecanarias.com\/web\/wp-content\/uploads\/2020\/02\/5-diputados-canarios.png\" alt=\"\" width=\"938\" height=\"606\" data-id=\"7729\" \/><\/a><\/strong><\/p>\n<p><strong>Canarias, 7 de febrero de 2020.<\/strong> El Congreso de los Diputados constituy\u00f3 este viernes las comisiones legislativas y las no legislativas correspondientes a esta XIV Legislatura. Los cinco diputados\/as canarios han sido designados por la direcci\u00f3n del Grupo Socialista para desarrollar distintas responsabilidades, entre ellas, cuatro portavoc\u00edas y dos portavoc\u00edas adjuntas, reforzando as\u00ed su posici\u00f3n en la c\u00e1mara baja como representaci\u00f3n territorial.<\/p>\n<p>H\u00e9ctor G\u00f3mez repite como portavoz de la Comisi\u00f3n de Asuntos Exteriores y estar\u00e1 presente como vocal en las comisiones de Defensa y de Presupuestos. Adem\u00e1s, ser\u00e1 miembro titular de la delegaci\u00f3n espa\u00f1ola en la Asamblea Parlamentaria del Consejo de Europa.<\/p>\n<p>Luc Andr\u00e9 Diouf tambi\u00e9n repite como portavoz socialista de Migraciones en la Comisi\u00f3n de Trabajo, Inclusi\u00f3n, Seguridad Social y Migraciones y coincidir\u00e1 con H\u00e9ctor G\u00f3mez en la de Asuntos Exteriores en calidad de vocal; misma condici\u00f3n que tendr\u00e1 en las comisiones de Cooperaci\u00f3n Internacional para el Desarrollo y de Interior. Asume, adem\u00e1s, la presidencia de la delegaci\u00f3n espa\u00f1ola en la Asamblea Parlamentaria de la Uni\u00f3n para el Mediterr\u00e1neo.<\/p>\n<p>Ariagona Gonz\u00e1lez es vocal en las comisiones de Ciencia, Innovaci\u00f3n y Universidades y de Agricultura, Pesca y Alimentaci\u00f3n; se ocupar\u00e1 de la Secretar\u00eda Primera de la Comisi\u00f3n de Pol\u00edtica Territorial y har\u00e1 las funciones de portavoz en la Comisi\u00f3n de Auditor\u00eda Calidad Democr\u00e1tica.<\/p>\n<p>Tamara Raya estar\u00e1 en las comisiones de Trabajo, Inclusi\u00f3n, Seguridad Social y Migraciones, junto a Luc Andr\u00e9 Diouf, y de Asuntos Econ\u00f3micos y Transformaci\u00f3n Digital, en ambos casos como vocal, y ser\u00e1 portavoz en la Comisi\u00f3n Mixta de Control de RTVE.<\/p>\n<p>Por su parte, Juan Bernardo Fuentes, que tom\u00f3 posesi\u00f3n del cargo de diputado nacional en sustituci\u00f3n de Elena M\u00e1\u00f1ez, ahora nueva consejera de Empleo, Conocimiento y Econom\u00eda del Gobierno de Canarias, ejercer\u00e1 de portavoz adjunto tanto en la Comisi\u00f3n de Hacienda como de Turismo en la Comisi\u00f3n de Industria, Comercio y Turismo. Asimismo, ser\u00e1 el Secretario Primero de la Comisi\u00f3n Mixta de Control de RTVE.<\/p>\n","protected":false},"excerpt":{"rendered":"<p>Cuentan con cuatro portavoc\u00edas y dos portavoc\u00edas adjuntas en esta XIV Legislatura<\/p>\n","protected":false},"author":1,"featured_media":8827,"comment_status":"open","ping_status":"open","sticky":false,"template":"","format":"standard","meta":{"footnotes":""},"categories":[1197,1184,7],"tags":[1189,84,1188,556,1190,594,295],"class_list":["post-8824","post","type-post","status-publish","format-standard","has-post-thumbnail","hentry","category-cortes-generales","category-noticias","category-politica","tag-ariagona-gonzalez","tag-congreso","tag-cortes-generales","tag-hector-gomez","tag-juan-bernardo-fuentes","tag-luc-andre-diouf","tag-tamara-raya"],"featured_image_src":"https:\/\/psoecanarias.com\/web\/wp-content\/uploads\/2020\/03\/congreso-comisiones.png","author_info":{"display_name":"PSOE Canarias","author_link":"https:\/\/psoecanarias.com\/web\/author\/admin\/"},"yoast_head":"<!-- This site is optimized with the Yoast SEO plugin v27.2 - https:\/\/yoast.com\/product\/yoast-seo-wordpress\/ -->\n<title>Los socialistas canarios refuerzan su posici\u00f3n en el Congreso | PSOE Canarias<\/title>\n<meta name=\"robots\" content=\"index, follow, max-snippet:-1, max-image-preview:large, max-video-preview:-1\" \/>\n<link rel=\"canonical\" href=\"https:\/\/psoecanarias.com\/web\/los-socialistas-canarios-refuerzan-su-posicion-en-el-congreso-2\/\" \/>\n<meta property=\"og:locale\" content=\"es_ES\" \/>\n<meta property=\"og:type\" content=\"article\" \/>\n<meta property=\"og:title\" content=\"Los socialistas canarios refuerzan su posici\u00f3n en el Congreso | PSOE Canarias\" \/>\n<meta property=\"og:description\" content=\"Cuentan con cuatro portavoc\u00edas y dos portavoc\u00edas adjuntas en esta XIV Legislatura\" \/>\n<meta property=\"og:url\" content=\"https:\/\/psoecanarias.com\/web\/los-socialistas-canarios-refuerzan-su-posicion-en-el-congreso-2\/\" \/>\n<meta property=\"og:site_name\" content=\"PSOE Canarias\" \/>\n<meta property=\"article:published_time\" content=\"2020-03-29T20:26:00+00:00\" \/>\n<meta property=\"article:modified_time\" content=\"2020-06-20T23:07:24+00:00\" \/>\n<meta property=\"og:image\" content=\"https:\/\/psoecanarias.com\/web\/wp-content\/uploads\/2020\/03\/congreso-comisiones.png\" \/>\n\t<meta property=\"og:image:width\" content=\"938\" \/>\n\t<meta property=\"og:image:height\" content=\"606\" \/>\n\t<meta property=\"og:image:type\" content=\"image\/png\" \/>\n<meta name=\"author\" content=\"PSOE Canarias\" \/>\n<meta name=\"twitter:card\" content=\"summary_large_image\" \/>\n<script type=\"application\/ld+json\" class=\"yoast-schema-graph\">{\"@context\":\"https:\/\/schema.org\",\"@graph\":[{\"@type\":\"Article\",\"@id\":\"https:\/\/psoecanarias.com\/web\/los-socialistas-canarios-refuerzan-su-posicion-en-el-congreso-2\/#article\",\"isPartOf\":{\"@id\":\"https:\/\/psoecanarias.com\/web\/los-socialistas-canarios-refuerzan-su-posicion-en-el-congreso-2\/\"},\"author\":{\"name\":\"PSOE Canarias\",\"@id\":\"https:\/\/psoecanarias.com\/web\/#\/schema\/person\/1ae43f9659d2fc599ca69c11e1dbf26f\"},\"headline\":\"Los socialistas canarios refuerzan su posici\u00f3n en el Congreso\",\"datePublished\":\"2020-03-29T20:26:00+00:00\",\"dateModified\":\"2020-06-20T23:07:24+00:00\",\"mainEntityOfPage\":{\"@id\":\"https:\/\/psoecanarias.com\/web\/los-socialistas-canarios-refuerzan-su-posicion-en-el-congreso-2\/\"},\"wordCount\":372,\"commentCount\":0,\"image\":{\"@id\":\"https:\/\/psoecanarias.com\/web\/los-socialistas-canarios-refuerzan-su-posicion-en-el-congreso-2\/#primaryimage\"},\"thumbnailUrl\":\"https:\/\/psoecanarias.com\/web\/wp-content\/uploads\/2020\/03\/congreso-comisiones.png\",\"keywords\":[\"Ariagona Gonz\u00e1lez\",\"Congreso\",\"Cortes Generales\",\"H\u00e9ctor G\u00f3mez\",\"Juan Bernardo Fuentes\",\"Luc Andr\u00e9 Diouf\",\"Tamara Raya\"],\"articleSection\":[\"Cortes Generales\",\"Noticias\",\"Pol\u00edtica\"],\"inLanguage\":\"es\",\"potentialAction\":[{\"@type\":\"CommentAction\",\"name\":\"Comment\",\"target\":[\"https:\/\/psoecanarias.com\/web\/los-socialistas-canarios-refuerzan-su-posicion-en-el-congreso-2\/#respond\"]}]},{\"@type\":\"WebPage\",\"@id\":\"https:\/\/psoecanarias.com\/web\/los-socialistas-canarios-refuerzan-su-posicion-en-el-congreso-2\/\",\"url\":\"https:\/\/psoecanarias.com\/web\/los-socialistas-canarios-refuerzan-su-posicion-en-el-congreso-2\/\",\"name\":\"Los socialistas canarios refuerzan su posici\u00f3n en el Congreso | PSOE Canarias\",\"isPartOf\":{\"@id\":\"https:\/\/psoecanarias.com\/web\/#website\"},\"primaryImageOfPage\":{\"@id\":\"https:\/\/psoecanarias.com\/web\/los-socialistas-canarios-refuerzan-su-posicion-en-el-congreso-2\/#primaryimage\"},\"image\":{\"@id\":\"https:\/\/psoecanarias.com\/web\/los-socialistas-canarios-refuerzan-su-posicion-en-el-congreso-2\/#primaryimage\"},\"thumbnailUrl\":\"https:\/\/psoecanarias.com\/web\/wp-content\/uploads\/2020\/03\/congreso-comisiones.png\",\"datePublished\":\"2020-03-29T20:26:00+00:00\",\"dateModified\":\"2020-06-20T23:07:24+00:00\",\"author\":{\"@id\":\"https:\/\/psoecanarias.com\/web\/#\/schema\/person\/1ae43f9659d2fc599ca69c11e1dbf26f\"},\"breadcrumb\":{\"@id\":\"https:\/\/psoecanarias.com\/web\/los-socialistas-canarios-refuerzan-su-posicion-en-el-congreso-2\/#breadcrumb\"},\"inLanguage\":\"es\",\"potentialAction\":[{\"@type\":\"ReadAction\",\"target\":[\"https:\/\/psoecanarias.com\/web\/los-socialistas-canarios-refuerzan-su-posicion-en-el-congreso-2\/\"]}]},{\"@type\":\"ImageObject\",\"inLanguage\":\"es\",\"@id\":\"https:\/\/psoecanarias.com\/web\/los-socialistas-canarios-refuerzan-su-posicion-en-el-congreso-2\/#primaryimage\",\"url\":\"https:\/\/psoecanarias.com\/web\/wp-content\/uploads\/2020\/03\/congreso-comisiones.png\",\"contentUrl\":\"https:\/\/psoecanarias.com\/web\/wp-content\/uploads\/2020\/03\/congreso-comisiones.png\",\"width\":938,\"height\":606,\"caption\":\"Los cinco diputados canarios de la XIII Legislatura\"},{\"@type\":\"BreadcrumbList\",\"@id\":\"https:\/\/psoecanarias.com\/web\/los-socialistas-canarios-refuerzan-su-posicion-en-el-congreso-2\/#breadcrumb\",\"itemListElement\":[{\"@type\":\"ListItem\",\"position\":1,\"name\":\"Portada\",\"item\":\"https:\/\/psoecanarias.com\/web\/\"},{\"@type\":\"ListItem\",\"position\":2,\"name\":\"Los socialistas canarios refuerzan su posici\u00f3n en el Congreso\"}]},{\"@type\":\"WebSite\",\"@id\":\"https:\/\/psoecanarias.com\/web\/#website\",\"url\":\"https:\/\/psoecanarias.com\/web\/\",\"name\":\"PSOE Canarias\",\"description\":\"Partido Socialista Obrero Espa\u00f1ol Canarias\",\"potentialAction\":[{\"@type\":\"SearchAction\",\"target\":{\"@type\":\"EntryPoint\",\"urlTemplate\":\"https:\/\/psoecanarias.com\/web\/?s={search_term_string}\"},\"query-input\":{\"@type\":\"PropertyValueSpecification\",\"valueRequired\":true,\"valueName\":\"search_term_string\"}}],\"inLanguage\":\"es\"},{\"@type\":\"Person\",\"@id\":\"https:\/\/psoecanarias.com\/web\/#\/schema\/person\/1ae43f9659d2fc599ca69c11e1dbf26f\",\"name\":\"PSOE Canarias\",\"image\":{\"@type\":\"ImageObject\",\"inLanguage\":\"es\",\"@id\":\"https:\/\/secure.gravatar.com\/avatar\/4364d37f6f6f9cdb7af199b46151565f37d8a8c3c0e04c1d78c04e857a15e3a8?s=96&d=mm&r=g\",\"url\":\"https:\/\/secure.gravatar.com\/avatar\/4364d37f6f6f9cdb7af199b46151565f37d8a8c3c0e04c1d78c04e857a15e3a8?s=96&d=mm&r=g\",\"contentUrl\":\"https:\/\/secure.gravatar.com\/avatar\/4364d37f6f6f9cdb7af199b46151565f37d8a8c3c0e04c1d78c04e857a15e3a8?s=96&d=mm&r=g\",\"caption\":\"PSOE Canarias\"},\"url\":\"https:\/\/psoecanarias.com\/web\/author\/admin\/\"}]}<\/script>\n<!-- \/ Yoast SEO plugin. -->","yoast_head_json":{"title":"Los socialistas canarios refuerzan su posici\u00f3n en el Congreso | PSOE Canarias","robots":{"index":"index","follow":"follow","max-snippet":"max-snippet:-1","max-image-preview":"max-image-preview:large","max-video-preview":"max-video-preview:-1"},"canonical":"https:\/\/psoecanarias.com\/web\/los-socialistas-canarios-refuerzan-su-posicion-en-el-congreso-2\/","og_locale":"es_ES","og_type":"article","og_title":"Los socialistas canarios refuerzan su posici\u00f3n en el Congreso | PSOE Canarias","og_description":"Cuentan con cuatro portavoc\u00edas y dos portavoc\u00edas adjuntas en esta XIV Legislatura","og_url":"https:\/\/psoecanarias.com\/web\/los-socialistas-canarios-refuerzan-su-posicion-en-el-congreso-2\/","og_site_name":"PSOE Canarias","article_published_time":"2020-03-29T20:26:00+00:00","article_modified_time":"2020-06-20T23:07:24+00:00","og_image":[{"width":938,"height":606,"url":"https:\/\/psoecanarias.com\/web\/wp-content\/uploads\/2020\/03\/congreso-comisiones.png","type":"image\/png"}],"author":"PSOE Canarias","twitter_card":"summary_large_image","schema":{"@context":"https:\/\/schema.org","@graph":[{"@type":"Article","@id":"https:\/\/psoecanarias.com\/web\/los-socialistas-canarios-refuerzan-su-posicion-en-el-congreso-2\/#article","isPartOf":{"@id":"https:\/\/psoecanarias.com\/web\/los-socialistas-canarios-refuerzan-su-posicion-en-el-congreso-2\/"},"author":{"name":"PSOE Canarias","@id":"https:\/\/psoecanarias.com\/web\/#\/schema\/person\/1ae43f9659d2fc599ca69c11e1dbf26f"},"headline":"Los socialistas canarios refuerzan su posici\u00f3n en el Congreso","datePublished":"2020-03-29T20:26:00+00:00","dateModified":"2020-06-20T23:07:24+00:00","mainEntityOfPage":{"@id":"https:\/\/psoecanarias.com\/web\/los-socialistas-canarios-refuerzan-su-posicion-en-el-congreso-2\/"},"wordCount":372,"commentCount":0,"image":{"@id":"https:\/\/psoecanarias.com\/web\/los-socialistas-canarios-refuerzan-su-posicion-en-el-congreso-2\/#primaryimage"},"thumbnailUrl":"https:\/\/psoecanarias.com\/web\/wp-content\/uploads\/2020\/03\/congreso-comisiones.png","keywords":["Ariagona Gonz\u00e1lez","Congreso","Cortes Generales","H\u00e9ctor G\u00f3mez","Juan Bernardo Fuentes","Luc Andr\u00e9 Diouf","Tamara Raya"],"articleSection":["Cortes Generales","Noticias","Pol\u00edtica"],"inLanguage":"es","potentialAction":[{"@type":"CommentAction","name":"Comment","target":["https:\/\/psoecanarias.com\/web\/los-socialistas-canarios-refuerzan-su-posicion-en-el-congreso-2\/#respond"]}]},{"@type":"WebPage","@id":"https:\/\/psoecanarias.com\/web\/los-socialistas-canarios-refuerzan-su-posicion-en-el-congreso-2\/","url":"https:\/\/psoecanarias.com\/web\/los-socialistas-canarios-refuerzan-su-posicion-en-el-congreso-2\/","name":"Los socialistas canarios refuerzan su posici\u00f3n en el Congreso | PSOE Canarias","isPartOf":{"@id":"https:\/\/psoecanarias.com\/web\/#website"},"primaryImageOfPage":{"@id":"https:\/\/psoecanarias.com\/web\/los-socialistas-canarios-refuerzan-su-posicion-en-el-congreso-2\/#primaryimage"},"image":{"@id":"https:\/\/psoecanarias.com\/web\/los-socialistas-canarios-refuerzan-su-posicion-en-el-congreso-2\/#primaryimage"},"thumbnailUrl":"https:\/\/psoecanarias.com\/web\/wp-content\/uploads\/2020\/03\/congreso-comisiones.png","datePublished":"2020-03-29T20:26:00+00:00","dateModified":"2020-06-20T23:07:24+00:00","author":{"@id":"https:\/\/psoecanarias.com\/web\/#\/schema\/person\/1ae43f9659d2fc599ca69c11e1dbf26f"},"breadcrumb":{"@id":"https:\/\/psoecanarias.com\/web\/los-socialistas-canarios-refuerzan-su-posicion-en-el-congreso-2\/#breadcrumb"},"inLanguage":"es","potentialAction":[{"@type":"ReadAction","target":["https:\/\/psoecanarias.com\/web\/los-socialistas-canarios-refuerzan-su-posicion-en-el-congreso-2\/"]}]},{"@type":"ImageObject","inLanguage":"es","@id":"https:\/\/psoecanarias.com\/web\/los-socialistas-canarios-refuerzan-su-posicion-en-el-congreso-2\/#primaryimage","url":"https:\/\/psoecanarias.com\/web\/wp-content\/uploads\/2020\/03\/congreso-comisiones.png","contentUrl":"https:\/\/psoecanarias.com\/web\/wp-content\/uploads\/2020\/03\/congreso-comisiones.png","width":938,"height":606,"caption":"Los cinco diputados canarios de la XIII Legislatura"},{"@type":"BreadcrumbList","@id":"https:\/\/psoecanarias.com\/web\/los-socialistas-canarios-refuerzan-su-posicion-en-el-congreso-2\/#breadcrumb","itemListElement":[{"@type":"ListItem","position":1,"name":"Portada","item":"https:\/\/psoecanarias.com\/web\/"},{"@type":"ListItem","position":2,"name":"Los socialistas canarios refuerzan su posici\u00f3n en el Congreso"}]},{"@type":"WebSite","@id":"https:\/\/psoecanarias.com\/web\/#website","url":"https:\/\/psoecanarias.com\/web\/","name":"PSOE Canarias","description":"Partido Socialista Obrero Espa\u00f1ol Canarias","potentialAction":[{"@type":"SearchAction","target":{"@type":"EntryPoint","urlTemplate":"https:\/\/psoecanarias.com\/web\/?s={search_term_string}"},"query-input":{"@type":"PropertyValueSpecification","valueRequired":true,"valueName":"search_term_string"}}],"inLanguage":"es"},{"@type":"Person","@id":"https:\/\/psoecanarias.com\/web\/#\/schema\/person\/1ae43f9659d2fc599ca69c11e1dbf26f","name":"PSOE Canarias","image":{"@type":"ImageObject","inLanguage":"es","@id":"https:\/\/secure.gravatar.com\/avatar\/4364d37f6f6f9cdb7af199b46151565f37d8a8c3c0e04c1d78c04e857a15e3a8?s=96&d=mm&r=g","url":"https:\/\/secure.gravatar.com\/avatar\/4364d37f6f6f9cdb7af199b46151565f37d8a8c3c0e04c1d78c04e857a15e3a8?s=96&d=mm&r=g","contentUrl":"https:\/\/secure.gravatar.com\/avatar\/4364d37f6f6f9cdb7af199b46151565f37d8a8c3c0e04c1d78c04e857a15e3a8?s=96&d=mm&r=g","caption":"PSOE Canarias"},"url":"https:\/\/psoecanarias.com\/web\/author\/admin\/"}]}},"_links":{"self":[{"href":"https:\/\/psoecanarias.com\/web\/wp-json\/wp\/v2\/posts\/8824","targetHints":{"allow":["GET"]}}],"collection":[{"href":"https:\/\/psoecanarias.com\/web\/wp-json\/wp\/v2\/posts"}],"about":[{"href":"https:\/\/psoecanarias.com\/web\/wp-json\/wp\/v2\/types\/post"}],"author":[{"embeddable":true,"href":"https:\/\/psoecanarias.com\/web\/wp-json\/wp\/v2\/users\/1"}],"replies":[{"embeddable":true,"href":"https:\/\/psoecanarias.com\/web\/wp-json\/wp\/v2\/comments?post=8824"}],"version-history":[{"count":7,"href":"https:\/\/psoecanarias.com\/web\/wp-json\/wp\/v2\/posts\/8824\/revisions"}],"predecessor-version":[{"id":8886,"href":"https:\/\/psoecanarias.com\/web\/wp-json\/wp\/v2\/posts\/8824\/revisions\/8886"}],"wp:featuredmedia":[{"embeddable":true,"href":"https:\/\/psoecanarias.com\/web\/wp-json\/wp\/v2\/media\/8827"}],"wp:attachment":[{"href":"https:\/\/psoecanarias.com\/web\/wp-json\/wp\/v2\/media?parent=8824"}],"wp:term":[{"taxonomy":"category","embeddable":true,"href":"https:\/\/psoecanarias.com\/web\/wp-json\/wp\/v2\/categories?post=8824"},{"taxonomy":"post_tag","embeddable":true,"href":"https:\/\/psoecanarias.com\/web\/wp-json\/wp\/v2\/tags?post=8824"}],"curies":[{"name":"wp","href":"https:\/\/api.w.org\/{rel}","templated":true}]}}