{"id":9005,"date":"2020-04-05T21:14:58","date_gmt":"2020-04-05T20:14:58","guid":{"rendered":"http:\/\/psoecanarias.com\/web\/?p=9005"},"modified":"2020-05-18T17:40:54","modified_gmt":"2020-05-18T16:40:54","slug":"nuestro-mas-sincero-apoyo-en-estos-momentos-tan-complicados","status":"publish","type":"post","link":"https:\/\/psoecanarias.com\/web\/nuestro-mas-sincero-apoyo-en-estos-momentos-tan-complicados\/","title":{"rendered":"&#8220;Nuestro m\u00e1s sincero apoyo en estos momentos tan complicados&#8221;"},"content":{"rendered":"<p><strong>Canarias, 4 de abril de 2020.-<\/strong> La direcci\u00f3n del PSOE Canarias se ha dirigido a sus militantes a trav\u00e9s de un carta. En ella les transmite &#8220;el m\u00e1s sincero apoyo en estos momentos tan complicados&#8221; que vive la sociedad en general, como consecuencia de la propagaci\u00f3n del coronavirus y la declaraci\u00f3n del estado de alarma, y agradece &#8220;el enorme trabajo y esfuerzo&#8221; que viene realizando tanto el Gobierno central como el regional para intentar dar respuesta a &#8220;esta situaci\u00f3n in\u00e9dita de emergencia sanitaria&#8221;.<\/p>\n<p>La carta, que est\u00e1 firmada por el secretario de Organizaci\u00f3n, Tom\u00e1s Gonz\u00e1lez, y las vicesecretarias Elena Ma\u00f1ez y Nira Fierro, concluye con un llamamiento a la unidad como &#8220;mejor medicina&#8221; en estos momentos. &#8220;Si algo aprenderemos de esta crisis es que para poder salir de ella debemos de unirnos como personas, como grupo y como sociedad&#8221;<\/p>\n<p>A continuaci\u00f3n, reproducimos completa la carta:<\/p>\n<p><em>Estimado compa\u00f1ero\/compa\u00f1era:<\/em><\/p>\n<p><em>Hoy nos sentimos m\u00e1s cerca de ti que nunca.<\/em><\/p>\n<p><em>Nos gustar\u00eda transmitirte nuestro m\u00e1s sincero apoyo en estos momentos tan complicados, nunca antes nos hab\u00edamos enfrentado a una situaci\u00f3n como la actual y, hoy m\u00e1s que nunca, te necesitamos.<\/em><\/p>\n<p><em>Te necesitamos porque ahora tenemos la mejor oportunidad para demostrar el valor socialista por antonomasia, el sentido de pertenencia a la sociedad y la conciencia del deber social, porque si algo aprenderemos de esta crisis es que para poder salir de ella debemos de unirnos como personas, como grupo y como sociedad.<\/em><\/p>\n<p><em>Somos conscientes del enorme trabajo y esfuerzo que se est\u00e1 realizando desde el Gobierno central y regional para intentar dar respuesta a esta situaci\u00f3n in\u00e9dita de emergencia sanitaria, y estamos convencidos que las medidas que se est\u00e1n implementando desde ambos ejecutivos, junto con nuestro esfuerzo y sacrificio, dar\u00e1n prontos resultados.<\/em><\/p>\n<p><em>Quedan semanas duras, pero el objetivo principal de alcanzar una ralentizaci\u00f3n de la epidemia se est\u00e1 cumpliendo.<\/em><\/p>\n<p><em>Desde el Partido Socialista Canario reiteramos las palabras de nuestro secretario de Organizaci\u00f3n, Jos\u00e9 Lu\u00eds \u00c1balos, y te pedimos que, adem\u00e1s de ser ejemplar en el comportamiento cotidiano y en el cumplimiento de las recomendaciones de las autoridades y profesionales, act\u00faes de forma solidaria.<\/em><\/p>\n<p><em>Igualmente te pedimos que en este tiempo en el que las noticias falsas crecen como la espuma, utilices tu capacidad de comunicaci\u00f3n en tus \u00e1reas de influencia para hacer un llamamiento a la unidad, a la esperanza, para denunciar bulos, para compartir informaci\u00f3n de valor y dejar sin argumentos a quienes se valen de la mentira, la manipulaci\u00f3n y la insidia para justificarla.<\/em><\/p>\n<p><em>Gracias por asumir la important\u00edsima responsabilidad individual que tienes. Ahora m\u00e1s que nunca, entendamos que la mejor medicina es nuestra uni\u00f3n.<\/em><\/p>\n<p><em>\u00a1Solo juntos lo conseguiremos!<\/em><\/p>\n<p><em>#EsteVirusLoParamosJuntos<\/em><\/p>\n<p style=\"text-align: left;\"><em>Saludos,<\/em><\/p>\n<p style=\"text-align: center;\">Jorge Tom\u00e1s Gonz\u00e1lez (secretario Organizaci\u00f3n PSOE Canarias)<br \/>\nElena Ma\u00f1ez (vicesecretaria de Acci\u00f3n Social PSOE Canarias)<br \/>\nNira Fierro D\u00edaz (vicesecretaria de Acci\u00f3n Pol\u00edtica PSOE Canarias)<\/p>\n<p>&nbsp;<\/p>\n<p>&nbsp;<\/p>\n<p>&nbsp;<\/p>\n","protected":false},"excerpt":{"rendered":"<p>La direcci\u00f3n del PSOE Canarias reclama la responsabilidad individual para hacer frente al coronavirus<\/p>\n","protected":false},"author":1,"featured_media":9006,"comment_status":"open","ping_status":"open","sticky":false,"template":"","format":"standard","meta":{"footnotes":""},"categories":[1184,7],"tags":[206],"class_list":["post-9005","post","type-post","status-publish","format-standard","has-post-thumbnail","hentry","category-noticias","category-politica","tag-ejecutiva-regional"],"featured_image_src":"https:\/\/psoecanarias.com\/web\/wp-content\/uploads\/2020\/04\/81890143_2986561518054825_2859561209605128192_o.jpg","author_info":{"display_name":"PSOE Canarias","author_link":"https:\/\/psoecanarias.com\/web\/author\/admin\/"},"yoast_head":"<!-- This site is optimized with the Yoast SEO plugin v27.2 - https:\/\/yoast.com\/product\/yoast-seo-wordpress\/ -->\n<title>&quot;Nuestro m\u00e1s sincero apoyo en estos momentos tan complicados&quot; | PSOE Canarias<\/title>\n<meta name=\"robots\" content=\"index, follow, max-snippet:-1, max-image-preview:large, max-video-preview:-1\" \/>\n<link rel=\"canonical\" href=\"https:\/\/psoecanarias.com\/web\/nuestro-mas-sincero-apoyo-en-estos-momentos-tan-complicados\/\" \/>\n<meta property=\"og:locale\" content=\"es_ES\" \/>\n<meta property=\"og:type\" content=\"article\" \/>\n<meta property=\"og:title\" content=\"&quot;Nuestro m\u00e1s sincero apoyo en estos momentos tan complicados&quot; | PSOE Canarias\" \/>\n<meta property=\"og:description\" content=\"La direcci\u00f3n del PSOE Canarias reclama la responsabilidad individual para hacer frente al coronavirus\" \/>\n<meta property=\"og:url\" content=\"https:\/\/psoecanarias.com\/web\/nuestro-mas-sincero-apoyo-en-estos-momentos-tan-complicados\/\" \/>\n<meta property=\"og:site_name\" content=\"PSOE Canarias\" \/>\n<meta property=\"article:published_time\" content=\"2020-04-05T20:14:58+00:00\" \/>\n<meta property=\"article:modified_time\" content=\"2020-05-18T16:40:54+00:00\" \/>\n<meta property=\"og:image\" content=\"https:\/\/psoecanarias.com\/web\/wp-content\/uploads\/2020\/04\/81890143_2986561518054825_2859561209605128192_o.jpg\" \/>\n\t<meta property=\"og:image:width\" content=\"1782\" \/>\n\t<meta property=\"og:image:height\" content=\"1330\" \/>\n\t<meta property=\"og:image:type\" content=\"image\/jpeg\" \/>\n<meta name=\"author\" content=\"PSOE Canarias\" \/>\n<meta name=\"twitter:card\" content=\"summary_large_image\" \/>\n<script type=\"application\/ld+json\" class=\"yoast-schema-graph\">{\"@context\":\"https:\/\/schema.org\",\"@graph\":[{\"@type\":\"Article\",\"@id\":\"https:\/\/psoecanarias.com\/web\/nuestro-mas-sincero-apoyo-en-estos-momentos-tan-complicados\/#article\",\"isPartOf\":{\"@id\":\"https:\/\/psoecanarias.com\/web\/nuestro-mas-sincero-apoyo-en-estos-momentos-tan-complicados\/\"},\"author\":{\"name\":\"PSOE Canarias\",\"@id\":\"https:\/\/psoecanarias.com\/web\/#\/schema\/person\/1ae43f9659d2fc599ca69c11e1dbf26f\"},\"headline\":\"&#8220;Nuestro m\u00e1s sincero apoyo en estos momentos tan complicados&#8221;\",\"datePublished\":\"2020-04-05T20:14:58+00:00\",\"dateModified\":\"2020-05-18T16:40:54+00:00\",\"mainEntityOfPage\":{\"@id\":\"https:\/\/psoecanarias.com\/web\/nuestro-mas-sincero-apoyo-en-estos-momentos-tan-complicados\/\"},\"wordCount\":519,\"commentCount\":0,\"image\":{\"@id\":\"https:\/\/psoecanarias.com\/web\/nuestro-mas-sincero-apoyo-en-estos-momentos-tan-complicados\/#primaryimage\"},\"thumbnailUrl\":\"https:\/\/psoecanarias.com\/web\/wp-content\/uploads\/2020\/04\/81890143_2986561518054825_2859561209605128192_o.jpg\",\"keywords\":[\"Ejecutiva Regional\"],\"articleSection\":[\"Noticias\",\"Pol\u00edtica\"],\"inLanguage\":\"es\",\"potentialAction\":[{\"@type\":\"CommentAction\",\"name\":\"Comment\",\"target\":[\"https:\/\/psoecanarias.com\/web\/nuestro-mas-sincero-apoyo-en-estos-momentos-tan-complicados\/#respond\"]}]},{\"@type\":\"WebPage\",\"@id\":\"https:\/\/psoecanarias.com\/web\/nuestro-mas-sincero-apoyo-en-estos-momentos-tan-complicados\/\",\"url\":\"https:\/\/psoecanarias.com\/web\/nuestro-mas-sincero-apoyo-en-estos-momentos-tan-complicados\/\",\"name\":\"\\\"Nuestro m\u00e1s sincero apoyo en estos momentos tan complicados\\\" | PSOE Canarias\",\"isPartOf\":{\"@id\":\"https:\/\/psoecanarias.com\/web\/#website\"},\"primaryImageOfPage\":{\"@id\":\"https:\/\/psoecanarias.com\/web\/nuestro-mas-sincero-apoyo-en-estos-momentos-tan-complicados\/#primaryimage\"},\"image\":{\"@id\":\"https:\/\/psoecanarias.com\/web\/nuestro-mas-sincero-apoyo-en-estos-momentos-tan-complicados\/#primaryimage\"},\"thumbnailUrl\":\"https:\/\/psoecanarias.com\/web\/wp-content\/uploads\/2020\/04\/81890143_2986561518054825_2859561209605128192_o.jpg\",\"datePublished\":\"2020-04-05T20:14:58+00:00\",\"dateModified\":\"2020-05-18T16:40:54+00:00\",\"author\":{\"@id\":\"https:\/\/psoecanarias.com\/web\/#\/schema\/person\/1ae43f9659d2fc599ca69c11e1dbf26f\"},\"breadcrumb\":{\"@id\":\"https:\/\/psoecanarias.com\/web\/nuestro-mas-sincero-apoyo-en-estos-momentos-tan-complicados\/#breadcrumb\"},\"inLanguage\":\"es\",\"potentialAction\":[{\"@type\":\"ReadAction\",\"target\":[\"https:\/\/psoecanarias.com\/web\/nuestro-mas-sincero-apoyo-en-estos-momentos-tan-complicados\/\"]}]},{\"@type\":\"ImageObject\",\"inLanguage\":\"es\",\"@id\":\"https:\/\/psoecanarias.com\/web\/nuestro-mas-sincero-apoyo-en-estos-momentos-tan-complicados\/#primaryimage\",\"url\":\"https:\/\/psoecanarias.com\/web\/wp-content\/uploads\/2020\/04\/81890143_2986561518054825_2859561209605128192_o.jpg\",\"contentUrl\":\"https:\/\/psoecanarias.com\/web\/wp-content\/uploads\/2020\/04\/81890143_2986561518054825_2859561209605128192_o.jpg\",\"width\":1782,\"height\":1330,\"caption\":\"Jorge Gonz\u00e1lez, tomando la palabra durante el \u00faltimo Comit\u00e9 Regional de los socialistas canarios.\"},{\"@type\":\"BreadcrumbList\",\"@id\":\"https:\/\/psoecanarias.com\/web\/nuestro-mas-sincero-apoyo-en-estos-momentos-tan-complicados\/#breadcrumb\",\"itemListElement\":[{\"@type\":\"ListItem\",\"position\":1,\"name\":\"Portada\",\"item\":\"https:\/\/psoecanarias.com\/web\/\"},{\"@type\":\"ListItem\",\"position\":2,\"name\":\"\\\"Nuestro m\u00e1s sincero apoyo en estos momentos tan complicados\\\"\"}]},{\"@type\":\"WebSite\",\"@id\":\"https:\/\/psoecanarias.com\/web\/#website\",\"url\":\"https:\/\/psoecanarias.com\/web\/\",\"name\":\"PSOE Canarias\",\"description\":\"Partido Socialista Obrero Espa\u00f1ol Canarias\",\"potentialAction\":[{\"@type\":\"SearchAction\",\"target\":{\"@type\":\"EntryPoint\",\"urlTemplate\":\"https:\/\/psoecanarias.com\/web\/?s={search_term_string}\"},\"query-input\":{\"@type\":\"PropertyValueSpecification\",\"valueRequired\":true,\"valueName\":\"search_term_string\"}}],\"inLanguage\":\"es\"},{\"@type\":\"Person\",\"@id\":\"https:\/\/psoecanarias.com\/web\/#\/schema\/person\/1ae43f9659d2fc599ca69c11e1dbf26f\",\"name\":\"PSOE Canarias\",\"image\":{\"@type\":\"ImageObject\",\"inLanguage\":\"es\",\"@id\":\"https:\/\/secure.gravatar.com\/avatar\/4364d37f6f6f9cdb7af199b46151565f37d8a8c3c0e04c1d78c04e857a15e3a8?s=96&d=mm&r=g\",\"url\":\"https:\/\/secure.gravatar.com\/avatar\/4364d37f6f6f9cdb7af199b46151565f37d8a8c3c0e04c1d78c04e857a15e3a8?s=96&d=mm&r=g\",\"contentUrl\":\"https:\/\/secure.gravatar.com\/avatar\/4364d37f6f6f9cdb7af199b46151565f37d8a8c3c0e04c1d78c04e857a15e3a8?s=96&d=mm&r=g\",\"caption\":\"PSOE Canarias\"},\"url\":\"https:\/\/psoecanarias.com\/web\/author\/admin\/\"}]}<\/script>\n<!-- \/ Yoast SEO plugin. -->","yoast_head_json":{"title":"\"Nuestro m\u00e1s sincero apoyo en estos momentos tan complicados\" | PSOE Canarias","robots":{"index":"index","follow":"follow","max-snippet":"max-snippet:-1","max-image-preview":"max-image-preview:large","max-video-preview":"max-video-preview:-1"},"canonical":"https:\/\/psoecanarias.com\/web\/nuestro-mas-sincero-apoyo-en-estos-momentos-tan-complicados\/","og_locale":"es_ES","og_type":"article","og_title":"\"Nuestro m\u00e1s sincero apoyo en estos momentos tan complicados\" | PSOE Canarias","og_description":"La direcci\u00f3n del PSOE Canarias reclama la responsabilidad individual para hacer frente al coronavirus","og_url":"https:\/\/psoecanarias.com\/web\/nuestro-mas-sincero-apoyo-en-estos-momentos-tan-complicados\/","og_site_name":"PSOE Canarias","article_published_time":"2020-04-05T20:14:58+00:00","article_modified_time":"2020-05-18T16:40:54+00:00","og_image":[{"width":1782,"height":1330,"url":"https:\/\/psoecanarias.com\/web\/wp-content\/uploads\/2020\/04\/81890143_2986561518054825_2859561209605128192_o.jpg","type":"image\/jpeg"}],"author":"PSOE Canarias","twitter_card":"summary_large_image","schema":{"@context":"https:\/\/schema.org","@graph":[{"@type":"Article","@id":"https:\/\/psoecanarias.com\/web\/nuestro-mas-sincero-apoyo-en-estos-momentos-tan-complicados\/#article","isPartOf":{"@id":"https:\/\/psoecanarias.com\/web\/nuestro-mas-sincero-apoyo-en-estos-momentos-tan-complicados\/"},"author":{"name":"PSOE Canarias","@id":"https:\/\/psoecanarias.com\/web\/#\/schema\/person\/1ae43f9659d2fc599ca69c11e1dbf26f"},"headline":"&#8220;Nuestro m\u00e1s sincero apoyo en estos momentos tan complicados&#8221;","datePublished":"2020-04-05T20:14:58+00:00","dateModified":"2020-05-18T16:40:54+00:00","mainEntityOfPage":{"@id":"https:\/\/psoecanarias.com\/web\/nuestro-mas-sincero-apoyo-en-estos-momentos-tan-complicados\/"},"wordCount":519,"commentCount":0,"image":{"@id":"https:\/\/psoecanarias.com\/web\/nuestro-mas-sincero-apoyo-en-estos-momentos-tan-complicados\/#primaryimage"},"thumbnailUrl":"https:\/\/psoecanarias.com\/web\/wp-content\/uploads\/2020\/04\/81890143_2986561518054825_2859561209605128192_o.jpg","keywords":["Ejecutiva Regional"],"articleSection":["Noticias","Pol\u00edtica"],"inLanguage":"es","potentialAction":[{"@type":"CommentAction","name":"Comment","target":["https:\/\/psoecanarias.com\/web\/nuestro-mas-sincero-apoyo-en-estos-momentos-tan-complicados\/#respond"]}]},{"@type":"WebPage","@id":"https:\/\/psoecanarias.com\/web\/nuestro-mas-sincero-apoyo-en-estos-momentos-tan-complicados\/","url":"https:\/\/psoecanarias.com\/web\/nuestro-mas-sincero-apoyo-en-estos-momentos-tan-complicados\/","name":"\"Nuestro m\u00e1s sincero apoyo en estos momentos tan complicados\" | PSOE Canarias","isPartOf":{"@id":"https:\/\/psoecanarias.com\/web\/#website"},"primaryImageOfPage":{"@id":"https:\/\/psoecanarias.com\/web\/nuestro-mas-sincero-apoyo-en-estos-momentos-tan-complicados\/#primaryimage"},"image":{"@id":"https:\/\/psoecanarias.com\/web\/nuestro-mas-sincero-apoyo-en-estos-momentos-tan-complicados\/#primaryimage"},"thumbnailUrl":"https:\/\/psoecanarias.com\/web\/wp-content\/uploads\/2020\/04\/81890143_2986561518054825_2859561209605128192_o.jpg","datePublished":"2020-04-05T20:14:58+00:00","dateModified":"2020-05-18T16:40:54+00:00","author":{"@id":"https:\/\/psoecanarias.com\/web\/#\/schema\/person\/1ae43f9659d2fc599ca69c11e1dbf26f"},"breadcrumb":{"@id":"https:\/\/psoecanarias.com\/web\/nuestro-mas-sincero-apoyo-en-estos-momentos-tan-complicados\/#breadcrumb"},"inLanguage":"es","potentialAction":[{"@type":"ReadAction","target":["https:\/\/psoecanarias.com\/web\/nuestro-mas-sincero-apoyo-en-estos-momentos-tan-complicados\/"]}]},{"@type":"ImageObject","inLanguage":"es","@id":"https:\/\/psoecanarias.com\/web\/nuestro-mas-sincero-apoyo-en-estos-momentos-tan-complicados\/#primaryimage","url":"https:\/\/psoecanarias.com\/web\/wp-content\/uploads\/2020\/04\/81890143_2986561518054825_2859561209605128192_o.jpg","contentUrl":"https:\/\/psoecanarias.com\/web\/wp-content\/uploads\/2020\/04\/81890143_2986561518054825_2859561209605128192_o.jpg","width":1782,"height":1330,"caption":"Jorge Gonz\u00e1lez, tomando la palabra durante el \u00faltimo Comit\u00e9 Regional de los socialistas canarios."},{"@type":"BreadcrumbList","@id":"https:\/\/psoecanarias.com\/web\/nuestro-mas-sincero-apoyo-en-estos-momentos-tan-complicados\/#breadcrumb","itemListElement":[{"@type":"ListItem","position":1,"name":"Portada","item":"https:\/\/psoecanarias.com\/web\/"},{"@type":"ListItem","position":2,"name":"\"Nuestro m\u00e1s sincero apoyo en estos momentos tan complicados\""}]},{"@type":"WebSite","@id":"https:\/\/psoecanarias.com\/web\/#website","url":"https:\/\/psoecanarias.com\/web\/","name":"PSOE Canarias","description":"Partido Socialista Obrero Espa\u00f1ol Canarias","potentialAction":[{"@type":"SearchAction","target":{"@type":"EntryPoint","urlTemplate":"https:\/\/psoecanarias.com\/web\/?s={search_term_string}"},"query-input":{"@type":"PropertyValueSpecification","valueRequired":true,"valueName":"search_term_string"}}],"inLanguage":"es"},{"@type":"Person","@id":"https:\/\/psoecanarias.com\/web\/#\/schema\/person\/1ae43f9659d2fc599ca69c11e1dbf26f","name":"PSOE Canarias","image":{"@type":"ImageObject","inLanguage":"es","@id":"https:\/\/secure.gravatar.com\/avatar\/4364d37f6f6f9cdb7af199b46151565f37d8a8c3c0e04c1d78c04e857a15e3a8?s=96&d=mm&r=g","url":"https:\/\/secure.gravatar.com\/avatar\/4364d37f6f6f9cdb7af199b46151565f37d8a8c3c0e04c1d78c04e857a15e3a8?s=96&d=mm&r=g","contentUrl":"https:\/\/secure.gravatar.com\/avatar\/4364d37f6f6f9cdb7af199b46151565f37d8a8c3c0e04c1d78c04e857a15e3a8?s=96&d=mm&r=g","caption":"PSOE Canarias"},"url":"https:\/\/psoecanarias.com\/web\/author\/admin\/"}]}},"_links":{"self":[{"href":"https:\/\/psoecanarias.com\/web\/wp-json\/wp\/v2\/posts\/9005","targetHints":{"allow":["GET"]}}],"collection":[{"href":"https:\/\/psoecanarias.com\/web\/wp-json\/wp\/v2\/posts"}],"about":[{"href":"https:\/\/psoecanarias.com\/web\/wp-json\/wp\/v2\/types\/post"}],"author":[{"embeddable":true,"href":"https:\/\/psoecanarias.com\/web\/wp-json\/wp\/v2\/users\/1"}],"replies":[{"embeddable":true,"href":"https:\/\/psoecanarias.com\/web\/wp-json\/wp\/v2\/comments?post=9005"}],"version-history":[{"count":6,"href":"https:\/\/psoecanarias.com\/web\/wp-json\/wp\/v2\/posts\/9005\/revisions"}],"predecessor-version":[{"id":9194,"href":"https:\/\/psoecanarias.com\/web\/wp-json\/wp\/v2\/posts\/9005\/revisions\/9194"}],"wp:featuredmedia":[{"embeddable":true,"href":"https:\/\/psoecanarias.com\/web\/wp-json\/wp\/v2\/media\/9006"}],"wp:attachment":[{"href":"https:\/\/psoecanarias.com\/web\/wp-json\/wp\/v2\/media?parent=9005"}],"wp:term":[{"taxonomy":"category","embeddable":true,"href":"https:\/\/psoecanarias.com\/web\/wp-json\/wp\/v2\/categories?post=9005"},{"taxonomy":"post_tag","embeddable":true,"href":"https:\/\/psoecanarias.com\/web\/wp-json\/wp\/v2\/tags?post=9005"}],"curies":[{"name":"wp","href":"https:\/\/api.w.org\/{rel}","templated":true}]}}