{"id":912,"date":"2015-04-28T10:43:46","date_gmt":"2015-04-28T09:43:46","guid":{"rendered":"http:\/\/psoecanarias.com\/web\/?p=912"},"modified":"2015-04-28T10:49:33","modified_gmt":"2015-04-28T09:49:33","slug":"darias-defiende-un-modelo-economico-y-laboral-que-ponga-el-trabajo-humano-por-delante-del-capital","status":"publish","type":"post","link":"https:\/\/psoecanarias.com\/web\/darias-defiende-un-modelo-economico-y-laboral-que-ponga-el-trabajo-humano-por-delante-del-capital\/","title":{"rendered":"Darias defiende un modelo econ\u00f3mico y laboral que ponga el trabajo humano por delante del capital"},"content":{"rendered":"<h5><strong>La cabeza de lista por Gran Canaria al Parlamento auton\u00f3mico aboga por impulsar el marco normativo para un desarrollo de la econom\u00eda social y las cooperativas en el Archipi\u00e9lago<\/strong><\/h5>\n<p>La cabeza de lista socialista por Gran Canaria al Parlamento auton\u00f3mico, Carolina Darias, defiende\u00a0la puesta en marcha en las Islas de un modelo econ\u00f3mico y laboral \u201cque ponga el trabajo humano por delante del capital\u201d, basado en la econom\u00eda social, en el impulso a la creaci\u00f3n de cooperativas y en el \u201cemprendimiento responsable\u201d.<\/p>\n<p>Tras una reuni\u00f3n con representantes de la Asociaci\u00f3n de Empresas de Econom\u00eda Social de Canarias (Asescan), Darias dijo que el PSOE espera aprobar en la pr\u00f3xima legislatura el marco normativo para cumplir estos tres objetivos. \u201cLa econom\u00eda social ser\u00e1 prioritaria en la agenda pol\u00edtica, econ\u00f3mica y social del pr\u00f3ximo Gobierno de Canarias; es la hora de apostar por un modelo que genera empleo y riqueza social\u201d, afirm\u00f3.<\/p>\n<p>La idea de los y las socialistas, explic\u00f3 Darias, es aprobar un pacto por la econom\u00eda social en Canarias que fije las acciones concretas a llevar a cabo para incentivar la creaci\u00f3n de empleo y la innovaci\u00f3n en estas empresas, as\u00ed como reforzar su competitividad. \u201cSe trata de consolidar este tipo de proyectos de econom\u00eda social, facilit\u00e1ndoles la obtenci\u00f3n de cr\u00e9dito y mejores herramientas para su constituci\u00f3n\u201d, apunt\u00f3.<\/p>\n<blockquote><p>\u201cLas principales ciudades canarias contar\u00e1n con zonas sujetas a condiciones tributarias especiales para el\u00a0impulso de la actividad econ\u00f3mica\u201d<\/p><\/blockquote>\n<p>Dentro de este plan estrat\u00e9gico de la econom\u00eda social, el PSOE ha situado en un lugar central la promoci\u00f3n de la iniciativa emprendedora responsable, para lo que pondr\u00e1 en marcha desde el Gobierno de Canarias programas especiales para la implantaci\u00f3n de incubadoras y aceleradoras de empresas o zonas especiales de emprendimiento urbano en las principales ciudades del Archipi\u00e9lago. \u201cLas principales ciudades canarias contar\u00e1n con zonas sujetas a condiciones tributarias especiales y que gocen de incentivos econ\u00f3micos vinculados al impulso de la actividad econ\u00f3mica\u201d, detall\u00f3 Darias.<\/p>\n<p>La &#8216;n\u00famero uno&#8217; del PSOE por Gran Canaria record\u00f3 que en la actualidad ya hay en Canarias en torno a un millar de empresas de econom\u00eda social, que suman casi 5.000 trabajadores y trabajadoras en torno a casi 300 cooperativas, con un papel cada vez m\u00e1s significativo de la mujer. \u201cEsto supone el 4% del PIB de Canarias, pero nos hemos propuesto alcanzar la media del Estado (alrededor del 13%) y situarnos a la par que comunidades como Pa\u00eds Vasco o Navarra, en las que este tipo de empresas son habituales e inciden m\u00e1s en la generaci\u00f3n de empleo\u201d, explic\u00f3.<\/p>\n","protected":false},"excerpt":{"rendered":"<p>\u201cLa econom\u00eda social ser\u00e1 prioritaria en la agenda pol\u00edtica, econ\u00f3mica y social del pr\u00f3ximo Gobierno de Canarias; es la hora de apostar por un modelo que genera empleo y riqueza social\u201d, afirma.<\/p>\n","protected":false},"author":1,"featured_media":913,"comment_status":"open","ping_status":"open","sticky":false,"template":"","format":"standard","meta":{"footnotes":""},"categories":[7],"tags":[52,120,121,29,44,56,119,37,70,10],"class_list":["post-912","post","type-post","status-publish","format-standard","has-post-thumbnail","hentry","category-politica","tag-carolina-darias","tag-economia","tag-economia-social","tag-empleo","tag-gobierno-de-canarias","tag-gran-canaria","tag-las-palmas","tag-parlamento","tag-parlamento-de-canarias","tag-psoe"],"featured_image_src":"https:\/\/psoecanarias.com\/web\/wp-content\/uploads\/2015\/04\/Reunion-de-Carolina-Darias-con-Asescan.jpg","author_info":{"display_name":"PSOE Canarias","author_link":"https:\/\/psoecanarias.com\/web\/author\/admin\/"},"yoast_head":"<!-- This site is optimized with the Yoast SEO plugin v27.2 - https:\/\/yoast.com\/product\/yoast-seo-wordpress\/ -->\n<title>Darias defiende un modelo econ\u00f3mico y laboral que ponga el trabajo humano por delante del capital | PSOE Canarias<\/title>\n<meta name=\"robots\" content=\"index, follow, max-snippet:-1, max-image-preview:large, max-video-preview:-1\" \/>\n<link rel=\"canonical\" href=\"https:\/\/psoecanarias.com\/web\/darias-defiende-un-modelo-economico-y-laboral-que-ponga-el-trabajo-humano-por-delante-del-capital\/\" \/>\n<meta property=\"og:locale\" content=\"es_ES\" \/>\n<meta property=\"og:type\" content=\"article\" \/>\n<meta property=\"og:title\" content=\"Darias defiende un modelo econ\u00f3mico y laboral que ponga el trabajo humano por delante del capital | PSOE Canarias\" \/>\n<meta property=\"og:description\" content=\"\u201cLa econom\u00eda social ser\u00e1 prioritaria en la agenda pol\u00edtica, econ\u00f3mica y social del pr\u00f3ximo Gobierno de Canarias; es la hora de apostar por un modelo que genera empleo y riqueza social\u201d, afirma.\" \/>\n<meta property=\"og:url\" content=\"https:\/\/psoecanarias.com\/web\/darias-defiende-un-modelo-economico-y-laboral-que-ponga-el-trabajo-humano-por-delante-del-capital\/\" \/>\n<meta property=\"og:site_name\" content=\"PSOE Canarias\" \/>\n<meta property=\"article:published_time\" content=\"2015-04-28T09:43:46+00:00\" \/>\n<meta property=\"article:modified_time\" content=\"2015-04-28T09:49:33+00:00\" \/>\n<meta property=\"og:image\" content=\"https:\/\/psoecanarias.com\/web\/wp-content\/uploads\/2015\/04\/Reunion-de-Carolina-Darias-con-Asescan.jpg\" \/>\n\t<meta property=\"og:image:width\" content=\"2000\" \/>\n\t<meta property=\"og:image:height\" content=\"1125\" \/>\n\t<meta property=\"og:image:type\" content=\"image\/jpeg\" \/>\n<meta name=\"author\" content=\"PSOE Canarias\" \/>\n<meta name=\"twitter:card\" content=\"summary_large_image\" \/>\n<script type=\"application\/ld+json\" class=\"yoast-schema-graph\">{\"@context\":\"https:\/\/schema.org\",\"@graph\":[{\"@type\":\"Article\",\"@id\":\"https:\/\/psoecanarias.com\/web\/darias-defiende-un-modelo-economico-y-laboral-que-ponga-el-trabajo-humano-por-delante-del-capital\/#article\",\"isPartOf\":{\"@id\":\"https:\/\/psoecanarias.com\/web\/darias-defiende-un-modelo-economico-y-laboral-que-ponga-el-trabajo-humano-por-delante-del-capital\/\"},\"author\":{\"name\":\"PSOE Canarias\",\"@id\":\"https:\/\/psoecanarias.com\/web\/#\/schema\/person\/1ae43f9659d2fc599ca69c11e1dbf26f\"},\"headline\":\"Darias defiende un modelo econ\u00f3mico y laboral que ponga el trabajo humano por delante del capital\",\"datePublished\":\"2015-04-28T09:43:46+00:00\",\"dateModified\":\"2015-04-28T09:49:33+00:00\",\"mainEntityOfPage\":{\"@id\":\"https:\/\/psoecanarias.com\/web\/darias-defiende-un-modelo-economico-y-laboral-que-ponga-el-trabajo-humano-por-delante-del-capital\/\"},\"wordCount\":474,\"commentCount\":0,\"image\":{\"@id\":\"https:\/\/psoecanarias.com\/web\/darias-defiende-un-modelo-economico-y-laboral-que-ponga-el-trabajo-humano-por-delante-del-capital\/#primaryimage\"},\"thumbnailUrl\":\"https:\/\/psoecanarias.com\/web\/wp-content\/uploads\/2015\/04\/Reunion-de-Carolina-Darias-con-Asescan.jpg\",\"keywords\":[\"Carolina Darias\",\"econom\u00eda\",\"econom\u00eda social\",\"empleo\",\"Gobierno de Canarias\",\"Gran Canaria\",\"Las Palmas\",\"Parlamento\",\"Parlamento de Canarias\",\"PSOE\"],\"articleSection\":[\"Pol\u00edtica\"],\"inLanguage\":\"es\",\"potentialAction\":[{\"@type\":\"CommentAction\",\"name\":\"Comment\",\"target\":[\"https:\/\/psoecanarias.com\/web\/darias-defiende-un-modelo-economico-y-laboral-que-ponga-el-trabajo-humano-por-delante-del-capital\/#respond\"]}]},{\"@type\":\"WebPage\",\"@id\":\"https:\/\/psoecanarias.com\/web\/darias-defiende-un-modelo-economico-y-laboral-que-ponga-el-trabajo-humano-por-delante-del-capital\/\",\"url\":\"https:\/\/psoecanarias.com\/web\/darias-defiende-un-modelo-economico-y-laboral-que-ponga-el-trabajo-humano-por-delante-del-capital\/\",\"name\":\"Darias defiende un modelo econ\u00f3mico y laboral que ponga el trabajo humano por delante del capital | PSOE Canarias\",\"isPartOf\":{\"@id\":\"https:\/\/psoecanarias.com\/web\/#website\"},\"primaryImageOfPage\":{\"@id\":\"https:\/\/psoecanarias.com\/web\/darias-defiende-un-modelo-economico-y-laboral-que-ponga-el-trabajo-humano-por-delante-del-capital\/#primaryimage\"},\"image\":{\"@id\":\"https:\/\/psoecanarias.com\/web\/darias-defiende-un-modelo-economico-y-laboral-que-ponga-el-trabajo-humano-por-delante-del-capital\/#primaryimage\"},\"thumbnailUrl\":\"https:\/\/psoecanarias.com\/web\/wp-content\/uploads\/2015\/04\/Reunion-de-Carolina-Darias-con-Asescan.jpg\",\"datePublished\":\"2015-04-28T09:43:46+00:00\",\"dateModified\":\"2015-04-28T09:49:33+00:00\",\"author\":{\"@id\":\"https:\/\/psoecanarias.com\/web\/#\/schema\/person\/1ae43f9659d2fc599ca69c11e1dbf26f\"},\"breadcrumb\":{\"@id\":\"https:\/\/psoecanarias.com\/web\/darias-defiende-un-modelo-economico-y-laboral-que-ponga-el-trabajo-humano-por-delante-del-capital\/#breadcrumb\"},\"inLanguage\":\"es\",\"potentialAction\":[{\"@type\":\"ReadAction\",\"target\":[\"https:\/\/psoecanarias.com\/web\/darias-defiende-un-modelo-economico-y-laboral-que-ponga-el-trabajo-humano-por-delante-del-capital\/\"]}]},{\"@type\":\"ImageObject\",\"inLanguage\":\"es\",\"@id\":\"https:\/\/psoecanarias.com\/web\/darias-defiende-un-modelo-economico-y-laboral-que-ponga-el-trabajo-humano-por-delante-del-capital\/#primaryimage\",\"url\":\"https:\/\/psoecanarias.com\/web\/wp-content\/uploads\/2015\/04\/Reunion-de-Carolina-Darias-con-Asescan.jpg\",\"contentUrl\":\"https:\/\/psoecanarias.com\/web\/wp-content\/uploads\/2015\/04\/Reunion-de-Carolina-Darias-con-Asescan.jpg\",\"width\":2000,\"height\":1125,\"caption\":\"Reuni\u00f3n de Carolina Darias con Asescan\"},{\"@type\":\"BreadcrumbList\",\"@id\":\"https:\/\/psoecanarias.com\/web\/darias-defiende-un-modelo-economico-y-laboral-que-ponga-el-trabajo-humano-por-delante-del-capital\/#breadcrumb\",\"itemListElement\":[{\"@type\":\"ListItem\",\"position\":1,\"name\":\"Portada\",\"item\":\"https:\/\/psoecanarias.com\/web\/\"},{\"@type\":\"ListItem\",\"position\":2,\"name\":\"Darias defiende un modelo econ\u00f3mico y laboral que ponga el trabajo humano por delante del capital\"}]},{\"@type\":\"WebSite\",\"@id\":\"https:\/\/psoecanarias.com\/web\/#website\",\"url\":\"https:\/\/psoecanarias.com\/web\/\",\"name\":\"PSOE Canarias\",\"description\":\"Partido Socialista Obrero Espa\u00f1ol Canarias\",\"potentialAction\":[{\"@type\":\"SearchAction\",\"target\":{\"@type\":\"EntryPoint\",\"urlTemplate\":\"https:\/\/psoecanarias.com\/web\/?s={search_term_string}\"},\"query-input\":{\"@type\":\"PropertyValueSpecification\",\"valueRequired\":true,\"valueName\":\"search_term_string\"}}],\"inLanguage\":\"es\"},{\"@type\":\"Person\",\"@id\":\"https:\/\/psoecanarias.com\/web\/#\/schema\/person\/1ae43f9659d2fc599ca69c11e1dbf26f\",\"name\":\"PSOE Canarias\",\"image\":{\"@type\":\"ImageObject\",\"inLanguage\":\"es\",\"@id\":\"https:\/\/secure.gravatar.com\/avatar\/4364d37f6f6f9cdb7af199b46151565f37d8a8c3c0e04c1d78c04e857a15e3a8?s=96&d=mm&r=g\",\"url\":\"https:\/\/secure.gravatar.com\/avatar\/4364d37f6f6f9cdb7af199b46151565f37d8a8c3c0e04c1d78c04e857a15e3a8?s=96&d=mm&r=g\",\"contentUrl\":\"https:\/\/secure.gravatar.com\/avatar\/4364d37f6f6f9cdb7af199b46151565f37d8a8c3c0e04c1d78c04e857a15e3a8?s=96&d=mm&r=g\",\"caption\":\"PSOE Canarias\"},\"url\":\"https:\/\/psoecanarias.com\/web\/author\/admin\/\"}]}<\/script>\n<!-- \/ Yoast SEO plugin. -->","yoast_head_json":{"title":"Darias defiende un modelo econ\u00f3mico y laboral que ponga el trabajo humano por delante del capital | PSOE Canarias","robots":{"index":"index","follow":"follow","max-snippet":"max-snippet:-1","max-image-preview":"max-image-preview:large","max-video-preview":"max-video-preview:-1"},"canonical":"https:\/\/psoecanarias.com\/web\/darias-defiende-un-modelo-economico-y-laboral-que-ponga-el-trabajo-humano-por-delante-del-capital\/","og_locale":"es_ES","og_type":"article","og_title":"Darias defiende un modelo econ\u00f3mico y laboral que ponga el trabajo humano por delante del capital | PSOE Canarias","og_description":"\u201cLa econom\u00eda social ser\u00e1 prioritaria en la agenda pol\u00edtica, econ\u00f3mica y social del pr\u00f3ximo Gobierno de Canarias; es la hora de apostar por un modelo que genera empleo y riqueza social\u201d, afirma.","og_url":"https:\/\/psoecanarias.com\/web\/darias-defiende-un-modelo-economico-y-laboral-que-ponga-el-trabajo-humano-por-delante-del-capital\/","og_site_name":"PSOE Canarias","article_published_time":"2015-04-28T09:43:46+00:00","article_modified_time":"2015-04-28T09:49:33+00:00","og_image":[{"width":2000,"height":1125,"url":"https:\/\/psoecanarias.com\/web\/wp-content\/uploads\/2015\/04\/Reunion-de-Carolina-Darias-con-Asescan.jpg","type":"image\/jpeg"}],"author":"PSOE Canarias","twitter_card":"summary_large_image","schema":{"@context":"https:\/\/schema.org","@graph":[{"@type":"Article","@id":"https:\/\/psoecanarias.com\/web\/darias-defiende-un-modelo-economico-y-laboral-que-ponga-el-trabajo-humano-por-delante-del-capital\/#article","isPartOf":{"@id":"https:\/\/psoecanarias.com\/web\/darias-defiende-un-modelo-economico-y-laboral-que-ponga-el-trabajo-humano-por-delante-del-capital\/"},"author":{"name":"PSOE Canarias","@id":"https:\/\/psoecanarias.com\/web\/#\/schema\/person\/1ae43f9659d2fc599ca69c11e1dbf26f"},"headline":"Darias defiende un modelo econ\u00f3mico y laboral que ponga el trabajo humano por delante del capital","datePublished":"2015-04-28T09:43:46+00:00","dateModified":"2015-04-28T09:49:33+00:00","mainEntityOfPage":{"@id":"https:\/\/psoecanarias.com\/web\/darias-defiende-un-modelo-economico-y-laboral-que-ponga-el-trabajo-humano-por-delante-del-capital\/"},"wordCount":474,"commentCount":0,"image":{"@id":"https:\/\/psoecanarias.com\/web\/darias-defiende-un-modelo-economico-y-laboral-que-ponga-el-trabajo-humano-por-delante-del-capital\/#primaryimage"},"thumbnailUrl":"https:\/\/psoecanarias.com\/web\/wp-content\/uploads\/2015\/04\/Reunion-de-Carolina-Darias-con-Asescan.jpg","keywords":["Carolina Darias","econom\u00eda","econom\u00eda social","empleo","Gobierno de Canarias","Gran Canaria","Las Palmas","Parlamento","Parlamento de Canarias","PSOE"],"articleSection":["Pol\u00edtica"],"inLanguage":"es","potentialAction":[{"@type":"CommentAction","name":"Comment","target":["https:\/\/psoecanarias.com\/web\/darias-defiende-un-modelo-economico-y-laboral-que-ponga-el-trabajo-humano-por-delante-del-capital\/#respond"]}]},{"@type":"WebPage","@id":"https:\/\/psoecanarias.com\/web\/darias-defiende-un-modelo-economico-y-laboral-que-ponga-el-trabajo-humano-por-delante-del-capital\/","url":"https:\/\/psoecanarias.com\/web\/darias-defiende-un-modelo-economico-y-laboral-que-ponga-el-trabajo-humano-por-delante-del-capital\/","name":"Darias defiende un modelo econ\u00f3mico y laboral que ponga el trabajo humano por delante del capital | PSOE Canarias","isPartOf":{"@id":"https:\/\/psoecanarias.com\/web\/#website"},"primaryImageOfPage":{"@id":"https:\/\/psoecanarias.com\/web\/darias-defiende-un-modelo-economico-y-laboral-que-ponga-el-trabajo-humano-por-delante-del-capital\/#primaryimage"},"image":{"@id":"https:\/\/psoecanarias.com\/web\/darias-defiende-un-modelo-economico-y-laboral-que-ponga-el-trabajo-humano-por-delante-del-capital\/#primaryimage"},"thumbnailUrl":"https:\/\/psoecanarias.com\/web\/wp-content\/uploads\/2015\/04\/Reunion-de-Carolina-Darias-con-Asescan.jpg","datePublished":"2015-04-28T09:43:46+00:00","dateModified":"2015-04-28T09:49:33+00:00","author":{"@id":"https:\/\/psoecanarias.com\/web\/#\/schema\/person\/1ae43f9659d2fc599ca69c11e1dbf26f"},"breadcrumb":{"@id":"https:\/\/psoecanarias.com\/web\/darias-defiende-un-modelo-economico-y-laboral-que-ponga-el-trabajo-humano-por-delante-del-capital\/#breadcrumb"},"inLanguage":"es","potentialAction":[{"@type":"ReadAction","target":["https:\/\/psoecanarias.com\/web\/darias-defiende-un-modelo-economico-y-laboral-que-ponga-el-trabajo-humano-por-delante-del-capital\/"]}]},{"@type":"ImageObject","inLanguage":"es","@id":"https:\/\/psoecanarias.com\/web\/darias-defiende-un-modelo-economico-y-laboral-que-ponga-el-trabajo-humano-por-delante-del-capital\/#primaryimage","url":"https:\/\/psoecanarias.com\/web\/wp-content\/uploads\/2015\/04\/Reunion-de-Carolina-Darias-con-Asescan.jpg","contentUrl":"https:\/\/psoecanarias.com\/web\/wp-content\/uploads\/2015\/04\/Reunion-de-Carolina-Darias-con-Asescan.jpg","width":2000,"height":1125,"caption":"Reuni\u00f3n de Carolina Darias con Asescan"},{"@type":"BreadcrumbList","@id":"https:\/\/psoecanarias.com\/web\/darias-defiende-un-modelo-economico-y-laboral-que-ponga-el-trabajo-humano-por-delante-del-capital\/#breadcrumb","itemListElement":[{"@type":"ListItem","position":1,"name":"Portada","item":"https:\/\/psoecanarias.com\/web\/"},{"@type":"ListItem","position":2,"name":"Darias defiende un modelo econ\u00f3mico y laboral que ponga el trabajo humano por delante del capital"}]},{"@type":"WebSite","@id":"https:\/\/psoecanarias.com\/web\/#website","url":"https:\/\/psoecanarias.com\/web\/","name":"PSOE Canarias","description":"Partido Socialista Obrero Espa\u00f1ol Canarias","potentialAction":[{"@type":"SearchAction","target":{"@type":"EntryPoint","urlTemplate":"https:\/\/psoecanarias.com\/web\/?s={search_term_string}"},"query-input":{"@type":"PropertyValueSpecification","valueRequired":true,"valueName":"search_term_string"}}],"inLanguage":"es"},{"@type":"Person","@id":"https:\/\/psoecanarias.com\/web\/#\/schema\/person\/1ae43f9659d2fc599ca69c11e1dbf26f","name":"PSOE Canarias","image":{"@type":"ImageObject","inLanguage":"es","@id":"https:\/\/secure.gravatar.com\/avatar\/4364d37f6f6f9cdb7af199b46151565f37d8a8c3c0e04c1d78c04e857a15e3a8?s=96&d=mm&r=g","url":"https:\/\/secure.gravatar.com\/avatar\/4364d37f6f6f9cdb7af199b46151565f37d8a8c3c0e04c1d78c04e857a15e3a8?s=96&d=mm&r=g","contentUrl":"https:\/\/secure.gravatar.com\/avatar\/4364d37f6f6f9cdb7af199b46151565f37d8a8c3c0e04c1d78c04e857a15e3a8?s=96&d=mm&r=g","caption":"PSOE Canarias"},"url":"https:\/\/psoecanarias.com\/web\/author\/admin\/"}]}},"_links":{"self":[{"href":"https:\/\/psoecanarias.com\/web\/wp-json\/wp\/v2\/posts\/912","targetHints":{"allow":["GET"]}}],"collection":[{"href":"https:\/\/psoecanarias.com\/web\/wp-json\/wp\/v2\/posts"}],"about":[{"href":"https:\/\/psoecanarias.com\/web\/wp-json\/wp\/v2\/types\/post"}],"author":[{"embeddable":true,"href":"https:\/\/psoecanarias.com\/web\/wp-json\/wp\/v2\/users\/1"}],"replies":[{"embeddable":true,"href":"https:\/\/psoecanarias.com\/web\/wp-json\/wp\/v2\/comments?post=912"}],"version-history":[{"count":2,"href":"https:\/\/psoecanarias.com\/web\/wp-json\/wp\/v2\/posts\/912\/revisions"}],"predecessor-version":[{"id":915,"href":"https:\/\/psoecanarias.com\/web\/wp-json\/wp\/v2\/posts\/912\/revisions\/915"}],"wp:featuredmedia":[{"embeddable":true,"href":"https:\/\/psoecanarias.com\/web\/wp-json\/wp\/v2\/media\/913"}],"wp:attachment":[{"href":"https:\/\/psoecanarias.com\/web\/wp-json\/wp\/v2\/media?parent=912"}],"wp:term":[{"taxonomy":"category","embeddable":true,"href":"https:\/\/psoecanarias.com\/web\/wp-json\/wp\/v2\/categories?post=912"},{"taxonomy":"post_tag","embeddable":true,"href":"https:\/\/psoecanarias.com\/web\/wp-json\/wp\/v2\/tags?post=912"}],"curies":[{"name":"wp","href":"https:\/\/api.w.org\/{rel}","templated":true}]}}