{"id":9819,"date":"2020-05-16T12:32:47","date_gmt":"2020-05-16T11:32:47","guid":{"rendered":"http:\/\/psoecanarias.com\/web\/?p=9819"},"modified":"2020-06-21T00:06:24","modified_gmt":"2020-06-20T23:06:24","slug":"olivia-delgado-valora-la-apuesta-del-gobierno-central-por-el-desarrollo-tecnologico","status":"publish","type":"post","link":"https:\/\/psoecanarias.com\/web\/olivia-delgado-valora-la-apuesta-del-gobierno-central-por-el-desarrollo-tecnologico\/","title":{"rendered":"Olivia Delgado valora la apuesta del Gobierno central por el desarrollo tecnol\u00f3gico"},"content":{"rendered":"<p><strong>Canarias, 16 de mayo de 2020.-<\/strong> La senadora por Tenerife y portavoz de Transformaci\u00f3n Digital del PSOE en la C\u00e1mara Alta, Olivia Delgado, destaca el trabajo que est\u00e1 realizando el Gobierno de Espa\u00f1a, desde el inicio de la crisis de la COVID-19, \u201cpara desarrollar soluciones tecnol\u00f3gicas que garanticen la conectividad digital a todos los sectores\u201d.<\/p>\n<p>La senadora tinerfe\u00f1a sigui\u00f3 este jueves, v\u00eda telem\u00e1tica, la Comisi\u00f3n de Asuntos Econ\u00f3micos y Transformaci\u00f3n Digital en la que la vicepresidenta tercera y ministra del \u00c1rea, Nadia Calvi\u00f1o, expuso las l\u00edneas fundamentales de su departamento as\u00ed como las acciones desarrolladas por el mismo para paliar los efectos de la actual crisis derivada de la pandemia.<\/p>\n<blockquote class=\"twitter-tweet\">\n<p dir=\"ltr\" lang=\"es\">La vicepresidenta <a href=\"https:\/\/twitter.com\/NadiaCalvino?ref_src=twsrc%5Etfw\">@NadiaCalvino<\/a> en <a href=\"https:\/\/twitter.com\/Senadoesp?ref_src=twsrc%5Etfw\">@Senadoesp<\/a>:<\/p>\n<p>Solventar la pandemia de forma eficaz significa no s\u00f3lo frenar los contagios y reforzar nuestro sistema de salud, sino tambi\u00e9n proteger nuestro tejido productivo y nuestros empleos, y garantizar que nadie se queda atr\u00e1s.<\/p>\n<p>\ud83d\udcfd\ufe0f <a href=\"https:\/\/t.co\/uYdDMXbcvz\">pic.twitter.com\/uYdDMXbcvz<\/a><\/p>\n<p>\u2014 Asuntos Econ\u00f3micos y Transformaci\u00f3n Digital (@_minecogob) <a href=\"https:\/\/twitter.com\/_minecogob\/status\/1260950037770756099?ref_src=twsrc%5Etfw\">May 14, 2020<\/a><\/p><\/blockquote>\n<p><script async src=\"https:\/\/platform.twitter.com\/widgets.js\" charset=\"utf-8\"><\/script><\/p>\n<p>\u201cLas medidas impulsadas est\u00e1n dirigidas a permitir que las empresas, cuya actividad sea compatible con el teletrabajo, puedan mantener la actividad profesional, pero tambi\u00e9n se aplican al resto de \u00e1mbitos sociales y econ\u00f3micos\u201d, dice Delgado. Pone como ejemplo las herramientas y recursos digitales orientados a \u201cfacilitar que los centros educativos puedan mantener su actividad a distancia, una tarea en la que el Gobierno ya ven\u00eda trabajando para garantizar la igualdad de oportunidades\u201d.<\/p>\n<p>Asegura la senadora que durante esta crisis \u201cse ha puesto a\u00fan m\u00e1s evidencia que tambi\u00e9n existe una brecha social en materia digital\u201d, por lo que considera \u201cabsolutamente prioritario acabar con ella y facilitar a los ni\u00f1os materiales y conectividad para que puedan trabajar en casa, as\u00ed como impulsar la capacitaci\u00f3n digital a lo largo de toda la vida\u201d.<\/p>\n<p><iframe loading=\"lazy\" style=\"border: none; overflow: hidden;\" src=\"https:\/\/www.facebook.com\/plugins\/post.php?href=https%3A%2F%2Fwww.facebook.com%2Folivia.delgado.79%2Fposts%2F3204936066204154&amp;width=500\" width=\"500\" height=\"794\" frameborder=\"0\" scrolling=\"no\"><\/iframe><\/p>\n<p>En este contexto, el gobierno no ha parado los trabajos para avanzar en la digitalizaci\u00f3n del pa\u00eds, afirma, como se refleja con la puesta en marcha de un paquete de ayudas y un apoyo a la formaci\u00f3n por valor de m\u00e1s de 70 millones de euros; medidas enfocadas a aportar soluciones tecnol\u00f3gicas a los peque\u00f1os empresarios y aut\u00f3nomos y avanzar en la transformaci\u00f3n digital, \u201creforzando el compromiso de este Gobierno con las medianas y peque\u00f1as empresas\u201d.<\/p>\n<p>Estas acciones se suman el paquete de medidas desarrollado por el Ejecutivo central para garantizar la liquidez de las empresas, la protecci\u00f3n de las rentas de las familias y del empleo, con particular atenci\u00f3n a los trabajadores aut\u00f3nomos.<\/p>\n<blockquote class=\"twitter-tweet\">\n<p dir=\"ltr\" lang=\"es\">Esta es una crisis excepcional que requiere de medidas excepcionales y de la solidaridad colectiva.<\/p>\n<p>La prioridad es una red de seguridad para ciudadanos y trabajadores, sobre todo los aut\u00f3nomos, de los que se han beneficiado 1,3 millones.<\/p>\n<p>\ud83d\udde3\ufe0f<a href=\"https:\/\/twitter.com\/NadiaCalvino?ref_src=twsrc%5Etfw\">@NadiaCalvino<\/a> <a href=\"https:\/\/twitter.com\/hashtag\/NadieSeQuedaAtr%C3%A1s?src=hash&amp;ref_src=twsrc%5Etfw\">#NadieSeQuedaAtr\u00e1s<\/a> <a href=\"https:\/\/t.co\/pa5wjZPJ2E\">pic.twitter.com\/pa5wjZPJ2E<\/a><\/p>\n<p>\u2014 PSOE SENADO (@gpssenado) <a href=\"https:\/\/twitter.com\/gpssenado\/status\/1260944863224348678?ref_src=twsrc%5Etfw\">May 14, 2020<\/a><\/p><\/blockquote>\n<p><script async src=\"https:\/\/platform.twitter.com\/widgets.js\" charset=\"utf-8\"><\/script><\/p>\n<p>En cuanto al trabajo con aplicaci\u00f3n al \u00e1rea sanitaria, Olivia Delgado muestra su satisfacci\u00f3n con la labor realizada desde la Secretar\u00eda de Estado de Digitalizaci\u00f3n e Inteligencia Artificial en el desarrollo de varias herramientas, como el asistente conversacional Hispabot-Covid19 o la aplicaci\u00f3n m\u00f3vil de autodiagn\u00f3stico e informaci\u00f3n AsistenciaCOVID-19, \u201cdise\u00f1adas para dar respuesta a las inquietudes en materia sanitaria del conjunto de la poblaci\u00f3n\u201d, \u201cherramientas que han contribuido a descongestionar los servicios de atenci\u00f3n sanitaria\u201d.<\/p>\n<p>En la misma l\u00ednea, Delgado explica que la Secretar\u00eda de Estado, en colaboraci\u00f3n con el Instituto Nacional de Estad\u00edstica (INE), ha puesto en marcha un estudio de movilidad que, basado en el <em>big data<\/em>, analiza datos an\u00f3nimos y agregados de desplazamientos de la poblaci\u00f3n mientras dure la emergencia sanitaria, con el objetivo de tomar decisiones m\u00e1s eficientes durante el proceso de desescalada.<\/p>\n","protected":false},"excerpt":{"rendered":"<p>La senadora tinerfe\u00f1a asegura que el fin de esta estrategia es &#8220;garantizar la conectividad digital a todos los sectores&#8221; <\/p>\n","protected":false},"author":1,"featured_media":9820,"comment_status":"open","ping_status":"open","sticky":false,"template":"","format":"standard","meta":{"footnotes":""},"categories":[1197,1184,7],"tags":[1188,350,38],"class_list":["post-9819","post","type-post","status-publish","format-standard","has-post-thumbnail","hentry","category-cortes-generales","category-noticias","category-politica","tag-cortes-generales","tag-olivia-delgado","tag-senado"],"featured_image_src":"https:\/\/psoecanarias.com\/web\/wp-content\/uploads\/2020\/05\/olivia-ministra.jpg","author_info":{"display_name":"PSOE Canarias","author_link":"https:\/\/psoecanarias.com\/web\/author\/admin\/"},"yoast_head":"<!-- This site is optimized with the Yoast SEO plugin v27.2 - https:\/\/yoast.com\/product\/yoast-seo-wordpress\/ -->\n<title>Olivia Delgado valora la apuesta del Gobierno central por el desarrollo tecnol\u00f3gico | PSOE Canarias<\/title>\n<meta name=\"robots\" content=\"index, follow, max-snippet:-1, max-image-preview:large, max-video-preview:-1\" \/>\n<link rel=\"canonical\" href=\"https:\/\/psoecanarias.com\/web\/olivia-delgado-valora-la-apuesta-del-gobierno-central-por-el-desarrollo-tecnologico\/\" \/>\n<meta property=\"og:locale\" content=\"es_ES\" \/>\n<meta property=\"og:type\" content=\"article\" \/>\n<meta property=\"og:title\" content=\"Olivia Delgado valora la apuesta del Gobierno central por el desarrollo tecnol\u00f3gico | PSOE Canarias\" \/>\n<meta property=\"og:description\" content=\"La senadora tinerfe\u00f1a asegura que el fin de esta estrategia es &quot;garantizar la conectividad digital a todos los sectores&quot;\" \/>\n<meta property=\"og:url\" content=\"https:\/\/psoecanarias.com\/web\/olivia-delgado-valora-la-apuesta-del-gobierno-central-por-el-desarrollo-tecnologico\/\" \/>\n<meta property=\"og:site_name\" content=\"PSOE Canarias\" \/>\n<meta property=\"article:published_time\" content=\"2020-05-16T11:32:47+00:00\" \/>\n<meta property=\"article:modified_time\" content=\"2020-06-20T23:06:24+00:00\" \/>\n<meta property=\"og:image\" content=\"https:\/\/psoecanarias.com\/web\/wp-content\/uploads\/2020\/05\/olivia-ministra.jpg\" \/>\n\t<meta property=\"og:image:width\" content=\"888\" \/>\n\t<meta property=\"og:image:height\" content=\"672\" \/>\n\t<meta property=\"og:image:type\" content=\"image\/jpeg\" \/>\n<meta name=\"author\" content=\"PSOE Canarias\" \/>\n<meta name=\"twitter:card\" content=\"summary_large_image\" \/>\n<script type=\"application\/ld+json\" class=\"yoast-schema-graph\">{\"@context\":\"https:\/\/schema.org\",\"@graph\":[{\"@type\":\"Article\",\"@id\":\"https:\/\/psoecanarias.com\/web\/olivia-delgado-valora-la-apuesta-del-gobierno-central-por-el-desarrollo-tecnologico\/#article\",\"isPartOf\":{\"@id\":\"https:\/\/psoecanarias.com\/web\/olivia-delgado-valora-la-apuesta-del-gobierno-central-por-el-desarrollo-tecnologico\/\"},\"author\":{\"name\":\"PSOE Canarias\",\"@id\":\"https:\/\/psoecanarias.com\/web\/#\/schema\/person\/1ae43f9659d2fc599ca69c11e1dbf26f\"},\"headline\":\"Olivia Delgado valora la apuesta del Gobierno central por el desarrollo tecnol\u00f3gico\",\"datePublished\":\"2020-05-16T11:32:47+00:00\",\"dateModified\":\"2020-06-20T23:06:24+00:00\",\"mainEntityOfPage\":{\"@id\":\"https:\/\/psoecanarias.com\/web\/olivia-delgado-valora-la-apuesta-del-gobierno-central-por-el-desarrollo-tecnologico\/\"},\"wordCount\":658,\"commentCount\":0,\"image\":{\"@id\":\"https:\/\/psoecanarias.com\/web\/olivia-delgado-valora-la-apuesta-del-gobierno-central-por-el-desarrollo-tecnologico\/#primaryimage\"},\"thumbnailUrl\":\"https:\/\/psoecanarias.com\/web\/wp-content\/uploads\/2020\/05\/olivia-ministra.jpg\",\"keywords\":[\"Cortes Generales\",\"Olivia Delgado\",\"Senado\"],\"articleSection\":[\"Cortes Generales\",\"Noticias\",\"Pol\u00edtica\"],\"inLanguage\":\"es\",\"potentialAction\":[{\"@type\":\"CommentAction\",\"name\":\"Comment\",\"target\":[\"https:\/\/psoecanarias.com\/web\/olivia-delgado-valora-la-apuesta-del-gobierno-central-por-el-desarrollo-tecnologico\/#respond\"]}]},{\"@type\":\"WebPage\",\"@id\":\"https:\/\/psoecanarias.com\/web\/olivia-delgado-valora-la-apuesta-del-gobierno-central-por-el-desarrollo-tecnologico\/\",\"url\":\"https:\/\/psoecanarias.com\/web\/olivia-delgado-valora-la-apuesta-del-gobierno-central-por-el-desarrollo-tecnologico\/\",\"name\":\"Olivia Delgado valora la apuesta del Gobierno central por el desarrollo tecnol\u00f3gico | PSOE Canarias\",\"isPartOf\":{\"@id\":\"https:\/\/psoecanarias.com\/web\/#website\"},\"primaryImageOfPage\":{\"@id\":\"https:\/\/psoecanarias.com\/web\/olivia-delgado-valora-la-apuesta-del-gobierno-central-por-el-desarrollo-tecnologico\/#primaryimage\"},\"image\":{\"@id\":\"https:\/\/psoecanarias.com\/web\/olivia-delgado-valora-la-apuesta-del-gobierno-central-por-el-desarrollo-tecnologico\/#primaryimage\"},\"thumbnailUrl\":\"https:\/\/psoecanarias.com\/web\/wp-content\/uploads\/2020\/05\/olivia-ministra.jpg\",\"datePublished\":\"2020-05-16T11:32:47+00:00\",\"dateModified\":\"2020-06-20T23:06:24+00:00\",\"author\":{\"@id\":\"https:\/\/psoecanarias.com\/web\/#\/schema\/person\/1ae43f9659d2fc599ca69c11e1dbf26f\"},\"breadcrumb\":{\"@id\":\"https:\/\/psoecanarias.com\/web\/olivia-delgado-valora-la-apuesta-del-gobierno-central-por-el-desarrollo-tecnologico\/#breadcrumb\"},\"inLanguage\":\"es\",\"potentialAction\":[{\"@type\":\"ReadAction\",\"target\":[\"https:\/\/psoecanarias.com\/web\/olivia-delgado-valora-la-apuesta-del-gobierno-central-por-el-desarrollo-tecnologico\/\"]}]},{\"@type\":\"ImageObject\",\"inLanguage\":\"es\",\"@id\":\"https:\/\/psoecanarias.com\/web\/olivia-delgado-valora-la-apuesta-del-gobierno-central-por-el-desarrollo-tecnologico\/#primaryimage\",\"url\":\"https:\/\/psoecanarias.com\/web\/wp-content\/uploads\/2020\/05\/olivia-ministra.jpg\",\"contentUrl\":\"https:\/\/psoecanarias.com\/web\/wp-content\/uploads\/2020\/05\/olivia-ministra.jpg\",\"width\":888,\"height\":672},{\"@type\":\"BreadcrumbList\",\"@id\":\"https:\/\/psoecanarias.com\/web\/olivia-delgado-valora-la-apuesta-del-gobierno-central-por-el-desarrollo-tecnologico\/#breadcrumb\",\"itemListElement\":[{\"@type\":\"ListItem\",\"position\":1,\"name\":\"Portada\",\"item\":\"https:\/\/psoecanarias.com\/web\/\"},{\"@type\":\"ListItem\",\"position\":2,\"name\":\"Olivia Delgado valora la apuesta del Gobierno central por el desarrollo tecnol\u00f3gico\"}]},{\"@type\":\"WebSite\",\"@id\":\"https:\/\/psoecanarias.com\/web\/#website\",\"url\":\"https:\/\/psoecanarias.com\/web\/\",\"name\":\"PSOE Canarias\",\"description\":\"Partido Socialista Obrero Espa\u00f1ol Canarias\",\"potentialAction\":[{\"@type\":\"SearchAction\",\"target\":{\"@type\":\"EntryPoint\",\"urlTemplate\":\"https:\/\/psoecanarias.com\/web\/?s={search_term_string}\"},\"query-input\":{\"@type\":\"PropertyValueSpecification\",\"valueRequired\":true,\"valueName\":\"search_term_string\"}}],\"inLanguage\":\"es\"},{\"@type\":\"Person\",\"@id\":\"https:\/\/psoecanarias.com\/web\/#\/schema\/person\/1ae43f9659d2fc599ca69c11e1dbf26f\",\"name\":\"PSOE Canarias\",\"image\":{\"@type\":\"ImageObject\",\"inLanguage\":\"es\",\"@id\":\"https:\/\/secure.gravatar.com\/avatar\/4364d37f6f6f9cdb7af199b46151565f37d8a8c3c0e04c1d78c04e857a15e3a8?s=96&d=mm&r=g\",\"url\":\"https:\/\/secure.gravatar.com\/avatar\/4364d37f6f6f9cdb7af199b46151565f37d8a8c3c0e04c1d78c04e857a15e3a8?s=96&d=mm&r=g\",\"contentUrl\":\"https:\/\/secure.gravatar.com\/avatar\/4364d37f6f6f9cdb7af199b46151565f37d8a8c3c0e04c1d78c04e857a15e3a8?s=96&d=mm&r=g\",\"caption\":\"PSOE Canarias\"},\"url\":\"https:\/\/psoecanarias.com\/web\/author\/admin\/\"}]}<\/script>\n<!-- \/ Yoast SEO plugin. -->","yoast_head_json":{"title":"Olivia Delgado valora la apuesta del Gobierno central por el desarrollo tecnol\u00f3gico | PSOE Canarias","robots":{"index":"index","follow":"follow","max-snippet":"max-snippet:-1","max-image-preview":"max-image-preview:large","max-video-preview":"max-video-preview:-1"},"canonical":"https:\/\/psoecanarias.com\/web\/olivia-delgado-valora-la-apuesta-del-gobierno-central-por-el-desarrollo-tecnologico\/","og_locale":"es_ES","og_type":"article","og_title":"Olivia Delgado valora la apuesta del Gobierno central por el desarrollo tecnol\u00f3gico | PSOE Canarias","og_description":"La senadora tinerfe\u00f1a asegura que el fin de esta estrategia es \"garantizar la conectividad digital a todos los sectores\"","og_url":"https:\/\/psoecanarias.com\/web\/olivia-delgado-valora-la-apuesta-del-gobierno-central-por-el-desarrollo-tecnologico\/","og_site_name":"PSOE Canarias","article_published_time":"2020-05-16T11:32:47+00:00","article_modified_time":"2020-06-20T23:06:24+00:00","og_image":[{"width":888,"height":672,"url":"https:\/\/psoecanarias.com\/web\/wp-content\/uploads\/2020\/05\/olivia-ministra.jpg","type":"image\/jpeg"}],"author":"PSOE Canarias","twitter_card":"summary_large_image","schema":{"@context":"https:\/\/schema.org","@graph":[{"@type":"Article","@id":"https:\/\/psoecanarias.com\/web\/olivia-delgado-valora-la-apuesta-del-gobierno-central-por-el-desarrollo-tecnologico\/#article","isPartOf":{"@id":"https:\/\/psoecanarias.com\/web\/olivia-delgado-valora-la-apuesta-del-gobierno-central-por-el-desarrollo-tecnologico\/"},"author":{"name":"PSOE Canarias","@id":"https:\/\/psoecanarias.com\/web\/#\/schema\/person\/1ae43f9659d2fc599ca69c11e1dbf26f"},"headline":"Olivia Delgado valora la apuesta del Gobierno central por el desarrollo tecnol\u00f3gico","datePublished":"2020-05-16T11:32:47+00:00","dateModified":"2020-06-20T23:06:24+00:00","mainEntityOfPage":{"@id":"https:\/\/psoecanarias.com\/web\/olivia-delgado-valora-la-apuesta-del-gobierno-central-por-el-desarrollo-tecnologico\/"},"wordCount":658,"commentCount":0,"image":{"@id":"https:\/\/psoecanarias.com\/web\/olivia-delgado-valora-la-apuesta-del-gobierno-central-por-el-desarrollo-tecnologico\/#primaryimage"},"thumbnailUrl":"https:\/\/psoecanarias.com\/web\/wp-content\/uploads\/2020\/05\/olivia-ministra.jpg","keywords":["Cortes Generales","Olivia Delgado","Senado"],"articleSection":["Cortes Generales","Noticias","Pol\u00edtica"],"inLanguage":"es","potentialAction":[{"@type":"CommentAction","name":"Comment","target":["https:\/\/psoecanarias.com\/web\/olivia-delgado-valora-la-apuesta-del-gobierno-central-por-el-desarrollo-tecnologico\/#respond"]}]},{"@type":"WebPage","@id":"https:\/\/psoecanarias.com\/web\/olivia-delgado-valora-la-apuesta-del-gobierno-central-por-el-desarrollo-tecnologico\/","url":"https:\/\/psoecanarias.com\/web\/olivia-delgado-valora-la-apuesta-del-gobierno-central-por-el-desarrollo-tecnologico\/","name":"Olivia Delgado valora la apuesta del Gobierno central por el desarrollo tecnol\u00f3gico | PSOE Canarias","isPartOf":{"@id":"https:\/\/psoecanarias.com\/web\/#website"},"primaryImageOfPage":{"@id":"https:\/\/psoecanarias.com\/web\/olivia-delgado-valora-la-apuesta-del-gobierno-central-por-el-desarrollo-tecnologico\/#primaryimage"},"image":{"@id":"https:\/\/psoecanarias.com\/web\/olivia-delgado-valora-la-apuesta-del-gobierno-central-por-el-desarrollo-tecnologico\/#primaryimage"},"thumbnailUrl":"https:\/\/psoecanarias.com\/web\/wp-content\/uploads\/2020\/05\/olivia-ministra.jpg","datePublished":"2020-05-16T11:32:47+00:00","dateModified":"2020-06-20T23:06:24+00:00","author":{"@id":"https:\/\/psoecanarias.com\/web\/#\/schema\/person\/1ae43f9659d2fc599ca69c11e1dbf26f"},"breadcrumb":{"@id":"https:\/\/psoecanarias.com\/web\/olivia-delgado-valora-la-apuesta-del-gobierno-central-por-el-desarrollo-tecnologico\/#breadcrumb"},"inLanguage":"es","potentialAction":[{"@type":"ReadAction","target":["https:\/\/psoecanarias.com\/web\/olivia-delgado-valora-la-apuesta-del-gobierno-central-por-el-desarrollo-tecnologico\/"]}]},{"@type":"ImageObject","inLanguage":"es","@id":"https:\/\/psoecanarias.com\/web\/olivia-delgado-valora-la-apuesta-del-gobierno-central-por-el-desarrollo-tecnologico\/#primaryimage","url":"https:\/\/psoecanarias.com\/web\/wp-content\/uploads\/2020\/05\/olivia-ministra.jpg","contentUrl":"https:\/\/psoecanarias.com\/web\/wp-content\/uploads\/2020\/05\/olivia-ministra.jpg","width":888,"height":672},{"@type":"BreadcrumbList","@id":"https:\/\/psoecanarias.com\/web\/olivia-delgado-valora-la-apuesta-del-gobierno-central-por-el-desarrollo-tecnologico\/#breadcrumb","itemListElement":[{"@type":"ListItem","position":1,"name":"Portada","item":"https:\/\/psoecanarias.com\/web\/"},{"@type":"ListItem","position":2,"name":"Olivia Delgado valora la apuesta del Gobierno central por el desarrollo tecnol\u00f3gico"}]},{"@type":"WebSite","@id":"https:\/\/psoecanarias.com\/web\/#website","url":"https:\/\/psoecanarias.com\/web\/","name":"PSOE Canarias","description":"Partido Socialista Obrero Espa\u00f1ol Canarias","potentialAction":[{"@type":"SearchAction","target":{"@type":"EntryPoint","urlTemplate":"https:\/\/psoecanarias.com\/web\/?s={search_term_string}"},"query-input":{"@type":"PropertyValueSpecification","valueRequired":true,"valueName":"search_term_string"}}],"inLanguage":"es"},{"@type":"Person","@id":"https:\/\/psoecanarias.com\/web\/#\/schema\/person\/1ae43f9659d2fc599ca69c11e1dbf26f","name":"PSOE Canarias","image":{"@type":"ImageObject","inLanguage":"es","@id":"https:\/\/secure.gravatar.com\/avatar\/4364d37f6f6f9cdb7af199b46151565f37d8a8c3c0e04c1d78c04e857a15e3a8?s=96&d=mm&r=g","url":"https:\/\/secure.gravatar.com\/avatar\/4364d37f6f6f9cdb7af199b46151565f37d8a8c3c0e04c1d78c04e857a15e3a8?s=96&d=mm&r=g","contentUrl":"https:\/\/secure.gravatar.com\/avatar\/4364d37f6f6f9cdb7af199b46151565f37d8a8c3c0e04c1d78c04e857a15e3a8?s=96&d=mm&r=g","caption":"PSOE Canarias"},"url":"https:\/\/psoecanarias.com\/web\/author\/admin\/"}]}},"_links":{"self":[{"href":"https:\/\/psoecanarias.com\/web\/wp-json\/wp\/v2\/posts\/9819","targetHints":{"allow":["GET"]}}],"collection":[{"href":"https:\/\/psoecanarias.com\/web\/wp-json\/wp\/v2\/posts"}],"about":[{"href":"https:\/\/psoecanarias.com\/web\/wp-json\/wp\/v2\/types\/post"}],"author":[{"embeddable":true,"href":"https:\/\/psoecanarias.com\/web\/wp-json\/wp\/v2\/users\/1"}],"replies":[{"embeddable":true,"href":"https:\/\/psoecanarias.com\/web\/wp-json\/wp\/v2\/comments?post=9819"}],"version-history":[{"count":7,"href":"https:\/\/psoecanarias.com\/web\/wp-json\/wp\/v2\/posts\/9819\/revisions"}],"predecessor-version":[{"id":9827,"href":"https:\/\/psoecanarias.com\/web\/wp-json\/wp\/v2\/posts\/9819\/revisions\/9827"}],"wp:featuredmedia":[{"embeddable":true,"href":"https:\/\/psoecanarias.com\/web\/wp-json\/wp\/v2\/media\/9820"}],"wp:attachment":[{"href":"https:\/\/psoecanarias.com\/web\/wp-json\/wp\/v2\/media?parent=9819"}],"wp:term":[{"taxonomy":"category","embeddable":true,"href":"https:\/\/psoecanarias.com\/web\/wp-json\/wp\/v2\/categories?post=9819"},{"taxonomy":"post_tag","embeddable":true,"href":"https:\/\/psoecanarias.com\/web\/wp-json\/wp\/v2\/tags?post=9819"}],"curies":[{"name":"wp","href":"https:\/\/api.w.org\/{rel}","templated":true}]}}