{"id":9897,"date":"2020-05-19T17:56:34","date_gmt":"2020-05-19T16:56:34","guid":{"rendered":"http:\/\/psoecanarias.com\/web\/?p=9897"},"modified":"2020-06-22T16:14:00","modified_gmt":"2020-06-22T15:14:00","slug":"los-senadores-socialistas-se-interesan-por-la-situacion-de-los-colectivos-mas-desfavorecidos","status":"publish","type":"post","link":"https:\/\/psoecanarias.com\/web\/los-senadores-socialistas-se-interesan-por-la-situacion-de-los-colectivos-mas-desfavorecidos\/","title":{"rendered":"Los senadores socialistas se interesan por la situaci\u00f3n de los colectivos m\u00e1s desfavorecidos"},"content":{"rendered":"<p><strong>Canarias, 19 de mayo de 2020.-<\/strong> Una representaci\u00f3n del Grupo Territorial Socialistas de Canarias en el Senado ha mantenido un encuentro con miembros del Colegio Profesional de Trabajo Social de Las Palmas para conocer el trabajo y la visi\u00f3n que estos profesionales tienen de la actual crisis social derivada de la COVID-19.<\/p>\n<p>\u201cEste encuentro nos ha permitido conocer de primera mano cu\u00e1l es la situaci\u00f3n vital de los colectivos m\u00e1s vulnerables como consecuencia de la crisis socioecon\u00f3mica generada por el impacto de la pandemia sanitaria, situaci\u00f3n que en Canarias se torna a\u00fan m\u00e1s extrema debido a los altos niveles de riesgo de pobreza y exclusi\u00f3n y las elevadas tasas de paro que ya ten\u00eda el Archipi\u00e9lago con respecto al resto del Estado\u201d, han se\u00f1alado los senadores Olivia Delgado, por Tenerife, Ram\u00f3n Morales, por Gran Canaria, Esther Carmona, por El Hierro, y Paloma Hern\u00e1ndez, por Fuerteventura.<\/p>\n<p>Asimismo, los representantes pol\u00edticos han explicado que la labor que desarrollan los profesionales de esta \u00e1rea es fundamental en estos momentos, porque adem\u00e1s trabajan e intervienen en \u00e1mbitos muy diversos como son el de la salud, la educaci\u00f3n, los servicios sociales o el penitenciario, lo que les ha permitido realizar un an\u00e1lisis de estas m\u00faltiples realidades.<\/p>\n<p>Sobre el Ingreso M\u00ednimo Vital, los senadores trasladaron al colectivo que esta ayuda era un compromiso del partido socialista para esta legislatura, que se ha acelerado dado la situaci\u00f3n actual. En este sentido, los representantes pol\u00edticos explicaron que seg\u00fan el calendario establecido por el Estado, esta ayuda se aprobar\u00e1 en pr\u00f3ximas semanas en el Consejo de Ministros.<\/p>\n<p>Desde el Colegio de Trabajo Social se mostraron satisfechos con el Ingreso M\u00ednimo Vital por considerarlo \u201cun buen comienzo y por ser, adem\u00e1s, una inversi\u00f3n que repercutir\u00e1 positivamente en la econom\u00eda\u201d.<\/p>\n<p>Por \u00faltimo, durante la reuni\u00f3n, se analiz\u00f3 la necesidad de garantizar recursos para las personas sin hogar y para el \u00e1rea de servicios sociales y dependencia. En este sentido, los senadores socialistas trasladaron al colectivo que el Consejo de Ministros analizar\u00e1 la aprobaci\u00f3n de una ley marco de Servicios Sociales para garantizar unas prestaciones m\u00ednimas en todo el Estado y reforzar e impulsar la ley de dependencia.<\/p>\n","protected":false},"excerpt":{"rendered":"<p>Una representaci\u00f3n del Grupo Territorial se entrevista con miembros del Colegio Profesional de Trabajo Social de LP<\/p>\n","protected":false},"author":1,"featured_media":9898,"comment_status":"open","ping_status":"open","sticky":false,"template":"","format":"standard","meta":{"footnotes":""},"categories":[1197,1184,7],"tags":[1188,1194,350,1193,1192,38],"class_list":["post-9897","post","type-post","status-publish","format-standard","has-post-thumbnail","hentry","category-cortes-generales","category-noticias","category-politica","tag-cortes-generales","tag-esther-carmona","tag-olivia-delgado","tag-paloma-hernandez","tag-ramon-morales","tag-senado"],"featured_image_src":"https:\/\/psoecanarias.com\/web\/wp-content\/uploads\/2020\/05\/WhatsApp-Image-2020-05-17-at-18.19.19.jpeg","author_info":{"display_name":"PSOE Canarias","author_link":"https:\/\/psoecanarias.com\/web\/author\/admin\/"},"yoast_head":"<!-- This site is optimized with the Yoast SEO plugin v27.2 - https:\/\/yoast.com\/product\/yoast-seo-wordpress\/ -->\n<title>Los senadores socialistas se interesan por la situaci\u00f3n de los colectivos m\u00e1s desfavorecidos | PSOE Canarias<\/title>\n<meta name=\"robots\" content=\"index, follow, max-snippet:-1, max-image-preview:large, max-video-preview:-1\" \/>\n<link rel=\"canonical\" href=\"https:\/\/psoecanarias.com\/web\/los-senadores-socialistas-se-interesan-por-la-situacion-de-los-colectivos-mas-desfavorecidos\/\" \/>\n<meta property=\"og:locale\" content=\"es_ES\" \/>\n<meta property=\"og:type\" content=\"article\" \/>\n<meta property=\"og:title\" content=\"Los senadores socialistas se interesan por la situaci\u00f3n de los colectivos m\u00e1s desfavorecidos | PSOE Canarias\" \/>\n<meta property=\"og:description\" content=\"Una representaci\u00f3n del Grupo Territorial se entrevista con miembros del Colegio Profesional de Trabajo Social de LP\" \/>\n<meta property=\"og:url\" content=\"https:\/\/psoecanarias.com\/web\/los-senadores-socialistas-se-interesan-por-la-situacion-de-los-colectivos-mas-desfavorecidos\/\" \/>\n<meta property=\"og:site_name\" content=\"PSOE Canarias\" \/>\n<meta property=\"article:published_time\" content=\"2020-05-19T16:56:34+00:00\" \/>\n<meta property=\"article:modified_time\" content=\"2020-06-22T15:14:00+00:00\" \/>\n<meta property=\"og:image\" content=\"https:\/\/psoecanarias.com\/web\/wp-content\/uploads\/2020\/05\/WhatsApp-Image-2020-05-17-at-18.19.19.jpeg\" \/>\n\t<meta property=\"og:image:width\" content=\"1419\" \/>\n\t<meta property=\"og:image:height\" content=\"672\" \/>\n\t<meta property=\"og:image:type\" content=\"image\/jpeg\" \/>\n<meta name=\"author\" content=\"PSOE Canarias\" \/>\n<meta name=\"twitter:card\" content=\"summary_large_image\" \/>\n<script type=\"application\/ld+json\" class=\"yoast-schema-graph\">{\"@context\":\"https:\/\/schema.org\",\"@graph\":[{\"@type\":\"Article\",\"@id\":\"https:\/\/psoecanarias.com\/web\/los-senadores-socialistas-se-interesan-por-la-situacion-de-los-colectivos-mas-desfavorecidos\/#article\",\"isPartOf\":{\"@id\":\"https:\/\/psoecanarias.com\/web\/los-senadores-socialistas-se-interesan-por-la-situacion-de-los-colectivos-mas-desfavorecidos\/\"},\"author\":{\"name\":\"PSOE Canarias\",\"@id\":\"https:\/\/psoecanarias.com\/web\/#\/schema\/person\/1ae43f9659d2fc599ca69c11e1dbf26f\"},\"headline\":\"Los senadores socialistas se interesan por la situaci\u00f3n de los colectivos m\u00e1s desfavorecidos\",\"datePublished\":\"2020-05-19T16:56:34+00:00\",\"dateModified\":\"2020-06-22T15:14:00+00:00\",\"mainEntityOfPage\":{\"@id\":\"https:\/\/psoecanarias.com\/web\/los-senadores-socialistas-se-interesan-por-la-situacion-de-los-colectivos-mas-desfavorecidos\/\"},\"wordCount\":402,\"commentCount\":0,\"image\":{\"@id\":\"https:\/\/psoecanarias.com\/web\/los-senadores-socialistas-se-interesan-por-la-situacion-de-los-colectivos-mas-desfavorecidos\/#primaryimage\"},\"thumbnailUrl\":\"https:\/\/psoecanarias.com\/web\/wp-content\/uploads\/2020\/05\/WhatsApp-Image-2020-05-17-at-18.19.19.jpeg\",\"keywords\":[\"Cortes Generales\",\"Esther Carmona\",\"Olivia Delgado\",\"Paloma Hern\u00e1ndez\",\"Ram\u00f3n Morales\",\"Senado\"],\"articleSection\":[\"Cortes Generales\",\"Noticias\",\"Pol\u00edtica\"],\"inLanguage\":\"es\",\"potentialAction\":[{\"@type\":\"CommentAction\",\"name\":\"Comment\",\"target\":[\"https:\/\/psoecanarias.com\/web\/los-senadores-socialistas-se-interesan-por-la-situacion-de-los-colectivos-mas-desfavorecidos\/#respond\"]}]},{\"@type\":\"WebPage\",\"@id\":\"https:\/\/psoecanarias.com\/web\/los-senadores-socialistas-se-interesan-por-la-situacion-de-los-colectivos-mas-desfavorecidos\/\",\"url\":\"https:\/\/psoecanarias.com\/web\/los-senadores-socialistas-se-interesan-por-la-situacion-de-los-colectivos-mas-desfavorecidos\/\",\"name\":\"Los senadores socialistas se interesan por la situaci\u00f3n de los colectivos m\u00e1s desfavorecidos | PSOE Canarias\",\"isPartOf\":{\"@id\":\"https:\/\/psoecanarias.com\/web\/#website\"},\"primaryImageOfPage\":{\"@id\":\"https:\/\/psoecanarias.com\/web\/los-senadores-socialistas-se-interesan-por-la-situacion-de-los-colectivos-mas-desfavorecidos\/#primaryimage\"},\"image\":{\"@id\":\"https:\/\/psoecanarias.com\/web\/los-senadores-socialistas-se-interesan-por-la-situacion-de-los-colectivos-mas-desfavorecidos\/#primaryimage\"},\"thumbnailUrl\":\"https:\/\/psoecanarias.com\/web\/wp-content\/uploads\/2020\/05\/WhatsApp-Image-2020-05-17-at-18.19.19.jpeg\",\"datePublished\":\"2020-05-19T16:56:34+00:00\",\"dateModified\":\"2020-06-22T15:14:00+00:00\",\"author\":{\"@id\":\"https:\/\/psoecanarias.com\/web\/#\/schema\/person\/1ae43f9659d2fc599ca69c11e1dbf26f\"},\"breadcrumb\":{\"@id\":\"https:\/\/psoecanarias.com\/web\/los-senadores-socialistas-se-interesan-por-la-situacion-de-los-colectivos-mas-desfavorecidos\/#breadcrumb\"},\"inLanguage\":\"es\",\"potentialAction\":[{\"@type\":\"ReadAction\",\"target\":[\"https:\/\/psoecanarias.com\/web\/los-senadores-socialistas-se-interesan-por-la-situacion-de-los-colectivos-mas-desfavorecidos\/\"]}]},{\"@type\":\"ImageObject\",\"inLanguage\":\"es\",\"@id\":\"https:\/\/psoecanarias.com\/web\/los-senadores-socialistas-se-interesan-por-la-situacion-de-los-colectivos-mas-desfavorecidos\/#primaryimage\",\"url\":\"https:\/\/psoecanarias.com\/web\/wp-content\/uploads\/2020\/05\/WhatsApp-Image-2020-05-17-at-18.19.19.jpeg\",\"contentUrl\":\"https:\/\/psoecanarias.com\/web\/wp-content\/uploads\/2020\/05\/WhatsApp-Image-2020-05-17-at-18.19.19.jpeg\",\"width\":1419,\"height\":672},{\"@type\":\"BreadcrumbList\",\"@id\":\"https:\/\/psoecanarias.com\/web\/los-senadores-socialistas-se-interesan-por-la-situacion-de-los-colectivos-mas-desfavorecidos\/#breadcrumb\",\"itemListElement\":[{\"@type\":\"ListItem\",\"position\":1,\"name\":\"Portada\",\"item\":\"https:\/\/psoecanarias.com\/web\/\"},{\"@type\":\"ListItem\",\"position\":2,\"name\":\"Los senadores socialistas se interesan por la situaci\u00f3n de los colectivos m\u00e1s desfavorecidos\"}]},{\"@type\":\"WebSite\",\"@id\":\"https:\/\/psoecanarias.com\/web\/#website\",\"url\":\"https:\/\/psoecanarias.com\/web\/\",\"name\":\"PSOE Canarias\",\"description\":\"Partido Socialista Obrero Espa\u00f1ol Canarias\",\"potentialAction\":[{\"@type\":\"SearchAction\",\"target\":{\"@type\":\"EntryPoint\",\"urlTemplate\":\"https:\/\/psoecanarias.com\/web\/?s={search_term_string}\"},\"query-input\":{\"@type\":\"PropertyValueSpecification\",\"valueRequired\":true,\"valueName\":\"search_term_string\"}}],\"inLanguage\":\"es\"},{\"@type\":\"Person\",\"@id\":\"https:\/\/psoecanarias.com\/web\/#\/schema\/person\/1ae43f9659d2fc599ca69c11e1dbf26f\",\"name\":\"PSOE Canarias\",\"image\":{\"@type\":\"ImageObject\",\"inLanguage\":\"es\",\"@id\":\"https:\/\/secure.gravatar.com\/avatar\/4364d37f6f6f9cdb7af199b46151565f37d8a8c3c0e04c1d78c04e857a15e3a8?s=96&d=mm&r=g\",\"url\":\"https:\/\/secure.gravatar.com\/avatar\/4364d37f6f6f9cdb7af199b46151565f37d8a8c3c0e04c1d78c04e857a15e3a8?s=96&d=mm&r=g\",\"contentUrl\":\"https:\/\/secure.gravatar.com\/avatar\/4364d37f6f6f9cdb7af199b46151565f37d8a8c3c0e04c1d78c04e857a15e3a8?s=96&d=mm&r=g\",\"caption\":\"PSOE Canarias\"},\"url\":\"https:\/\/psoecanarias.com\/web\/author\/admin\/\"}]}<\/script>\n<!-- \/ Yoast SEO plugin. -->","yoast_head_json":{"title":"Los senadores socialistas se interesan por la situaci\u00f3n de los colectivos m\u00e1s desfavorecidos | PSOE Canarias","robots":{"index":"index","follow":"follow","max-snippet":"max-snippet:-1","max-image-preview":"max-image-preview:large","max-video-preview":"max-video-preview:-1"},"canonical":"https:\/\/psoecanarias.com\/web\/los-senadores-socialistas-se-interesan-por-la-situacion-de-los-colectivos-mas-desfavorecidos\/","og_locale":"es_ES","og_type":"article","og_title":"Los senadores socialistas se interesan por la situaci\u00f3n de los colectivos m\u00e1s desfavorecidos | PSOE Canarias","og_description":"Una representaci\u00f3n del Grupo Territorial se entrevista con miembros del Colegio Profesional de Trabajo Social de LP","og_url":"https:\/\/psoecanarias.com\/web\/los-senadores-socialistas-se-interesan-por-la-situacion-de-los-colectivos-mas-desfavorecidos\/","og_site_name":"PSOE Canarias","article_published_time":"2020-05-19T16:56:34+00:00","article_modified_time":"2020-06-22T15:14:00+00:00","og_image":[{"width":1419,"height":672,"url":"https:\/\/psoecanarias.com\/web\/wp-content\/uploads\/2020\/05\/WhatsApp-Image-2020-05-17-at-18.19.19.jpeg","type":"image\/jpeg"}],"author":"PSOE Canarias","twitter_card":"summary_large_image","schema":{"@context":"https:\/\/schema.org","@graph":[{"@type":"Article","@id":"https:\/\/psoecanarias.com\/web\/los-senadores-socialistas-se-interesan-por-la-situacion-de-los-colectivos-mas-desfavorecidos\/#article","isPartOf":{"@id":"https:\/\/psoecanarias.com\/web\/los-senadores-socialistas-se-interesan-por-la-situacion-de-los-colectivos-mas-desfavorecidos\/"},"author":{"name":"PSOE Canarias","@id":"https:\/\/psoecanarias.com\/web\/#\/schema\/person\/1ae43f9659d2fc599ca69c11e1dbf26f"},"headline":"Los senadores socialistas se interesan por la situaci\u00f3n de los colectivos m\u00e1s desfavorecidos","datePublished":"2020-05-19T16:56:34+00:00","dateModified":"2020-06-22T15:14:00+00:00","mainEntityOfPage":{"@id":"https:\/\/psoecanarias.com\/web\/los-senadores-socialistas-se-interesan-por-la-situacion-de-los-colectivos-mas-desfavorecidos\/"},"wordCount":402,"commentCount":0,"image":{"@id":"https:\/\/psoecanarias.com\/web\/los-senadores-socialistas-se-interesan-por-la-situacion-de-los-colectivos-mas-desfavorecidos\/#primaryimage"},"thumbnailUrl":"https:\/\/psoecanarias.com\/web\/wp-content\/uploads\/2020\/05\/WhatsApp-Image-2020-05-17-at-18.19.19.jpeg","keywords":["Cortes Generales","Esther Carmona","Olivia Delgado","Paloma Hern\u00e1ndez","Ram\u00f3n Morales","Senado"],"articleSection":["Cortes Generales","Noticias","Pol\u00edtica"],"inLanguage":"es","potentialAction":[{"@type":"CommentAction","name":"Comment","target":["https:\/\/psoecanarias.com\/web\/los-senadores-socialistas-se-interesan-por-la-situacion-de-los-colectivos-mas-desfavorecidos\/#respond"]}]},{"@type":"WebPage","@id":"https:\/\/psoecanarias.com\/web\/los-senadores-socialistas-se-interesan-por-la-situacion-de-los-colectivos-mas-desfavorecidos\/","url":"https:\/\/psoecanarias.com\/web\/los-senadores-socialistas-se-interesan-por-la-situacion-de-los-colectivos-mas-desfavorecidos\/","name":"Los senadores socialistas se interesan por la situaci\u00f3n de los colectivos m\u00e1s desfavorecidos | PSOE Canarias","isPartOf":{"@id":"https:\/\/psoecanarias.com\/web\/#website"},"primaryImageOfPage":{"@id":"https:\/\/psoecanarias.com\/web\/los-senadores-socialistas-se-interesan-por-la-situacion-de-los-colectivos-mas-desfavorecidos\/#primaryimage"},"image":{"@id":"https:\/\/psoecanarias.com\/web\/los-senadores-socialistas-se-interesan-por-la-situacion-de-los-colectivos-mas-desfavorecidos\/#primaryimage"},"thumbnailUrl":"https:\/\/psoecanarias.com\/web\/wp-content\/uploads\/2020\/05\/WhatsApp-Image-2020-05-17-at-18.19.19.jpeg","datePublished":"2020-05-19T16:56:34+00:00","dateModified":"2020-06-22T15:14:00+00:00","author":{"@id":"https:\/\/psoecanarias.com\/web\/#\/schema\/person\/1ae43f9659d2fc599ca69c11e1dbf26f"},"breadcrumb":{"@id":"https:\/\/psoecanarias.com\/web\/los-senadores-socialistas-se-interesan-por-la-situacion-de-los-colectivos-mas-desfavorecidos\/#breadcrumb"},"inLanguage":"es","potentialAction":[{"@type":"ReadAction","target":["https:\/\/psoecanarias.com\/web\/los-senadores-socialistas-se-interesan-por-la-situacion-de-los-colectivos-mas-desfavorecidos\/"]}]},{"@type":"ImageObject","inLanguage":"es","@id":"https:\/\/psoecanarias.com\/web\/los-senadores-socialistas-se-interesan-por-la-situacion-de-los-colectivos-mas-desfavorecidos\/#primaryimage","url":"https:\/\/psoecanarias.com\/web\/wp-content\/uploads\/2020\/05\/WhatsApp-Image-2020-05-17-at-18.19.19.jpeg","contentUrl":"https:\/\/psoecanarias.com\/web\/wp-content\/uploads\/2020\/05\/WhatsApp-Image-2020-05-17-at-18.19.19.jpeg","width":1419,"height":672},{"@type":"BreadcrumbList","@id":"https:\/\/psoecanarias.com\/web\/los-senadores-socialistas-se-interesan-por-la-situacion-de-los-colectivos-mas-desfavorecidos\/#breadcrumb","itemListElement":[{"@type":"ListItem","position":1,"name":"Portada","item":"https:\/\/psoecanarias.com\/web\/"},{"@type":"ListItem","position":2,"name":"Los senadores socialistas se interesan por la situaci\u00f3n de los colectivos m\u00e1s desfavorecidos"}]},{"@type":"WebSite","@id":"https:\/\/psoecanarias.com\/web\/#website","url":"https:\/\/psoecanarias.com\/web\/","name":"PSOE Canarias","description":"Partido Socialista Obrero Espa\u00f1ol Canarias","potentialAction":[{"@type":"SearchAction","target":{"@type":"EntryPoint","urlTemplate":"https:\/\/psoecanarias.com\/web\/?s={search_term_string}"},"query-input":{"@type":"PropertyValueSpecification","valueRequired":true,"valueName":"search_term_string"}}],"inLanguage":"es"},{"@type":"Person","@id":"https:\/\/psoecanarias.com\/web\/#\/schema\/person\/1ae43f9659d2fc599ca69c11e1dbf26f","name":"PSOE Canarias","image":{"@type":"ImageObject","inLanguage":"es","@id":"https:\/\/secure.gravatar.com\/avatar\/4364d37f6f6f9cdb7af199b46151565f37d8a8c3c0e04c1d78c04e857a15e3a8?s=96&d=mm&r=g","url":"https:\/\/secure.gravatar.com\/avatar\/4364d37f6f6f9cdb7af199b46151565f37d8a8c3c0e04c1d78c04e857a15e3a8?s=96&d=mm&r=g","contentUrl":"https:\/\/secure.gravatar.com\/avatar\/4364d37f6f6f9cdb7af199b46151565f37d8a8c3c0e04c1d78c04e857a15e3a8?s=96&d=mm&r=g","caption":"PSOE Canarias"},"url":"https:\/\/psoecanarias.com\/web\/author\/admin\/"}]}},"_links":{"self":[{"href":"https:\/\/psoecanarias.com\/web\/wp-json\/wp\/v2\/posts\/9897","targetHints":{"allow":["GET"]}}],"collection":[{"href":"https:\/\/psoecanarias.com\/web\/wp-json\/wp\/v2\/posts"}],"about":[{"href":"https:\/\/psoecanarias.com\/web\/wp-json\/wp\/v2\/types\/post"}],"author":[{"embeddable":true,"href":"https:\/\/psoecanarias.com\/web\/wp-json\/wp\/v2\/users\/1"}],"replies":[{"embeddable":true,"href":"https:\/\/psoecanarias.com\/web\/wp-json\/wp\/v2\/comments?post=9897"}],"version-history":[{"count":4,"href":"https:\/\/psoecanarias.com\/web\/wp-json\/wp\/v2\/posts\/9897\/revisions"}],"predecessor-version":[{"id":9902,"href":"https:\/\/psoecanarias.com\/web\/wp-json\/wp\/v2\/posts\/9897\/revisions\/9902"}],"wp:featuredmedia":[{"embeddable":true,"href":"https:\/\/psoecanarias.com\/web\/wp-json\/wp\/v2\/media\/9898"}],"wp:attachment":[{"href":"https:\/\/psoecanarias.com\/web\/wp-json\/wp\/v2\/media?parent=9897"}],"wp:term":[{"taxonomy":"category","embeddable":true,"href":"https:\/\/psoecanarias.com\/web\/wp-json\/wp\/v2\/categories?post=9897"},{"taxonomy":"post_tag","embeddable":true,"href":"https:\/\/psoecanarias.com\/web\/wp-json\/wp\/v2\/tags?post=9897"}],"curies":[{"name":"wp","href":"https:\/\/api.w.org\/{rel}","templated":true}]}}